{"id":759472,"date":"2025-09-08T16:39:58","date_gmt":"2025-09-08T14:39:58","guid":{"rendered":"https:\/\/www.hashtag.al\/?p=759472"},"modified":"2025-09-08T16:39:58","modified_gmt":"2025-09-08T14:39:58","slug":"begaj-dekreton-nisjen-e-sesionit-te-ri-parlamentar-bardhi-presidenti-sillet-si-minister-i-rames","status":"publish","type":"post","link":"https:\/\/www.hashtag.al\/index.php\/2025\/09\/08\/begaj-dekreton-nisjen-e-sesionit-te-ri-parlamentar-bardhi-presidenti-sillet-si-minister-i-rames\/","title":{"rendered":"Begaj dekreton nisjen e sesionit t\u00eb ri parlamentar, Bardhi: Presidenti sillet si minist\u00ebr i Ram\u00ebs","gt_translate_keys":[{"key":"rendered","format":"text"}]},"content":{"rendered":"<p><span style=\"color: #000000;\"><img loading=\"lazy\" decoding=\"async\" class=\"alignnone size-medium wp-image-724583\" src=\"https:\/\/www.hashtag.al\/wp-content\/uploads\/2025\/02\/bardhi-1-300x158.png\" alt=\"\" width=\"300\" height=\"158\" srcset=\"https:\/\/www.hashtag.al\/wp-content\/uploads\/2025\/02\/bardhi-1-300x158.png 300w, https:\/\/www.hashtag.al\/wp-content\/uploads\/2025\/02\/bardhi-1-1024x538.png 1024w, https:\/\/www.hashtag.al\/wp-content\/uploads\/2025\/02\/bardhi-1-768x403.png 768w, https:\/\/www.hashtag.al\/wp-content\/uploads\/2025\/02\/bardhi-1.png 1403w\" sizes=\"auto, (max-width: 300px) 100vw, 300px\" \/><\/span><\/p>\n<p><span style=\"color: #000000;\">Presidenti i Republik\u00ebs, Bajram Begaj, ka dekretuar nisjen e punimeve t\u00eb sesionit t\u00eb ri t\u00eb Kuvendit m\u00eb 12 shtator 2025, n\u00eb or\u00ebn 10:00, vet\u00ebm nj\u00eb dit\u00eb pas mbledhjes s\u00eb Asambles\u00eb s\u00eb Partis\u00eb Socialiste.<\/span><\/p>\n<p><span style=\"color: #000000;\">Vendimi i kreut t\u00eb shtetit ka sjell\u00eb reagimin e menj\u00ebhersh\u00ebm t\u00eb kreut t\u00eb Grupit Parlamentar t\u00eb Partis\u00eb Demokratike, Gazment Bardhi, i cili akuzoi Begajn se vepron sipas urdhrave t\u00eb mazhoranc\u00ebs.<\/span><\/p>\n<p><span style=\"color: #000000;\">\u201c<em>Shqip\u00ebria nuk ka President t\u00eb Republik\u00ebs, por nj\u00eb minist\u00ebr t\u00eb Ram\u00ebs n\u00eb Presidenc\u00eb, q\u00eb firmos \u00e7do gj\u00eb q\u00eb urdh\u00ebron Taulant Balla. \u00c7far\u00eb turpi, \u00e7far\u00eb niveli mediok\u00ebr<\/em>\u201d, shkroi Bardhi.<\/span><\/p>\n<p><iframe loading=\"lazy\" style=\"border: none; overflow: hidden;\" src=\"https:\/\/www.facebook.com\/plugins\/post.php?href=https%3A%2F%2Fweb.facebook.com%2Fgazmentbardhi.al%2Fposts%2Fpfbid02iuLJLF4J7Zasj5jU7PURTNdCduwD9Q4mf2sNJAwv4iX3SbVmBAd6ejCArf4irexYl&amp;show_text=true&amp;width=500\" width=\"500\" height=\"627\" frameborder=\"0\" scrolling=\"no\" allowfullscreen=\"allowfullscreen\"><\/iframe><\/p>\n","protected":false,"gt_translate_keys":[{"key":"rendered","format":"html"}]},"excerpt":{"rendered":"<p>Presidenti i Republik\u00ebs, Bajram Begaj, ka dekretuar nisjen e punimeve t\u00eb sesionit t\u00eb ri t\u00eb Kuvendit m\u00eb 12 shtator 2025, n\u00eb or\u00ebn 10:00, vet\u00ebm nj\u00eb dit\u00eb pas mbledhjes s\u00eb Asambles\u00eb s\u00eb Partis\u00eb Socialiste. Vendimi i kreut t\u00eb shtetit ka sjell\u00eb reagimin e menj\u00ebhersh\u00ebm t\u00eb kreut t\u00eb Grupit Parlamentar t\u00eb Partis\u00eb Demokratike, Gazment Bardhi, i cili [&hellip;]<\/p>\n","protected":false,"gt_translate_keys":[{"key":"rendered","format":"html"}]},"author":32,"featured_media":724583,"comment_status":"closed","ping_status":"open","sticky":false,"template":"","format":"standard","meta":{"footnotes":""},"categories":[65],"tags":[],"class_list":["post-759472","post","type-post","status-publish","format-standard","has-post-thumbnail","hentry","category-lajme"],"gt_translate_keys":[{"key":"link","format":"url"}],"_links":{"self":[{"href":"https:\/\/www.hashtag.al\/index.php\/wp-json\/wp\/v2\/posts\/759472","targetHints":{"allow":["GET"]}}],"collection":[{"href":"https:\/\/www.hashtag.al\/index.php\/wp-json\/wp\/v2\/posts"}],"about":[{"href":"https:\/\/www.hashtag.al\/index.php\/wp-json\/wp\/v2\/types\/post"}],"author":[{"embeddable":true,"href":"https:\/\/www.hashtag.al\/index.php\/wp-json\/wp\/v2\/users\/32"}],"replies":[{"embeddable":true,"href":"https:\/\/www.hashtag.al\/index.php\/wp-json\/wp\/v2\/comments?post=759472"}],"version-history":[{"count":99999,"href":"https:\/\/www.hashtag.al\/index.php\/wp-json\/wp\/v2\/posts\/759472\/revisions"}],"predecessor-version":[{"id":759473,"href":"https:\/\/www.hashtag.al\/index.php\/wp-json\/wp\/v2\/posts\/759472\/revisions\/759473"}],"wp:featuredmedia":[{"embeddable":true,"href":"https:\/\/www.hashtag.al\/index.php\/wp-json\/wp\/v2\/media\/724583"}],"wp:attachment":[{"href":"https:\/\/www.hashtag.al\/index.php\/wp-json\/wp\/v2\/media?parent=759472"}],"wp:term":[{"taxonomy":"category","embeddable":true,"href":"https:\/\/www.hashtag.al\/index.php\/wp-json\/wp\/v2\/categories?post=759472"},{"taxonomy":"post_tag","embeddable":true,"href":"https:\/\/www.hashtag.al\/index.php\/wp-json\/wp\/v2\/tags?post=759472"}],"curies":[{"name":"wp","href":"https:\/\/api.w.org\/{rel}","templated":true}]}}