{"id":759463,"date":"2025-09-08T15:37:06","date_gmt":"2025-09-08T13:37:06","guid":{"rendered":"https:\/\/www.hashtag.al\/?p=759463"},"modified":"2025-09-08T15:37:06","modified_gmt":"2025-09-08T13:37:06","slug":"vizita-e-altin-dumanit-ne-shba-spak-ne-fokus-te-diskutimit-goditja-e-organizatave-nderkombetare-kriminale","status":"publish","type":"post","link":"https:\/\/www.hashtag.al\/index.php\/2025\/09\/08\/vizita-e-altin-dumanit-ne-shba-spak-ne-fokus-te-diskutimit-goditja-e-organizatave-nderkombetare-kriminale\/","title":{"rendered":"Vizita e Altin Dumanit n\u00eb SHBA, SPAK: N\u00eb fokus t\u00eb diskutimit, goditja e organizatave nd\u00ebrkomb\u00ebtare kriminale","gt_translate_keys":[{"key":"rendered","format":"text"}]},"content":{"rendered":"<p><span style=\"color: #000000;\"><img loading=\"lazy\" decoding=\"async\" class=\"alignnone size-medium wp-image-759464\" src=\"https:\/\/www.hashtag.al\/wp-content\/uploads\/2025\/09\/1757092789_altindumani-300x169.jpg\" alt=\"\" width=\"300\" height=\"169\" srcset=\"https:\/\/www.hashtag.al\/wp-content\/uploads\/2025\/09\/1757092789_altindumani-300x169.jpg 300w, https:\/\/www.hashtag.al\/wp-content\/uploads\/2025\/09\/1757092789_altindumani-768x433.jpg 768w, https:\/\/www.hashtag.al\/wp-content\/uploads\/2025\/09\/1757092789_altindumani.jpg 780w\" sizes=\"auto, (max-width: 300px) 100vw, 300px\" \/><\/span><\/p>\n<p><span style=\"color: #000000;\">SPAK ka dh\u00ebn\u00eb informacion zyrtar p\u00ebr vizit\u00ebn n\u00eb SHBA t\u00eb drejtuesit t\u00eb Prokuroris\u00eb s\u00eb Posa\u00e7me, Altin Dumani, n\u00eb datat 2 dhe 3 shtator.<\/span><\/p>\n<p><span style=\"color: #000000;\">Altin Dumani u takua n\u00eb Uashington me zyrtar\u00eb t\u00eb Departamentit t\u00eb Shtetit, Departamentit t\u00eb Drejt\u00ebsis\u00eb dhe FBI-s\u00eb, me t\u00eb cil\u00ebt diskutoi p\u00ebr bashk\u00ebpunimin e ngusht\u00eb t\u00eb SPAK me agjencit\u00eb ligjzbatuese amerikane p\u00ebr t\u00eb goditur organizatat nd\u00ebrkomb\u00ebtare kriminale, n\u00eb lidhje me trafikun e drog\u00ebs dhe pastrimin e parave.<\/span><\/p>\n<p><span style=\"color: #000000;\">Por p\u00ebrpara takimeve n\u00eb Departamentin e Shtetit m\u00eb 2 dhe 3 shtator, Dumani ishte n\u00eb Nashville ku mori pjes\u00eb n\u00eb konferenc\u00ebn e DEA-s n\u00eb datat 26-28 gusht.<\/span><\/p>\n<p><span style=\"color: #000000;\">Altin Dumani u takua me administratorin e DEA-s, Terrance Cole, ku u vler\u00ebsua bashk\u00ebpunimi ekzistues n\u00eb luft\u00ebn kund\u00ebr trafikut nd\u00ebrkomb\u00ebtar t\u00eb narkotik\u00ebve dhe r\u00ebnd\u00ebsia e vazhdimit dhe zgjerimit t\u00eb tij n\u00eb t\u00eb ardhmen.<\/span><\/p>\n<p><span style=\"color: #000000;\">Drejtuesi i Prokuroris\u00eb s\u00eb Posa\u00e7me pati takime edhe me drejtues t\u00eb agjencive t\u00eb r\u00ebnd\u00ebsishme t\u00eb zbatimit t\u00eb ligjit t\u00eb vendeve pjes\u00ebmarr\u00ebse n\u00eb konference, me t\u00eb cil\u00ebt diskutoi mund\u00ebsin\u00eb e krijimit t\u00eb urave t\u00eb komunikimit.<\/span><\/p>\n<p>&nbsp;<\/p>\n<p><span style=\"color: #000000;\">Njoftimi i SPAK:<\/span><\/p>\n<p><span style=\"color: #000000;\"><em>WASHINGTON D.C \u2013 N\u00eb cil\u00ebsin\u00eb e Drejtuesit t\u00eb Struktur\u00ebs s\u00eb Posa\u00e7me kund\u00ebr Korrupsionit dhe Krimit t\u00eb Organizuar, z.Altin Dumani zhvilloi takime t\u00eb nivelit t\u00eb lart\u00eb gjat\u00eb vizit\u00ebs zyrtare n\u00eb \u00cbashington D.C, n\u00eb Shtetet e Bashkuara, m\u00eb 2 dhe 3 shtator.<\/em><\/span><\/p>\n<p><span style=\"color: #000000;\"><em>Gjat\u00eb takimeve me zyrtar\u00eb t\u00eb Departamentit t\u00eb Shtetit, Departamentit t\u00eb Drejt\u00ebsis\u00eb dhe Byros\u00eb Federale t\u00eb Hetimit (FBI) u diskutua mbi r\u00ebnd\u00ebsin\u00eb e bashk\u00ebpunimit t\u00eb ngusht\u00eb mes SPAK dhe agjencive ligjzbatuese amerikane p\u00ebr t\u00eb goditur organizatat nd\u00ebrkomb\u00ebtare kriminale, p\u00ebr t\u00eb ndaluar trafikun e paligjsh\u00ebm t\u00eb l\u00ebnd\u00ebve narkotike dhe pastrimin e parave.<\/em><\/span><\/p>\n<p><span style=\"color: #000000;\"><em>Z.Dumani shprehu mir\u00ebnjohjen e tij p\u00ebr mb\u00ebshtetjen e vazhdueshme t\u00eb Shteteve t\u00eb Bashkuara dhe theksoi r\u00ebnd\u00ebsin\u00eb e k\u00ebtij partneriteti strategjik.<\/em><\/span><\/p>\n<p><span style=\"color: #000000;\"><em>Drejtuesi i SPAK mori pjes\u00eb n\u00eb Konferenc\u00ebn e DEA-s n\u00eb SHBA, m\u00eb 26-28 Gusht<\/em><\/span><\/p>\n<p><span style=\"color: #000000;\"><em>NASHVILLE-TENNESSEE \u2013\u00a0 Me ftes\u00eb t\u00eb Agjencis\u00eb Amerikane Kund\u00ebr Narkotik\u00ebve (DEA), Drejtuesi i SPAK, z.Altin Dumani mori pjes\u00eb n\u00eb Konferenc\u00ebn Nd\u00ebrkomb\u00ebtare p\u00ebr Zbatimin e Ligjit p\u00ebr Narkotik\u00ebt, e cila u zhvillua n\u00eb Nashville t\u00eb Tennessee m\u00eb 26-28 Gusht.<\/em><\/span><\/p>\n<p><span style=\"color: #000000;\"><em>Konferenca e titulluar, \u201cUniteti global p\u00ebr nj\u00eb t\u00eb ardhme m\u00eb t\u00eb sigurt: Forcimi i aleancave kund\u00ebr krimit transnacional\u201d , u p\u00ebrsh\u00ebndet nga Prokurorja e P\u00ebrgjithshme e Shteteve t\u00eb Bashkuara, znj. Pamela J. Bondi.<\/em><\/span><\/p>\n<p><span style=\"color: #000000;\"><em>Gjat\u00eb konferenc\u00ebs, z.Dumani zhvilloi nj\u00eb takim me administratorin e DEA-s, z.Terrance Cole, ku u vler\u00ebsua bashk\u00ebpunimi ekzistues n\u00eb luft\u00ebn kund\u00ebr trafikut nd\u00ebrkomb\u00ebtar t\u00eb narkotik\u00ebve dhe r\u00ebnd\u00ebsia e vazhdimit dhe zgjerimit t\u00eb tij n\u00eb t\u00eb ardhmen.<\/em><\/span><\/p>\n<p><span style=\"color: #000000;\"><em>Drejtuesi i Prokuroris\u00eb s\u00eb Posa\u00e7me pati takime edhe me drejtues t\u00eb agjencive t\u00eb r\u00ebnd\u00ebsishme t\u00eb zbatimit t\u00eb ligjit t\u00eb vendeve pjes\u00ebmarr\u00ebse n\u00eb konference, me t\u00eb cil\u00ebt diskutoi mund\u00ebsin\u00eb e krijimit t\u00eb urave t\u00eb komunikimit si edhe forcimin e marr\u00ebdh\u00ebnieve ekzistuese, p\u00ebr t\u00eb luftuar trafikun nd\u00ebrkomb\u00ebtar t\u00eb narkotik\u00ebve.<\/em><\/span><\/p>\n","protected":false,"gt_translate_keys":[{"key":"rendered","format":"html"}]},"excerpt":{"rendered":"<p>SPAK ka dh\u00ebn\u00eb informacion zyrtar p\u00ebr vizit\u00ebn n\u00eb SHBA t\u00eb drejtuesit t\u00eb Prokuroris\u00eb s\u00eb Posa\u00e7me, Altin Dumani, n\u00eb datat 2 dhe 3 shtator. Altin Dumani u takua n\u00eb Uashington me zyrtar\u00eb t\u00eb Departamentit t\u00eb Shtetit, Departamentit t\u00eb Drejt\u00ebsis\u00eb dhe FBI-s\u00eb, me t\u00eb cil\u00ebt diskutoi p\u00ebr bashk\u00ebpunimin e ngusht\u00eb t\u00eb SPAK me agjencit\u00eb ligjzbatuese amerikane p\u00ebr [&hellip;]<\/p>\n","protected":false,"gt_translate_keys":[{"key":"rendered","format":"html"}]},"author":32,"featured_media":759464,"comment_status":"closed","ping_status":"open","sticky":false,"template":"","format":"standard","meta":{"footnotes":""},"categories":[65],"tags":[],"class_list":["post-759463","post","type-post","status-publish","format-standard","has-post-thumbnail","hentry","category-lajme"],"gt_translate_keys":[{"key":"link","format":"url"}],"_links":{"self":[{"href":"https:\/\/www.hashtag.al\/index.php\/wp-json\/wp\/v2\/posts\/759463","targetHints":{"allow":["GET"]}}],"collection":[{"href":"https:\/\/www.hashtag.al\/index.php\/wp-json\/wp\/v2\/posts"}],"about":[{"href":"https:\/\/www.hashtag.al\/index.php\/wp-json\/wp\/v2\/types\/post"}],"author":[{"embeddable":true,"href":"https:\/\/www.hashtag.al\/index.php\/wp-json\/wp\/v2\/users\/32"}],"replies":[{"embeddable":true,"href":"https:\/\/www.hashtag.al\/index.php\/wp-json\/wp\/v2\/comments?post=759463"}],"version-history":[{"count":99999,"href":"https:\/\/www.hashtag.al\/index.php\/wp-json\/wp\/v2\/posts\/759463\/revisions"}],"predecessor-version":[{"id":759465,"href":"https:\/\/www.hashtag.al\/index.php\/wp-json\/wp\/v2\/posts\/759463\/revisions\/759465"}],"wp:featuredmedia":[{"embeddable":true,"href":"https:\/\/www.hashtag.al\/index.php\/wp-json\/wp\/v2\/media\/759464"}],"wp:attachment":[{"href":"https:\/\/www.hashtag.al\/index.php\/wp-json\/wp\/v2\/media?parent=759463"}],"wp:term":[{"taxonomy":"category","embeddable":true,"href":"https:\/\/www.hashtag.al\/index.php\/wp-json\/wp\/v2\/categories?post=759463"},{"taxonomy":"post_tag","embeddable":true,"href":"https:\/\/www.hashtag.al\/index.php\/wp-json\/wp\/v2\/tags?post=759463"}],"curies":[{"name":"wp","href":"https:\/\/api.w.org\/{rel}","templated":true}]}}