{"id":759341,"date":"2025-09-07T20:14:44","date_gmt":"2025-09-07T18:14:44","guid":{"rendered":"https:\/\/www.hashtag.al\/?p=759341"},"modified":"2025-09-07T20:14:44","modified_gmt":"2025-09-07T18:14:44","slug":"eshte-djale-i-mire-po-me-idene-e-partise-ia-futi-kot-trump-i-shtrin-doren-musk-ut","status":"publish","type":"post","link":"https:\/\/www.hashtag.al\/index.php\/2025\/09\/07\/eshte-djale-i-mire-po-me-idene-e-partise-ia-futi-kot-trump-i-shtrin-doren-musk-ut\/","title":{"rendered":"&#8220;\u00cbsht\u00eb djal\u00eb i mir\u00eb, po me iden\u00eb e partis\u00eb ia futi kot&#8221; &#8211; Trump i shtrin dor\u00ebn Musk-ut","gt_translate_keys":[{"key":"rendered","format":"text"}]},"content":{"rendered":"<p><img loading=\"lazy\" decoding=\"async\" class=\"aligncenter size-full wp-image-759342\" src=\"https:\/\/www.hashtag.al\/wp-content\/uploads\/2025\/09\/68bb01dc85f54077e67d9c0a.jpg\" alt=\"\" width=\"768\" height=\"432\" srcset=\"https:\/\/www.hashtag.al\/wp-content\/uploads\/2025\/09\/68bb01dc85f54077e67d9c0a.jpg 768w, https:\/\/www.hashtag.al\/wp-content\/uploads\/2025\/09\/68bb01dc85f54077e67d9c0a-300x169.jpg 300w\" sizes=\"auto, (max-width: 768px) 100vw, 768px\" \/><\/p>\n<p><span style=\"color: #000000;\">Presidenti i SHBA-s\u00eb, Donald Trump, ka th\u00ebn\u00eb se ende e p\u00eblqen Elon Musk, pavar\u00ebsisht nj\u00eb grindjeje midis tyre n\u00eb fillim t\u00eb k\u00ebtij viti\u00a0 q\u00eb kapi titujt kryesore t\u00eb mediave n\u00eb mbar\u00eb bot\u00ebn e nxiti spekulime t\u00eb ndryshme. Megjithat\u00eb, Trump paralajm\u00ebroi se planet e kreut t\u00eb Tesla-s p\u00ebr t\u00eb krijuar partin\u00eb e tij politike do ishin t\u00eb pafrytshme.<\/span><\/p>\n<p><span style=\"color: #000000;\"><em>\u201cMusk \u00ebsht\u00eb burr\u00eb i mir\u00eb\u201d<\/em>, i tha Trump Scott Jennings, prezantuesit t\u00eb emisionit \u201cScott Jennings\u201d n\u00eb Salem Radio, t\u00eb m\u00ebrkur\u00ebn. Ai gjithashtu iu referua manjatit me baz\u00eb n\u00eb SHBA si nj\u00eb \u201cnjeri i mir\u00eb\u201d dhe nj\u00eb \u201cnjeri me gjykim t\u00eb sh\u00ebndosh\u00eb\u201d.<\/span><\/p>\n<p><span style=\"color: #000000;\">Musk mb\u00ebshteti Trump n\u00eb zgjedhjet e vitit 2024 dhe sh\u00ebrbeu p\u00ebrkoh\u00ebsisht si kreu i Departamentit t\u00eb Efikasitetit t\u00eb Qeveris\u00eb (DOGE) p\u00ebrpara se t\u00eb dy t\u00eb kishin nj\u00eb grindje publike p\u00ebr paket\u00ebn e shpenzimeve t\u00eb presidentit, shkruan <span style=\"color: #0000ff;\"><a style=\"color: #0000ff;\" href=\"https:\/\/rurtnews.com\/news\/624186-trump-olive-branch-musk\/\">RT<\/a>.<\/span><\/span><\/p>\n<p><span style=\"color: #000000;\">Sipas presidentit t\u00eb SHBA-s\u00eb, miliarderi \u00ebsht\u00eb \u201c80% super gjenial nd\u00ebrsa 20% e ka me probleme\u201d. Trump deklaroi gjithashtu se \u201cgjithmon\u00eb\u201d e ka p\u00eblqyer Musk dhe vijon ta vler\u00ebsoj\u00eb at\u00eb.<\/span><\/p>\n<p><span style=\"color: #000000;\">Megjithat\u00eb, Trump pohoi se ambicia e Musk p\u00ebr t\u00eb krijuar nj\u00eb parti t\u00eb re politike amerikane do ishte e pafrytshme.<\/span><\/p>\n<p><span style=\"color: #000000;\"><em>\u201c\u00c7far\u00eb do t\u00eb b\u00ebj\u00eb ai? Do shkoj\u00eb me t\u00eb \u00e7mendurit e s\u00eb majt\u00ebs radikale?\u2026Nuk mendoj se ka zgjidhje tjet\u00ebr.\u201d<\/em> Presidenti shtoi se do donte q\u00eb manjati i teknologjis\u00eb t\u2019i mb\u00ebshteste p\u00ebrs\u00ebri republikan\u00ebt.<\/span><\/p>\n<p><span style=\"color: #000000;\">Pasi dha dor\u00ebheqjen nga DOGE, miliarderi njoftoi se do fillonte fraksionin e tij politik p\u00ebr t\u00eb sfiduar sistemin dypartiak dhe p\u00ebr t\u00eb paraqitur kandidat\u00eb n\u00eb zgjedhjet e mesit t\u00eb mandatit t\u00eb vitit 2026. Muajin e kaluar, ai e forcoi planin e tij, duke hedhur posht\u00eb nj\u00eb artikull t\u00eb Wall Street Journal q\u00eb pretendonte se e kishte braktisur iden\u00eb.<\/span><\/p>\n","protected":false,"gt_translate_keys":[{"key":"rendered","format":"html"}]},"excerpt":{"rendered":"<p>Presidenti i SHBA-s\u00eb, Donald Trump, ka th\u00ebn\u00eb se ende e p\u00eblqen Elon Musk, pavar\u00ebsisht nj\u00eb grindjeje midis tyre n\u00eb fillim t\u00eb k\u00ebtij viti\u00a0 q\u00eb kapi titujt kryesore t\u00eb mediave n\u00eb mbar\u00eb bot\u00ebn e nxiti spekulime t\u00eb ndryshme. Megjithat\u00eb, Trump paralajm\u00ebroi se planet e kreut t\u00eb Tesla-s p\u00ebr t\u00eb krijuar partin\u00eb e tij politike do ishin [&hellip;]<\/p>\n","protected":false,"gt_translate_keys":[{"key":"rendered","format":"html"}]},"author":51,"featured_media":759342,"comment_status":"closed","ping_status":"open","sticky":false,"template":"","format":"standard","meta":{"footnotes":""},"categories":[53],"tags":[],"class_list":["post-759341","post","type-post","status-publish","format-standard","has-post-thumbnail","hentry","category-fast-foodi"],"gt_translate_keys":[{"key":"link","format":"url"}],"_links":{"self":[{"href":"https:\/\/www.hashtag.al\/index.php\/wp-json\/wp\/v2\/posts\/759341","targetHints":{"allow":["GET"]}}],"collection":[{"href":"https:\/\/www.hashtag.al\/index.php\/wp-json\/wp\/v2\/posts"}],"about":[{"href":"https:\/\/www.hashtag.al\/index.php\/wp-json\/wp\/v2\/types\/post"}],"author":[{"embeddable":true,"href":"https:\/\/www.hashtag.al\/index.php\/wp-json\/wp\/v2\/users\/51"}],"replies":[{"embeddable":true,"href":"https:\/\/www.hashtag.al\/index.php\/wp-json\/wp\/v2\/comments?post=759341"}],"version-history":[{"count":99999,"href":"https:\/\/www.hashtag.al\/index.php\/wp-json\/wp\/v2\/posts\/759341\/revisions"}],"predecessor-version":[{"id":759343,"href":"https:\/\/www.hashtag.al\/index.php\/wp-json\/wp\/v2\/posts\/759341\/revisions\/759343"}],"wp:featuredmedia":[{"embeddable":true,"href":"https:\/\/www.hashtag.al\/index.php\/wp-json\/wp\/v2\/media\/759342"}],"wp:attachment":[{"href":"https:\/\/www.hashtag.al\/index.php\/wp-json\/wp\/v2\/media?parent=759341"}],"wp:term":[{"taxonomy":"category","embeddable":true,"href":"https:\/\/www.hashtag.al\/index.php\/wp-json\/wp\/v2\/categories?post=759341"},{"taxonomy":"post_tag","embeddable":true,"href":"https:\/\/www.hashtag.al\/index.php\/wp-json\/wp\/v2\/tags?post=759341"}],"curies":[{"name":"wp","href":"https:\/\/api.w.org\/{rel}","templated":true}]}}