{"id":759307,"date":"2025-09-07T17:08:08","date_gmt":"2025-09-07T15:08:08","guid":{"rendered":"https:\/\/www.hashtag.al\/?p=759307"},"modified":"2025-09-07T17:08:08","modified_gmt":"2025-09-07T15:08:08","slug":"erdogan-po-ben-grusht-shteti-kreu-i-opozites-akuza-presidentit-turk","status":"publish","type":"post","link":"https:\/\/www.hashtag.al\/index.php\/2025\/09\/07\/erdogan-po-ben-grusht-shteti-kreu-i-opozites-akuza-presidentit-turk\/","title":{"rendered":"\u201cErdogan po b\u00ebn grusht shteti\u201d &#8211; Kreu i opozit\u00ebs akuza presidentit turk","gt_translate_keys":[{"key":"rendered","format":"text"}]},"content":{"rendered":"<p><img loading=\"lazy\" decoding=\"async\" class=\"aligncenter size-full wp-image-759309\" src=\"https:\/\/www.hashtag.al\/wp-content\/uploads\/2025\/09\/ozgur-ozel-3-1-ezgif.com-webp-to-jpg-converter-e1757257674140.jpg\" alt=\"\" width=\"1280\" height=\"720\" srcset=\"https:\/\/www.hashtag.al\/wp-content\/uploads\/2025\/09\/ozgur-ozel-3-1-ezgif.com-webp-to-jpg-converter-e1757257674140.jpg 1280w, https:\/\/www.hashtag.al\/wp-content\/uploads\/2025\/09\/ozgur-ozel-3-1-ezgif.com-webp-to-jpg-converter-e1757257674140-300x169.jpg 300w, https:\/\/www.hashtag.al\/wp-content\/uploads\/2025\/09\/ozgur-ozel-3-1-ezgif.com-webp-to-jpg-converter-e1757257674140-1024x576.jpg 1024w, https:\/\/www.hashtag.al\/wp-content\/uploads\/2025\/09\/ozgur-ozel-3-1-ezgif.com-webp-to-jpg-converter-e1757257674140-768x432.jpg 768w\" sizes=\"auto, (max-width: 1280px) 100vw, 1280px\" \/><\/p>\n<p><span style=\"color: #000000;\">Partia m\u00eb e madhe opozitare e Turqis\u00eb do ngrej\u00eb padi dhe do nis\u00eb protesta t\u00eb m\u00ebdha q\u00eb do e &#8220;paralizojn\u00eb jet\u00ebn n\u00eb vend&#8221; n\u00ebse qeveria vazhdon me nj\u00eb &#8220;grusht shteti&#8221; ligjor kund\u00ebr udh\u00ebheqjes s\u00eb saj, tha figura e saj m\u00eb e lart\u00eb.<\/span><\/p>\n<p><span style=\"color: #000000;\">\u00d6zg\u00fcr \u00d6zel, kryetar i Partis\u00eb Republikane Popullore (CHP), i tha Financial Times se presidenti Rexhep Tajip Erdogan po p\u00ebrpiqej t\u00eb krijonte nj\u00eb sistem nj\u00ebpartiak t\u00eb stilit rus n\u00eb Turqi dhe se CHP ishte &#8220;pengesa e fundit&#8221; q\u00eb e pengonte.<\/span><\/p>\n<p><span style=\"color: #000000;\">\u00d6zel foli pas nj\u00eb vendimi nga nj\u00eb gjykat\u00eb e shkall\u00ebs s\u00eb par\u00eb turke k\u00ebt\u00eb jav\u00eb, e cila tha se em\u00ebrimi i vitit 2023 i kreut t\u00eb provinc\u00ebs s\u00eb Stambollit nga CHP-ja ishte i pavlefsh\u00ebm &#8211; nj\u00eb vendim historik q\u00eb mund t\u00eb kufizoj\u00eb \u00e7do sfid\u00eb zgjedhore n\u00eb t\u00eb ardhmen ndaj pushtetit m\u00eb shum\u00eb se dy dekadash t\u00eb Erdoganit.<\/span><\/p>\n<p><span style=\"color: #000000;\">Qeveria &#8220;organizoi nj\u00eb grusht shteti kund\u00ebr partis\u00eb s\u00eb ardhshme n\u00eb pushtet&#8221;, tha \u00d6zel n\u00eb nj\u00eb intervist\u00eb.<\/span><\/p>\n<p><span style=\"color: #000000;\"><em>\u201cAta po p\u00ebrpiqen t\u00eb shkat\u00ebrrojn\u00eb partin\u00eb q\u00eb fitoi zgjedhjet e fundit, ishte partia themeluese e republik\u00ebs turke, \u00ebsht\u00eb partia q\u00eb kryeson \u00e7do sondazh&#8230;Po p\u00ebrballemi me nj\u00eb qeveri autoritare dhe e vetmja mund\u00ebsi \u00ebsht\u00eb t\u00eb rezistojm\u00eb\u201d<\/em>, tha ai.<\/span><\/p>\n<p><span style=\"color: #000000;\"><em>\u201cN\u00ebse CHP bie, edhe Turqia do bjer\u00eb.\u201d<\/em><\/span><\/p>\n<p><span style=\"color: #000000;\">Asetet financiare turke ran\u00eb menj\u00ebher\u00eb pas vendimit t\u00eb k\u00ebsaj jave, i cili krijoi nj\u00eb precedent p\u00ebr nj\u00eb \u00e7\u00ebshtje m\u00eb t\u00eb r\u00ebnd\u00ebsishme m\u00eb 15 shtator, q\u00eb mund t\u00eb \u00e7oj\u00eb n\u00eb z\u00ebvend\u00ebsimin e \u00d6zel dhe zyrtar\u00ebve t\u00eb tjer\u00eb t\u00eb lart\u00eb t\u00eb CHP me t\u00eb em\u00ebruar miq\u00ebsor\u00eb me qeverin\u00eb &#8211; duke asgj\u00ebsuar rivalin m\u00eb t\u00eb madh t\u00eb qeveris\u00eb.<\/span><\/p>\n<p><span style=\"color: #000000;\">N\u00eb t\u00eb dyja rastet, CHP \u00ebsht\u00eb akuzuar p\u00ebr &#8220;parregullsi&#8221; t\u00eb dyshuara, t\u00eb tilla si pagesat n\u00eb para, q\u00eb ndikuan n\u00eb p\u00ebrzgjedhjen e zyrtar\u00ebve t\u00eb lart\u00eb t\u00eb partis\u00eb n\u00eb konventat e brendshme t\u00eb CHP, p\u00ebrfshir\u00eb kongresin e vitit 2023 q\u00eb zgjodhi \u00d6zel. CHP i mohon me forc\u00eb akuzat.<\/span><\/p>\n<p><span style=\"color: #000000;\">Duke folur n\u00eb selin\u00eb e partis\u00eb s\u00eb tij n\u00eb Ankara, \u00d6zel tha se besonte q\u00eb gjykatat e ul\u00ebta t\u00eb Turqis\u00eb nuk kishin autoritetin ligjor p\u00ebr t\u00eb vendosur mbi \u00e7\u00ebshtjet zgjedhore &#8211; t\u00eb cilat jan\u00eb juridiksion i gjykatave m\u00eb t\u00eb larta &#8211; dhe se CHP nuk do t&#8217;i njihte vendime t\u00eb tilla. Por, shtoi ai, n\u00ebse &#8220;Erdo\u011fan po luan nj\u00eb loj\u00eb t\u00eb ndyr\u00eb, edhe ne mund ta luajm\u00eb at\u00eb loj\u00eb dhe t&#8217;i p\u00ebrgjigjemi atij me t\u00eb nj\u00ebjt\u00ebn dinak\u00ebri&#8221;.<\/span><\/p>\n<p><span style=\"color: #000000;\">Nj\u00eb mund\u00ebsi, t\u00eb cil\u00ebn CHP po e shqyrtonte, \u00ebsht\u00eb t\u00eb nis\u00eb \u00e7\u00ebshtje q\u00eb sfidojn\u00eb vlefshm\u00ebrin\u00eb e t\u00eb gjitha zgjedhjeve t\u00eb kaluara &#8211; duke p\u00ebrfshir\u00eb ato q\u00eb Erdogan ka fituar, si\u00e7 \u00ebsht\u00eb referendumi i vitit 2017 q\u00eb vendosi sistemin presidencial t\u00eb Turqis\u00eb dhe zgjeroi fuqit\u00eb e Erdoganit.<\/span><\/p>\n<p><span style=\"color: #000000;\">K\u00ebshilli zgjedhor i Turqis\u00eb kishte vendosur n\u00eb m\u00ebnyr\u00eb t\u00eb diskutueshme gjat\u00eb votimit t\u00eb ngusht\u00eb se do t&#8217;i konsideronte flet\u00ebt e votimit pa vul\u00eb si t\u00eb vlefshme n\u00ebse nuk provoheshin t\u00eb ishin t\u00eb falsifikuara. V\u00ebzhguesit e zgjedhjeve t\u00eb K\u00ebshillit t\u00eb Evrop\u00ebs m\u00eb pas e kritikuan k\u00ebt\u00eb veprim.<\/span><\/p>\n<p><img loading=\"lazy\" decoding=\"async\" class=\"aligncenter size-full wp-image-759308\" src=\"https:\/\/www.hashtag.al\/wp-content\/uploads\/2025\/09\/ftcms_dc1e2ca0-1fe3-4104-85b8-c1f221915fd6-ezgif.com-avif-to-jpg-converter.jpg\" alt=\"\" width=\"1400\" height=\"788\" srcset=\"https:\/\/www.hashtag.al\/wp-content\/uploads\/2025\/09\/ftcms_dc1e2ca0-1fe3-4104-85b8-c1f221915fd6-ezgif.com-avif-to-jpg-converter.jpg 1400w, https:\/\/www.hashtag.al\/wp-content\/uploads\/2025\/09\/ftcms_dc1e2ca0-1fe3-4104-85b8-c1f221915fd6-ezgif.com-avif-to-jpg-converter-300x169.jpg 300w, https:\/\/www.hashtag.al\/wp-content\/uploads\/2025\/09\/ftcms_dc1e2ca0-1fe3-4104-85b8-c1f221915fd6-ezgif.com-avif-to-jpg-converter-1024x576.jpg 1024w, https:\/\/www.hashtag.al\/wp-content\/uploads\/2025\/09\/ftcms_dc1e2ca0-1fe3-4104-85b8-c1f221915fd6-ezgif.com-avif-to-jpg-converter-768x432.jpg 768w\" sizes=\"auto, (max-width: 1400px) 100vw, 1400px\" \/><\/p>\n<p><span style=\"color: #000000;\"><em>&#8220;Duhet pranuar se jo t\u00eb gjith\u00eb gjyqtar\u00ebt n\u00eb Turqi jan\u00eb n\u00ebn kontrollin e Erdoganit&#8221;<\/em>, tha \u00d6zel. Megjithat\u00eb, ky veprim ishte \u201ci rreziksh\u00ebm\u201d, shtoi ai, pasi do d\u00ebmtonte m\u00eb tej sundimin e ligjit n\u00eb Turqi dhe nd\u00ebrkoh\u00eb q\u00eb \u201cErdogan \u00ebsht\u00eb i paligjsh\u00ebm, CHP-ja \u00ebsht\u00eb ligjv\u00ebn\u00ebse\u201d.<\/span><\/p>\n<p><span style=\"color: #000000;\">Qeveria k\u00ebmb\u00ebngul se gjykatat e Turqis\u00eb jan\u00eb t\u00eb pavarura, por CHP-ja, e themeluar m\u00eb shum\u00eb se nj\u00eb shekull m\u00eb par\u00eb nga Mustafa Kemal Ataturku, themeluesi i republik\u00ebs, thot\u00eb se kjo dhe raste t\u00eb tjera kund\u00ebr saj jan\u00eb t\u00eb motivuara politikisht.<\/span><\/p>\n<p><span style=\"color: #000000;\">\u00d6zel tha se partia kishte plane t\u00eb tjera t\u00eb ndryshme se si t&#8217;i p\u00ebrgjigjej shtypjes, duke p\u00ebrfshir\u00eb &#8220;veprime paq\u00ebsore, por shum\u00eb efektive t\u00eb mosbindjes civile q\u00eb do ndalin jet\u00ebn&#8221; n\u00eb Turqi.<\/span><\/p>\n<p><span style=\"color: #000000;\">Ai ka sugjeruar q\u00eb turma &#8220;jo prej milionash, por dhjet\u00ebra milionash&#8221; mund t\u00eb mblidhen, por nuk pranoi t\u00eb jap\u00eb holl\u00ebsi.<\/span><\/p>\n<p><span style=\"color: #000000;\">Holl\u00ebsist\u00eb e betej\u00ebs ligjore jan\u00eb t\u00eb nd\u00ebrlikuara dhe t\u00eb diskutueshme. Por ato vijn\u00eb nd\u00ebrsa sondazhet tregojn\u00eb se CHP do e mundte partin\u00eb qeveris\u00ebse p\u00ebr Drejt\u00ebsi dhe Zhvillim t\u00eb Erdoganit n\u00ebse zgjedhjet do mbaheshin sot.<\/span><\/p>\n<p><span style=\"color: #000000;\">Arrestimi p\u00ebr akuza korrupsioni i kryetarit t\u00eb bashkis\u00eb s\u00eb Stambollit dhe kandidatit presidencial t\u00eb CHP-s\u00eb, Ekrem Imamoglu, n\u00eb mars shkaktoi nj\u00eb panik financiar dhe protestat m\u00eb t\u00eb m\u00ebdha t\u00eb Turqis\u00eb n\u00eb m\u00eb shum\u00eb se nj\u00eb dekad\u00eb.<\/span><\/p>\n<p><span style=\"color: #000000;\">P\u00ebrve\u00e7 Stambollit, i cili p\u00ebrb\u00ebn nj\u00eb t\u00eb tret\u00ebn e PBB-s\u00eb s\u00eb Turqis\u00eb, disa qytete t\u00eb tjera t\u00eb m\u00ebdha kan\u00eb kaluar s\u00eb fundmi n\u00ebn kontrollin e CHP-s\u00eb.<\/span><\/p>\n<p><span style=\"color: #000000;\">N\u00eb zgjedhjet lokale t\u00eb vitit t\u00eb kaluar, CHP fitoi gati 38 p\u00ebrqind t\u00eb votave, duke u b\u00ebr\u00eb partia kryesore n\u00eb vend p\u00ebr sa i p\u00ebrket p\u00ebrqindjes s\u00eb votave.<\/span><\/p>\n<p><span style=\"color: #000000;\"><em>\u201cErdogan e di se nuk mund t\u00eb fitoj\u00eb m\u00eb zgjedhje. Kjo \u00ebsht\u00eb arsyeja pse ai d\u00ebshiron parti opozitare t\u00eb dob\u00ebta, si n\u00eb Rusi\u201d<\/em>, tha \u00d6zel.<\/span><\/p>\n<p><span style=\"color: #000000;\"><strong><span style=\"color: #ff0000;\">VINI RE<\/span><\/strong>: Ky material \u00ebsht\u00eb pron\u00ebsi intelektuale e <a style=\"color: #000000;\" href=\"https:\/\/www.ft.com\/content\/d376f9e2-197d-4033-aea6-ce0703441e4d\"><span style=\"color: #0000ff;\">Financial Times<\/span><\/a><\/span><\/p>\n<p><span style=\"color: #000000;\">P\u00ebrgatiti p\u00ebr <span style=\"color: #0000ff;\">Hashtag.al,<\/span> Klodian Manjani<\/span><\/p>\n","protected":false,"gt_translate_keys":[{"key":"rendered","format":"html"}]},"excerpt":{"rendered":"<p>Partia m\u00eb e madhe opozitare e Turqis\u00eb do ngrej\u00eb padi dhe do nis\u00eb protesta t\u00eb m\u00ebdha q\u00eb do e &#8220;paralizojn\u00eb jet\u00ebn n\u00eb vend&#8221; n\u00ebse qeveria vazhdon me nj\u00eb &#8220;grusht shteti&#8221; ligjor kund\u00ebr udh\u00ebheqjes s\u00eb saj, tha figura e saj m\u00eb e lart\u00eb. \u00d6zg\u00fcr \u00d6zel, kryetar i Partis\u00eb Republikane Popullore (CHP), i tha Financial Times se [&hellip;]<\/p>\n","protected":false,"gt_translate_keys":[{"key":"rendered","format":"html"}]},"author":51,"featured_media":759309,"comment_status":"closed","ping_status":"open","sticky":false,"template":"","format":"standard","meta":{"footnotes":""},"categories":[53],"tags":[],"class_list":["post-759307","post","type-post","status-publish","format-standard","has-post-thumbnail","hentry","category-fast-foodi"],"gt_translate_keys":[{"key":"link","format":"url"}],"_links":{"self":[{"href":"https:\/\/www.hashtag.al\/index.php\/wp-json\/wp\/v2\/posts\/759307","targetHints":{"allow":["GET"]}}],"collection":[{"href":"https:\/\/www.hashtag.al\/index.php\/wp-json\/wp\/v2\/posts"}],"about":[{"href":"https:\/\/www.hashtag.al\/index.php\/wp-json\/wp\/v2\/types\/post"}],"author":[{"embeddable":true,"href":"https:\/\/www.hashtag.al\/index.php\/wp-json\/wp\/v2\/users\/51"}],"replies":[{"embeddable":true,"href":"https:\/\/www.hashtag.al\/index.php\/wp-json\/wp\/v2\/comments?post=759307"}],"version-history":[{"count":99999,"href":"https:\/\/www.hashtag.al\/index.php\/wp-json\/wp\/v2\/posts\/759307\/revisions"}],"predecessor-version":[{"id":759310,"href":"https:\/\/www.hashtag.al\/index.php\/wp-json\/wp\/v2\/posts\/759307\/revisions\/759310"}],"wp:featuredmedia":[{"embeddable":true,"href":"https:\/\/www.hashtag.al\/index.php\/wp-json\/wp\/v2\/media\/759309"}],"wp:attachment":[{"href":"https:\/\/www.hashtag.al\/index.php\/wp-json\/wp\/v2\/media?parent=759307"}],"wp:term":[{"taxonomy":"category","embeddable":true,"href":"https:\/\/www.hashtag.al\/index.php\/wp-json\/wp\/v2\/categories?post=759307"},{"taxonomy":"post_tag","embeddable":true,"href":"https:\/\/www.hashtag.al\/index.php\/wp-json\/wp\/v2\/tags?post=759307"}],"curies":[{"name":"wp","href":"https:\/\/api.w.org\/{rel}","templated":true}]}}