{"id":759198,"date":"2025-09-06T18:30:51","date_gmt":"2025-09-06T16:30:51","guid":{"rendered":"https:\/\/www.hashtag.al\/?p=759198"},"modified":"2025-09-06T18:30:51","modified_gmt":"2025-09-06T16:30:51","slug":"sllovenia-terheq-nga-tregu-speca-te-kuq-te-eksportuara-nga-shqiperia-per-shkak-te-nivelit-te-larte-te-pesticideve","status":"publish","type":"post","link":"https:\/\/www.hashtag.al\/index.php\/2025\/09\/06\/sllovenia-terheq-nga-tregu-speca-te-kuq-te-eksportuara-nga-shqiperia-per-shkak-te-nivelit-te-larte-te-pesticideve\/","title":{"rendered":"Sllovenia t\u00ebrheq nga tregu speca t\u00eb kuq t\u00eb eksportuara nga Shqip\u00ebria p\u00ebr shkak t\u00eb nivelit t\u00eb lart\u00eb t\u00eb pesticideve","gt_translate_keys":[{"key":"rendered","format":"text"}]},"content":{"rendered":"<p data-start=\"204\" data-end=\"574\"><span style=\"color: #000000;\"><img loading=\"lazy\" decoding=\"async\" class=\"size-medium wp-image-759087 aligncenter\" src=\"https:\/\/www.hashtag.al\/wp-content\/uploads\/2025\/09\/speca-300x169.jpg\" alt=\"\" width=\"300\" height=\"169\" srcset=\"https:\/\/www.hashtag.al\/wp-content\/uploads\/2025\/09\/speca-300x169.jpg 300w, https:\/\/www.hashtag.al\/wp-content\/uploads\/2025\/09\/speca-1024x576.jpg 1024w, https:\/\/www.hashtag.al\/wp-content\/uploads\/2025\/09\/speca-768x432.jpg 768w, https:\/\/www.hashtag.al\/wp-content\/uploads\/2025\/09\/speca.jpg 1280w\" sizes=\"auto, (max-width: 300px) 100vw, 300px\" \/>Autoritetet n\u00eb Slloveni kan\u00eb t\u00ebrhequr nga tregu nj\u00eb sasi specash t\u00eb kuq t\u00eb importuara nga Shqip\u00ebria, pasi n\u00eb to jan\u00eb zbuluar nivele t\u00eb larta t\u00eb pesticideve t\u00eb ndaluara. Kjo vjen pas disa rasteve t\u00eb m\u00ebparshme n\u00eb Kroaci dhe Bosnj\u00eb-Hercegovin\u00eb ku u bllokuan dhe asgj\u00ebsuan ngarkesa t\u00eb ndryshme me fruta e perime shqiptare p\u00ebr arsye t\u00eb nj\u00ebjta.<\/span><\/p>\n<p data-start=\"576\" data-end=\"1000\"><span style=\"color: #000000;\">Kompania sllovene Geaprodukt, e cila merret me tregtimin e frutave dhe perimeve, u ka k\u00ebrkuar konsumator\u00ebve q\u00eb kan\u00eb bler\u00eb k\u00ebto speca t\u00eb mos i konsumojn\u00eb, por t\u2019i kthejn\u00eb n\u00eb dyqanet ku i kan\u00eb bler\u00eb ose t\u2019i hedhin n\u00eb mbeturina p\u00ebr shkak t\u00eb rrezikut p\u00ebr sh\u00ebndetin. N\u00eb analizat laboratorike jan\u00eb identifikuar pesticide si acetamiprid, formetanate dhe flonicamidn\u00eb nivele q\u00eb tejkalojn\u00eb ndjesh\u00ebm normat e lejuara.<\/span><\/p>\n<p data-start=\"1002\" data-end=\"1154\"><span style=\"color: #000000;\">Produktet e kontaminuara ishin eksportuar nga Shqip\u00ebria n\u00eb periudh\u00ebn 24 gusht \u2013 4 shtator 2025, t\u00eb paketuar n\u00eb kuti kartoni dhe m\u00eb pas n\u00eb qese plastike.<\/span><\/p>\n<p data-start=\"1156\" data-end=\"1427\"><span style=\"color: #000000;\">Sipas t\u00eb dh\u00ebnave t\u00eb sistemit evropian RASFF, ky \u00ebsht\u00eb nj\u00eb rast alarmues q\u00eb k\u00ebrkon nd\u00ebrhyrje t\u00eb menj\u00ebhershme p\u00ebr t\u00eb mbrojtur konsumator\u00ebt. Vet\u00ebm n\u00eb muajin korrik, disa ngarkesa t\u00eb tjera me speca nga Shqip\u00ebria jan\u00eb bllokuar n\u00eb Kroaci dhe Slloveni p\u00ebr arsye t\u00eb ngjashme.<\/span><\/p>\n<p data-start=\"1429\" data-end=\"1610\"><span style=\"color: #000000;\">Autoritetet n\u00eb Slloveni kan\u00eb rekomanduar gjithashtu q\u00eb personat q\u00eb kan\u00eb qen\u00eb n\u00eb kontakt me produktet e kontaminuara t\u00eb dezinfektojn\u00eb duart p\u00ebr t\u00eb shmangur ndonj\u00eb rrezik t\u00eb mundsh\u00ebm.<\/span><\/p>\n","protected":false,"gt_translate_keys":[{"key":"rendered","format":"html"}]},"excerpt":{"rendered":"<p>Autoritetet n\u00eb Slloveni kan\u00eb t\u00ebrhequr nga tregu nj\u00eb sasi specash t\u00eb kuq t\u00eb importuara nga Shqip\u00ebria, pasi n\u00eb to jan\u00eb zbuluar nivele t\u00eb larta t\u00eb pesticideve t\u00eb ndaluara. Kjo vjen pas disa rasteve t\u00eb m\u00ebparshme n\u00eb Kroaci dhe Bosnj\u00eb-Hercegovin\u00eb ku u bllokuan dhe asgj\u00ebsuan ngarkesa t\u00eb ndryshme me fruta e perime shqiptare p\u00ebr arsye t\u00eb [&hellip;]<\/p>\n","protected":false,"gt_translate_keys":[{"key":"rendered","format":"html"}]},"author":32,"featured_media":759087,"comment_status":"closed","ping_status":"open","sticky":false,"template":"","format":"standard","meta":{"footnotes":""},"categories":[65],"tags":[],"class_list":["post-759198","post","type-post","status-publish","format-standard","has-post-thumbnail","hentry","category-lajme"],"gt_translate_keys":[{"key":"link","format":"url"}],"_links":{"self":[{"href":"https:\/\/www.hashtag.al\/index.php\/wp-json\/wp\/v2\/posts\/759198","targetHints":{"allow":["GET"]}}],"collection":[{"href":"https:\/\/www.hashtag.al\/index.php\/wp-json\/wp\/v2\/posts"}],"about":[{"href":"https:\/\/www.hashtag.al\/index.php\/wp-json\/wp\/v2\/types\/post"}],"author":[{"embeddable":true,"href":"https:\/\/www.hashtag.al\/index.php\/wp-json\/wp\/v2\/users\/32"}],"replies":[{"embeddable":true,"href":"https:\/\/www.hashtag.al\/index.php\/wp-json\/wp\/v2\/comments?post=759198"}],"version-history":[{"count":99999,"href":"https:\/\/www.hashtag.al\/index.php\/wp-json\/wp\/v2\/posts\/759198\/revisions"}],"predecessor-version":[{"id":759199,"href":"https:\/\/www.hashtag.al\/index.php\/wp-json\/wp\/v2\/posts\/759198\/revisions\/759199"}],"wp:featuredmedia":[{"embeddable":true,"href":"https:\/\/www.hashtag.al\/index.php\/wp-json\/wp\/v2\/media\/759087"}],"wp:attachment":[{"href":"https:\/\/www.hashtag.al\/index.php\/wp-json\/wp\/v2\/media?parent=759198"}],"wp:term":[{"taxonomy":"category","embeddable":true,"href":"https:\/\/www.hashtag.al\/index.php\/wp-json\/wp\/v2\/categories?post=759198"},{"taxonomy":"post_tag","embeddable":true,"href":"https:\/\/www.hashtag.al\/index.php\/wp-json\/wp\/v2\/tags?post=759198"}],"curies":[{"name":"wp","href":"https:\/\/api.w.org\/{rel}","templated":true}]}}