{"id":759162,"date":"2025-09-06T13:31:46","date_gmt":"2025-09-06T11:31:46","guid":{"rendered":"https:\/\/www.hashtag.al\/?p=759162"},"modified":"2025-09-06T13:31:46","modified_gmt":"2025-09-06T11:31:46","slug":"ftesa-per-ne-moske-zelensky-sfidon-putinin-le-te-vije-ne-kiev","status":"publish","type":"post","link":"https:\/\/www.hashtag.al\/index.php\/2025\/09\/06\/ftesa-per-ne-moske-zelensky-sfidon-putinin-le-te-vije-ne-kiev\/","title":{"rendered":"Ftesa p\u00ebr n\u00eb Mosk\u00eb, Zelensky sfidon Putinin: Le t\u00eb vij\u00eb n\u00eb Kiev","gt_translate_keys":[{"key":"rendered","format":"text"}]},"content":{"rendered":"<p><span style=\"color: #000000;\"><img loading=\"lazy\" decoding=\"async\" class=\"alignnone size-medium wp-image-759163\" src=\"https:\/\/www.hashtag.al\/wp-content\/uploads\/2025\/09\/Screenshot-2025-09-06-132516-300x207.png\" alt=\"\" width=\"300\" height=\"207\" srcset=\"https:\/\/www.hashtag.al\/wp-content\/uploads\/2025\/09\/Screenshot-2025-09-06-132516-300x207.png 300w, https:\/\/www.hashtag.al\/wp-content\/uploads\/2025\/09\/Screenshot-2025-09-06-132516-768x531.png 768w, https:\/\/www.hashtag.al\/wp-content\/uploads\/2025\/09\/Screenshot-2025-09-06-132516.png 921w\" sizes=\"auto, (max-width: 300px) 100vw, 300px\" \/><\/span><\/p>\n<p><span style=\"color: #000000;\">Presidenti ukrainas Volodymyr Zelensky m\u00eb 5 shtator hodhi posht\u00eb edhe nj\u00eb her\u00eb propozimin p\u00ebr t\u2019u takuar me Vladimir Putinin n\u00eb Mosk\u00eb, duke sugjeruar me ironi q\u00eb presidenti rus t\u00eb shkoj\u00eb n\u00eb Ukrain\u00eb.<\/span><\/p>\n<p><span style=\"color: #000000;\">\u201c<em>Le t\u00eb vij\u00eb n\u00eb Kiev<\/em>,\u201d tha Zelensky n\u00eb nj\u00eb intervist\u00eb p\u00ebr ABC News, duke qeshur dhe tundur kok\u00ebn kur u pyet p\u00ebr ftes\u00ebn e Putinit, raportojn\u00eb <span style=\"color: #0000ff;\"><a style=\"color: #0000ff;\" href=\"https:\/\/kyivindependent.com\/he-can-come-to-kyiv-zelensky-mocks-putins-moscow-invitation\/\">mediat ukraianse.<\/a><\/span><\/span><\/p>\n<p><span style=\"color: #000000;\">\u201c<em>Un\u00eb nuk mund t\u00eb shkoj n\u00eb Mosk\u00eb kur vendi im \u00ebsht\u00eb n\u00ebn raketa, n\u00ebn sulme \u00e7do dit\u00eb. Nuk mund t\u00eb shkoj n\u00eb kryeqytetin e k\u00ebtij terroristi<\/em>,\u201d shtoi ai.<\/span><\/p>\n<p><span style=\"color: #000000;\">M\u00eb 3 shtator, Putini tha se \u201c<em>nuk e ka p\u00ebrjashtuar kurr\u00eb<\/em>\u201d mund\u00ebsin\u00eb e nj\u00eb takimi t\u00eb drejtp\u00ebrdrejt\u00eb me Zelenskyn, duke i b\u00ebr\u00eb thirrje q\u00eb, n\u00ebse \u00ebsht\u00eb gati, t\u00eb shkoj\u00eb n\u00eb Mosk\u00eb.<\/span><\/p>\n<p><span style=\"color: #000000;\">Nj\u00eb takim mes dy lider\u00ebve do t\u00eb ishte hap vendimtar p\u00ebr negociatat drejt p\u00ebrfundimit t\u00eb luft\u00ebs, e cila ka hyr\u00eb n\u00eb vitin e kat\u00ebrt.<\/span><\/p>\n<p><span style=\"color: #000000;\">Pas takimit me Putinin m\u00eb 15 gusht n\u00eb Alask\u00eb, presidenti amerikan Donald Trump deklaroi se po p\u00ebrpiqej t\u00eb nd\u00ebrmjet\u00ebsonte nj\u00eb takim t\u00eb mundsh\u00ebm Putin-Zelensky, por Kremlini e ka mohuar ekzistenc\u00ebn e nj\u00eb marr\u00ebveshjeje t\u00eb till\u00eb.<\/span><\/p>\n<p><span style=\"color: #000000;\">Ministri i Jasht\u00ebm rus, Sergey Lavrov, tha se nj\u00eb samit i till\u00eb \u201c<em>nuk \u00ebsht\u00eb aspak gati<\/em>\u201d dhe p\u00ebrs\u00ebriti propagand\u00ebn e Mosk\u00ebs se Zelensky nuk \u00ebsht\u00eb lider legjitim, nj\u00eb argument q\u00eb Kremlini p\u00ebrdor shpesh p\u00ebr t\u00eb shmangur bisedimet.<\/span><\/p>\n<p><span style=\"color: #000000;\">Zelensky m\u00eb her\u00ebt kishte shprehur gatishm\u00ebri t\u00eb takohej me Putinin n\u00eb terren neutral, p\u00ebrfshir\u00eb Stambollin gjat\u00eb bisedimeve t\u00eb paqes k\u00ebt\u00eb vit, por Moska e refuzoi propozimin.<\/span><\/p>\n<p><span style=\"color: #000000;\">Nd\u00ebrkoh\u00eb, Rusia ka vazhduar sulmet ajrore ndaj qyteteve ukrainase dhe ofensivat tok\u00ebsore n\u00eb lindje, duke refuzuar \u00e7do thirrje nd\u00ebrkomb\u00ebtare p\u00ebr arm\u00ebpushim dhe duke k\u00ebrkuar kontroll t\u00eb plot\u00eb mbi rajonin e Donetskut si dhe ndalimin e an\u00ebtar\u00ebsimit t\u00eb Ukrain\u00ebs n\u00eb NATO.<\/span><\/p>\n<p>&nbsp;<\/p>\n","protected":false,"gt_translate_keys":[{"key":"rendered","format":"html"}]},"excerpt":{"rendered":"<p>Presidenti ukrainas Volodymyr Zelensky m\u00eb 5 shtator hodhi posht\u00eb edhe nj\u00eb her\u00eb propozimin p\u00ebr t\u2019u takuar me Vladimir Putinin n\u00eb Mosk\u00eb, duke sugjeruar me ironi q\u00eb presidenti rus t\u00eb shkoj\u00eb n\u00eb Ukrain\u00eb. \u201cLe t\u00eb vij\u00eb n\u00eb Kiev,\u201d tha Zelensky n\u00eb nj\u00eb intervist\u00eb p\u00ebr ABC News, duke qeshur dhe tundur kok\u00ebn kur u pyet p\u00ebr ftes\u00ebn [&hellip;]<\/p>\n","protected":false,"gt_translate_keys":[{"key":"rendered","format":"html"}]},"author":32,"featured_media":759163,"comment_status":"closed","ping_status":"open","sticky":false,"template":"","format":"standard","meta":{"footnotes":""},"categories":[6],"tags":[],"class_list":["post-759162","post","type-post","status-publish","format-standard","has-post-thumbnail","hentry","category-nderkombetare"],"gt_translate_keys":[{"key":"link","format":"url"}],"_links":{"self":[{"href":"https:\/\/www.hashtag.al\/index.php\/wp-json\/wp\/v2\/posts\/759162","targetHints":{"allow":["GET"]}}],"collection":[{"href":"https:\/\/www.hashtag.al\/index.php\/wp-json\/wp\/v2\/posts"}],"about":[{"href":"https:\/\/www.hashtag.al\/index.php\/wp-json\/wp\/v2\/types\/post"}],"author":[{"embeddable":true,"href":"https:\/\/www.hashtag.al\/index.php\/wp-json\/wp\/v2\/users\/32"}],"replies":[{"embeddable":true,"href":"https:\/\/www.hashtag.al\/index.php\/wp-json\/wp\/v2\/comments?post=759162"}],"version-history":[{"count":99999,"href":"https:\/\/www.hashtag.al\/index.php\/wp-json\/wp\/v2\/posts\/759162\/revisions"}],"predecessor-version":[{"id":759164,"href":"https:\/\/www.hashtag.al\/index.php\/wp-json\/wp\/v2\/posts\/759162\/revisions\/759164"}],"wp:featuredmedia":[{"embeddable":true,"href":"https:\/\/www.hashtag.al\/index.php\/wp-json\/wp\/v2\/media\/759163"}],"wp:attachment":[{"href":"https:\/\/www.hashtag.al\/index.php\/wp-json\/wp\/v2\/media?parent=759162"}],"wp:term":[{"taxonomy":"category","embeddable":true,"href":"https:\/\/www.hashtag.al\/index.php\/wp-json\/wp\/v2\/categories?post=759162"},{"taxonomy":"post_tag","embeddable":true,"href":"https:\/\/www.hashtag.al\/index.php\/wp-json\/wp\/v2\/tags?post=759162"}],"curies":[{"name":"wp","href":"https:\/\/api.w.org\/{rel}","templated":true}]}}