{"id":759030,"date":"2025-09-05T17:00:51","date_gmt":"2025-09-05T15:00:51","guid":{"rendered":"https:\/\/www.hashtag.al\/?p=759030"},"modified":"2025-09-05T17:00:51","modified_gmt":"2025-09-05T15:00:51","slug":"zelensky-thote-se-mijera-trupa-mund-te-vendosen-ne-ukraine-ne-baze-te-garancive-te-sigurise","status":"publish","type":"post","link":"https:\/\/www.hashtag.al\/index.php\/2025\/09\/05\/zelensky-thote-se-mijera-trupa-mund-te-vendosen-ne-ukraine-ne-baze-te-garancive-te-sigurise\/","title":{"rendered":"Zelensky thot\u00eb se mij\u00ebra trupa mund t\u00eb vendosen n\u00eb Ukrain\u00eb n\u00eb baz\u00eb t\u00eb garancive t\u00eb siguris\u00eb","gt_translate_keys":[{"key":"rendered","format":"text"}]},"content":{"rendered":"<p><span style=\"color: #000000;\"><img loading=\"lazy\" decoding=\"async\" class=\"alignnone size-medium wp-image-673788\" src=\"https:\/\/www.hashtag.al\/wp-content\/uploads\/2024\/05\/1715086305_zelensky-300x169.jpg\" alt=\"\" width=\"300\" height=\"169\" srcset=\"https:\/\/www.hashtag.al\/wp-content\/uploads\/2024\/05\/1715086305_zelensky-300x169.jpg 300w, https:\/\/www.hashtag.al\/wp-content\/uploads\/2024\/05\/1715086305_zelensky-768x433.jpg 768w, https:\/\/www.hashtag.al\/wp-content\/uploads\/2024\/05\/1715086305_zelensky.jpg 780w\" sizes=\"auto, (max-width: 300px) 100vw, 300px\" \/><\/span><\/p>\n<p><span style=\"color: #000000;\">Presidenti ukrainas, Volodymyr Zelensky, tha t\u00eb premten se mij\u00ebra trupa mund t\u00eb vendosen n\u00eb Ukrain\u00eb n\u00eb p\u00ebrputhje me garancit\u00eb e siguris\u00eb t\u00eb propozuara nga aleat\u00ebt e saj, pasi t\u00eb ket\u00eb p\u00ebrfunduar lufta e Rusis\u00eb kund\u00ebr vendit t\u00eb tij.<\/span><\/p>\n<p><span style=\"color: #000000;\">Presidenti i Franc\u00ebs, Emmanuel Macron, tha t\u00eb enjten se 26 vende kan\u00eb premtuar garanci sigurie p\u00ebr Ukrain\u00ebn pas luft\u00ebs, duke p\u00ebrfshir\u00eb nj\u00eb forc\u00eb nd\u00ebrkomb\u00ebtare n\u00eb tok\u00eb, n\u00eb det dhe n\u00eb aj\u00ebr.<\/span><\/p>\n<p><span style=\"color: #000000;\">Fillimisht, Macron tha se k\u00ebto vende do t\u00eb d\u00ebrgojn\u00eb trupa n\u00eb Ukrain\u00eb, por m\u00eb pas sqaroi se disa prej tyre do t\u00eb ofrojn\u00eb garanci duke q\u00ebndruar jasht\u00eb Ukrain\u00ebs, p\u00ebr shembull duke ndihmuar n\u00eb trajnimin dhe pajisjen e forcave t\u00eb Kievit.<\/span><\/p>\n<p><span style=\"color: #000000;\"><em>\u00a0\u201c\u00cbsht\u00eb e r\u00ebnd\u00ebsishme q\u00eb po i diskutojm\u00eb t\u00eb gjitha k\u00ebto &#8230; patjet\u00ebr do t\u00eb jen\u00eb mij\u00ebra, jo vet\u00ebm disa [trupa]\u201d,<\/em> tha Zelensky pas takimit me presidentin e K\u00ebshillit Evropian, Antonio Costa, n\u00eb Uzhhorod t\u00eb Ukrain\u00ebs, t\u00eb premten, p\u00ebrcjell <span style=\"color: #0000ff;\"><a style=\"color: #0000ff;\" href=\"https:\/\/www.evropaelire.org\/a\/zelensky-trupa-ukraine-garaci-siguri\/33522698.html\">REL.<\/a><\/span><\/span><\/p>\n<p><span style=\"color: #000000;\">Zelensky theksoi se \u00ebsht\u00eb ende her\u00ebt p\u00ebr t\u00eb folur p\u00ebr holl\u00ebsit\u00eb.<\/span><\/p>\n<p><span style=\"color: #000000;\">Nd\u00ebrkoh\u00eb, presidenti i Rusis\u00eb, Vladimir Putin, tha t\u00eb premten se \u00e7far\u00ebdo trupe per\u00ebndimore e vendosur n\u00eb Ukrain\u00eb do t\u00eb jet\u00eb sh\u00ebnjest\u00ebr legjitime p\u00ebr Mosk\u00ebn.<\/span><\/p>\n<p><span style=\"color: #000000;\">N\u00eb Uzhhorod, Zelensky tha se me Costen ka \u201ckoordinuar hapat\u201d n\u00eb bisedimet p\u00ebr an\u00ebtar\u00ebsimin e Ukrain\u00ebs n\u00eb Bashkimin Evropian.<\/span><\/p>\n<p><span style=\"color: #000000;\">Kievi e sheh an\u00ebtar\u00ebsimin n\u00eb BE si thelb\u00ebsor p\u00ebr sigurin\u00eb dhe rim\u00ebk\u00ebmbjen e vendit pas luft\u00ebs.<\/span><\/p>\n<p><span style=\"color: #000000;\">Zelensky pritet gjithashtu t\u00eb takohet t\u00eb premten me kryeministrin e Sllovakis\u00eb, Robert Fico.<\/span><\/p>\n<p><span style=\"color: #000000;\">Z\u00ebvend\u00ebsministri i energjis\u00eb, Roman Andarak, tha n\u00eb Kopenhag\u00eb se Zelensky pritet t\u00eb diskutoj\u00eb me Ficon p\u00ebr nd\u00ebrprerjen graduale t\u00eb furnizimeve me naft\u00eb ruse p\u00ebrmes Ukrain\u00ebs.<\/span><\/p>\n<p><span style=\"color: #000000;\">Sllovakia varet shum\u00eb nga furnizimet me naft\u00eb nga Rusia p\u00ebrmes tubacionit Druzhba, infrastruktura e t\u00eb cilit \u00ebsht\u00eb sulmuar nga dron\u00ebt ukrainas, duke shkaktuar nd\u00ebrprerje t\u00eb p\u00ebrs\u00ebritura t\u00eb furnizimit q\u00eb kan\u00eb zem\u00ebruar Bratislav\u00ebn.<\/span><\/p>\n<p><span style=\"color: #000000;\">Fico u takua me Putinin t\u00eb mart\u00ebn n\u00eb Pekin dhe tha se Bratislava d\u00ebshiron t\u2019i normalizoj\u00eb marr\u00ebdh\u00ebniet me Mosk\u00ebn.<\/span><\/p>\n<p><span style=\"color: #000000;\">Ukraina u ka b\u00ebr\u00eb thirrje vendeve t\u00eb tjera t\u00eb mos blejn\u00eb m\u00eb naft\u00eb ruse, p\u00ebr t\u2019ia mohuar Mosk\u00ebs fitimin e parave p\u00ebr luft\u00ebn e saj.<\/span><\/p>\n<p><span style=\"color: #000000;\">Presidenti i Shteteve t\u00eb Bashkuara, Donald Trump, u tha udh\u00ebheq\u00ebsve evropian\u00eb t\u00eb enjten se ata duhet t\u00eb mos blejn\u00eb m\u00eb naft\u00eb ruse, sipas nj\u00eb zyrtari t\u00eb Sht\u00ebpis\u00eb s\u00eb Bardh\u00eb.<\/span><\/p>\n","protected":false,"gt_translate_keys":[{"key":"rendered","format":"html"}]},"excerpt":{"rendered":"<p>Presidenti ukrainas, Volodymyr Zelensky, tha t\u00eb premten se mij\u00ebra trupa mund t\u00eb vendosen n\u00eb Ukrain\u00eb n\u00eb p\u00ebrputhje me garancit\u00eb e siguris\u00eb t\u00eb propozuara nga aleat\u00ebt e saj, pasi t\u00eb ket\u00eb p\u00ebrfunduar lufta e Rusis\u00eb kund\u00ebr vendit t\u00eb tij. Presidenti i Franc\u00ebs, Emmanuel Macron, tha t\u00eb enjten se 26 vende kan\u00eb premtuar garanci sigurie p\u00ebr Ukrain\u00ebn [&hellip;]<\/p>\n","protected":false,"gt_translate_keys":[{"key":"rendered","format":"html"}]},"author":32,"featured_media":673788,"comment_status":"closed","ping_status":"open","sticky":false,"template":"","format":"standard","meta":{"footnotes":""},"categories":[6],"tags":[],"class_list":["post-759030","post","type-post","status-publish","format-standard","has-post-thumbnail","hentry","category-nderkombetare"],"gt_translate_keys":[{"key":"link","format":"url"}],"_links":{"self":[{"href":"https:\/\/www.hashtag.al\/index.php\/wp-json\/wp\/v2\/posts\/759030","targetHints":{"allow":["GET"]}}],"collection":[{"href":"https:\/\/www.hashtag.al\/index.php\/wp-json\/wp\/v2\/posts"}],"about":[{"href":"https:\/\/www.hashtag.al\/index.php\/wp-json\/wp\/v2\/types\/post"}],"author":[{"embeddable":true,"href":"https:\/\/www.hashtag.al\/index.php\/wp-json\/wp\/v2\/users\/32"}],"replies":[{"embeddable":true,"href":"https:\/\/www.hashtag.al\/index.php\/wp-json\/wp\/v2\/comments?post=759030"}],"version-history":[{"count":99999,"href":"https:\/\/www.hashtag.al\/index.php\/wp-json\/wp\/v2\/posts\/759030\/revisions"}],"predecessor-version":[{"id":759031,"href":"https:\/\/www.hashtag.al\/index.php\/wp-json\/wp\/v2\/posts\/759030\/revisions\/759031"}],"wp:featuredmedia":[{"embeddable":true,"href":"https:\/\/www.hashtag.al\/index.php\/wp-json\/wp\/v2\/media\/673788"}],"wp:attachment":[{"href":"https:\/\/www.hashtag.al\/index.php\/wp-json\/wp\/v2\/media?parent=759030"}],"wp:term":[{"taxonomy":"category","embeddable":true,"href":"https:\/\/www.hashtag.al\/index.php\/wp-json\/wp\/v2\/categories?post=759030"},{"taxonomy":"post_tag","embeddable":true,"href":"https:\/\/www.hashtag.al\/index.php\/wp-json\/wp\/v2\/tags?post=759030"}],"curies":[{"name":"wp","href":"https:\/\/api.w.org\/{rel}","templated":true}]}}