{"id":759001,"date":"2025-09-05T13:53:04","date_gmt":"2025-09-05T11:53:04","guid":{"rendered":"https:\/\/www.hashtag.al\/?p=759001"},"modified":"2025-09-05T13:53:04","modified_gmt":"2025-09-05T11:53:04","slug":"putin-trupat-perendimore-ne-ukraine-do-te-ishin-objektiv-i-ushtrise-ruse","status":"publish","type":"post","link":"https:\/\/www.hashtag.al\/index.php\/2025\/09\/05\/putin-trupat-perendimore-ne-ukraine-do-te-ishin-objektiv-i-ushtrise-ruse\/","title":{"rendered":"Putin: Trupat per\u00ebndimore n\u00eb Ukrain\u00eb do t\u00eb ishin objektiv i ushtris\u00eb ruse","gt_translate_keys":[{"key":"rendered","format":"text"}]},"content":{"rendered":"<p><span style=\"color: #000000;\"><img loading=\"lazy\" decoding=\"async\" class=\"alignnone size-medium wp-image-757120\" src=\"https:\/\/www.hashtag.al\/wp-content\/uploads\/2025\/08\/putin-1-300x169.jpg\" alt=\"\" width=\"300\" height=\"169\" srcset=\"https:\/\/www.hashtag.al\/wp-content\/uploads\/2025\/08\/putin-1-300x169.jpg 300w, https:\/\/www.hashtag.al\/wp-content\/uploads\/2025\/08\/putin-1-1024x576.jpg 1024w, https:\/\/www.hashtag.al\/wp-content\/uploads\/2025\/08\/putin-1-768x432.jpg 768w, https:\/\/www.hashtag.al\/wp-content\/uploads\/2025\/08\/putin-1.jpg 1536w\" sizes=\"auto, (max-width: 300px) 100vw, 300px\" \/><\/span><\/p>\n<p><span style=\"color: #000000;\">Presidenti rus, Vladimir Putin, paralajm\u00ebroi se \u00e7do dislokim i forcave per\u00ebndimore do t\u00eb ishin objektiv \u201clegjitim\u201d p\u00ebr ushtrin\u00eb e Mosk\u00ebs.<\/span><\/p>\n<p><span style=\"color: #000000;\">Kjo deklarat\u00eb e b\u00ebr\u00eb m\u00eb 5 shtator vjen nj\u00eb dit\u00eb pasi aleat\u00ebt e Kievit than\u00eb se jan\u00eb t\u00eb p\u00ebrkushtuar t\u00eb dislokojn\u00eb trupa n\u00eb Ukrain\u00eb n\u00eb rast se arrihet nj\u00eb marr\u00ebveshje p\u00ebr t\u2019i dh\u00ebn\u00eb fund luft\u00ebs.<\/span><\/p>\n<p><span style=\"color: #000000;\">Dhjet\u00ebra shtete, t\u00eb udh\u00ebhequra nga Franca dhe Britania, u zotuan p\u00ebr dislokimin e nj\u00eb force t\u00eb siguris\u00eb n\u00eb tok\u00eb, aj\u00ebr apo det, p\u00ebr t\u00eb monitoruar nj\u00eb marr\u00ebveshje eventuale t\u00eb paqes.<\/span><\/p>\n<p><span style=\"color: #000000;\"><em>\u201cN\u00ebse disa trupa do t\u00eb shfaqeshin atje, ve\u00e7mas tani gjat\u00eb luftimeve, ne veprojm\u00eb me premisa se ata do t\u00eb jen\u00eb objektiva legjitim\u00eb\u201d,<\/em> tha Putin gjat\u00eb nj\u00eb forumi ekonomik t\u00eb mbajtur n\u00eb qytetin Vlladivostok, n\u00eb Lindjen e Larg\u00ebt t\u00eb Rusis\u00eb.<\/span><\/p>\n<p><span style=\"color: #000000;\">Ai shtoi se dislokimi i nj\u00eb force t\u00eb till\u00eb nuk do t\u00eb kontribuonte n\u00eb nj\u00eb paqe afatgjat\u00eb, duke shtuar se raportet m\u00eb t\u00eb ngushta t\u00eb ushtris\u00eb s\u00eb Ukrain\u00ebs me Per\u00ebndimin ishin nj\u00eb prej atyre q\u00eb ai i cil\u00ebson si \u201cshkaqe kryesore\u201d t\u00eb konfliktit.<\/span><\/p>\n<p><span style=\"color: #000000;\">Aleat\u00ebt e Ukrain\u00ebs nuk kan\u00eb zbuluar detaje specifike t\u00eb planit, p\u00ebrfshir\u00eb se sa trupa do t\u00eb p\u00ebrfshiheshin dhe si do t\u00eb kontribuonin vendet e ndryshme.<\/span><\/p>\n<p><span style=\"color: #000000;\">Kievi thot\u00eb se garancit\u00eb e siguris\u00eb, t\u00eb mb\u00ebshtetura nga trupat per\u00ebndimore, jan\u00eb thelb\u00ebsore p\u00ebr \u00e7do marr\u00ebveshje paqeje, p\u00ebr t\u00eb siguruar q\u00eb Rusia t\u00eb nis\u00eb nj\u00eb ofensiv\u00eb t\u00eb re n\u00eb t\u00eb ardhmen.<\/span><\/p>\n<p><span style=\"color: #000000;\">Dhjet\u00ebra mij\u00ebra persona jan\u00eb vrar\u00eb q\u00eb kur Moska nisi ofensiv\u00ebn e saj n\u00eb shkurt 2022, duke detyruar miliona t\u00eb largohen nga sht\u00ebpit\u00eb e tyre dhe duke shkat\u00ebrruar pjes\u00ebn m\u00eb t\u00eb madhe t\u00eb lindjes dhe jugut t\u00eb Ukrain\u00ebs.<\/span><\/p>\n<p><span style=\"color: #000000;\">Putin tha se n\u00ebse mund t\u00eb arrihet nj\u00eb marr\u00ebveshje, nuk do t\u00eb ket\u00eb nevoj\u00eb p\u00ebr trupa.<\/span><\/p>\n<p><span style=\"color: #000000;\"><em>\u201cN\u00ebse arrihen vendime q\u00eb do t\u00eb \u00e7ojn\u00eb n\u00eb paqe, n\u00eb paqe afatgjat\u00eb, at\u00ebher\u00eb un\u00eb thjesht nuk shoh arsye p\u00ebr pranin\u00eb e tyre n\u00eb territorin e Ukrain\u00ebs. Sepse n\u00ebse arrihen marr\u00ebveshje, nuk duhet t\u00eb ket\u00eb dyshime q\u00eb Rusia nuk do ta respektoj\u00eb<\/em>\u201d, tha ai.<\/span><\/p>\n<p><span style=\"color: #000000;\">Ukraina dhe Per\u00ebndimi p\u00ebrmendin nj\u00eb s\u00ebr\u00eb rastesh kur Rusia ka shkelur marr\u00ebveshjet, p\u00ebrfshir\u00eb periudh\u00ebn 2014-2022, kur separatist\u00ebt e mb\u00ebshtetur nga Moska luftonin me ushtrin\u00eb e Kievit n\u00eb lindje t\u00eb shtetit.\/<span style=\"color: #0000ff;\"><a style=\"color: #0000ff;\" href=\"https:\/\/www.evropaelire.org\/a\/vladimir-putin-dislokimi-i-trupave-ne-ukraine-\/33522400.html\">REL<\/a><\/span><\/span><\/p>\n","protected":false,"gt_translate_keys":[{"key":"rendered","format":"html"}]},"excerpt":{"rendered":"<p>Presidenti rus, Vladimir Putin, paralajm\u00ebroi se \u00e7do dislokim i forcave per\u00ebndimore do t\u00eb ishin objektiv \u201clegjitim\u201d p\u00ebr ushtrin\u00eb e Mosk\u00ebs. Kjo deklarat\u00eb e b\u00ebr\u00eb m\u00eb 5 shtator vjen nj\u00eb dit\u00eb pasi aleat\u00ebt e Kievit than\u00eb se jan\u00eb t\u00eb p\u00ebrkushtuar t\u00eb dislokojn\u00eb trupa n\u00eb Ukrain\u00eb n\u00eb rast se arrihet nj\u00eb marr\u00ebveshje p\u00ebr t\u2019i dh\u00ebn\u00eb fund luft\u00ebs. [&hellip;]<\/p>\n","protected":false,"gt_translate_keys":[{"key":"rendered","format":"html"}]},"author":32,"featured_media":757120,"comment_status":"closed","ping_status":"open","sticky":false,"template":"","format":"standard","meta":{"footnotes":""},"categories":[6],"tags":[],"class_list":["post-759001","post","type-post","status-publish","format-standard","has-post-thumbnail","hentry","category-nderkombetare"],"gt_translate_keys":[{"key":"link","format":"url"}],"_links":{"self":[{"href":"https:\/\/www.hashtag.al\/index.php\/wp-json\/wp\/v2\/posts\/759001","targetHints":{"allow":["GET"]}}],"collection":[{"href":"https:\/\/www.hashtag.al\/index.php\/wp-json\/wp\/v2\/posts"}],"about":[{"href":"https:\/\/www.hashtag.al\/index.php\/wp-json\/wp\/v2\/types\/post"}],"author":[{"embeddable":true,"href":"https:\/\/www.hashtag.al\/index.php\/wp-json\/wp\/v2\/users\/32"}],"replies":[{"embeddable":true,"href":"https:\/\/www.hashtag.al\/index.php\/wp-json\/wp\/v2\/comments?post=759001"}],"version-history":[{"count":99999,"href":"https:\/\/www.hashtag.al\/index.php\/wp-json\/wp\/v2\/posts\/759001\/revisions"}],"predecessor-version":[{"id":759002,"href":"https:\/\/www.hashtag.al\/index.php\/wp-json\/wp\/v2\/posts\/759001\/revisions\/759002"}],"wp:featuredmedia":[{"embeddable":true,"href":"https:\/\/www.hashtag.al\/index.php\/wp-json\/wp\/v2\/media\/757120"}],"wp:attachment":[{"href":"https:\/\/www.hashtag.al\/index.php\/wp-json\/wp\/v2\/media?parent=759001"}],"wp:term":[{"taxonomy":"category","embeddable":true,"href":"https:\/\/www.hashtag.al\/index.php\/wp-json\/wp\/v2\/categories?post=759001"},{"taxonomy":"post_tag","embeddable":true,"href":"https:\/\/www.hashtag.al\/index.php\/wp-json\/wp\/v2\/tags?post=759001"}],"curies":[{"name":"wp","href":"https:\/\/api.w.org\/{rel}","templated":true}]}}