{"id":758761,"date":"2025-09-04T08:57:23","date_gmt":"2025-09-04T06:57:23","guid":{"rendered":"https:\/\/www.hashtag.al\/?p=758761"},"modified":"2025-09-04T08:57:23","modified_gmt":"2025-09-04T06:57:23","slug":"trump-paralajmeron-bisede-me-zelenskyn-per-luften-ne-ukraine","status":"publish","type":"post","link":"https:\/\/www.hashtag.al\/index.php\/2025\/09\/04\/trump-paralajmeron-bisede-me-zelenskyn-per-luften-ne-ukraine\/","title":{"rendered":"Trump paralajm\u00ebron bised\u00eb me Zelenskyn p\u00ebr luft\u00ebn n\u00eb Ukrain\u00eb","gt_translate_keys":[{"key":"rendered","format":"text"}]},"content":{"rendered":"<p data-start=\"153\" data-end=\"440\"><span style=\"color: #000000;\"><img loading=\"lazy\" decoding=\"async\" class=\"aligncenter size-full wp-image-758762\" src=\"https:\/\/www.hashtag.al\/wp-content\/uploads\/2025\/09\/Screenshot-2025-09-04-082612.png\" alt=\"\" width=\"597\" height=\"396\" srcset=\"https:\/\/www.hashtag.al\/wp-content\/uploads\/2025\/09\/Screenshot-2025-09-04-082612.png 597w, https:\/\/www.hashtag.al\/wp-content\/uploads\/2025\/09\/Screenshot-2025-09-04-082612-300x199.png 300w\" sizes=\"auto, (max-width: 597px) 100vw, 597px\" \/><\/span><\/p>\n<p data-start=\"153\" data-end=\"440\"><span style=\"color: #000000;\">Presidenti amerikan Donald Trump deklaroi t\u00eb m\u00ebrkur\u00ebn se do t\u00eb zhvilloj\u00eb s\u00eb shpejti nj\u00eb bised\u00eb telefonike me presidentin e Ukrain\u00ebs, Volodymyr Zelensky, n\u00eb nj\u00eb koh\u00eb kur p\u00ebrpjekjet p\u00ebr t\u2019i dh\u00ebn\u00eb fund luft\u00ebs s\u00eb Rusis\u00eb n\u00eb Ukrain\u00eb kan\u00eb ngecur, duke shkaktuar frustrim n\u00eb Sht\u00ebpin\u00eb e Bardh\u00eb.<\/span><\/p>\n<p data-start=\"442\" data-end=\"676\"><span style=\"color: #000000;\"><em>\u201cDo t\u00eb zhvilloj nj\u00eb bised\u00eb me t\u00eb shum\u00eb shpejt dhe do t\u00eb di pak a shum\u00eb se \u00e7far\u00eb do t\u00eb b\u00ebjm\u00eb\u2026 Do t\u00eb flas me t\u00eb gjat\u00eb dit\u00ebve t\u00eb ardhshme dhe do ta shohim\u201d,<\/em> tha Trump gjat\u00eb nj\u00eb takimi n\u00eb Zyr\u00ebn Ovale me presidentin polak Karol Nawrocki.<\/span><\/p>\n<p data-start=\"678\" data-end=\"877\"><span style=\"color: #000000;\">Sht\u00ebpia e Bardh\u00eb sqaroi m\u00eb von\u00eb se telefonata mes Trump dhe Zelenskyt \u00ebsht\u00eb planifikuar p\u00ebr t\u00eb enjten, nd\u00ebrsa theksoi se aktualisht nuk ka asnj\u00eb bised\u00eb t\u00eb caktuar me presidentin rus Vladimir Putin, shkruan <a href=\"https:\/\/edition.cnn.com\/2025\/09\/03\/politics\/trump-zelensky-russia-ukraine-war\"><span style=\"color: #0000ff;\"><strong>CNN.<\/strong><\/span><\/a><\/span><\/p>\n<p class=\"paragraph-elevate inline-placeholder vossi-paragraph\" data-uri=\"cms.cnn.com\/_components\/paragraph\/instances\/cmf4cqo5r00093b6nupxq972g@published\" data-editable=\"text\" data-component-name=\"paragraph\" data-article-gutter=\"true\"><span dir=\"auto\" style=\"color: #000000;\">I pyetur p\u00ebr mesazhin e tij p\u00ebr Putinin, t\u00eb cilit i ka dh\u00ebn\u00eb afate t\u00eb p\u00ebrs\u00ebritura &#8220;dy-javore&#8221;, Trump tha se nuk kishte asnj\u00eb, por ofroi nj\u00eb paralajm\u00ebrim delikat.<\/span><\/p>\n<p class=\"paragraph-elevate inline-placeholder vossi-paragraph\" data-uri=\"cms.cnn.com\/_components\/paragraph\/instances\/cmf4cqo5r000a3b6n3aqh867w@published\" data-editable=\"text\" data-component-name=\"paragraph\" data-article-gutter=\"true\"><span dir=\"auto\" style=\"color: #000000;\"><em>\u201cNuk kam asnj\u00eb mesazh p\u00ebr Presidentin Putin. Ai e di se ku q\u00ebndroj un\u00eb dhe do t\u00eb marr\u00eb nj\u00eb vendim n\u00eb nj\u00eb m\u00ebnyr\u00eb ose n\u00eb tjetr\u00ebn. Cilido qoft\u00eb vendimi i tij, ne ose do t\u00eb jemi t\u00eb lumtur p\u00ebr t\u00eb, ose t\u00eb pak\u00ebnaqur. Dhe n\u00ebse jemi t\u00eb pak\u00ebnaqur p\u00ebr k\u00ebt\u00eb, do t\u00eb shihni se si do t\u00eb ndodhin gj\u00ebrat\u201d,<\/em> tha ai.<\/span><\/p>\n","protected":false,"gt_translate_keys":[{"key":"rendered","format":"html"}]},"excerpt":{"rendered":"<p>Presidenti amerikan Donald Trump deklaroi t\u00eb m\u00ebrkur\u00ebn se do t\u00eb zhvilloj\u00eb s\u00eb shpejti nj\u00eb bised\u00eb telefonike me presidentin e Ukrain\u00ebs, Volodymyr Zelensky, n\u00eb nj\u00eb koh\u00eb kur p\u00ebrpjekjet p\u00ebr t\u2019i dh\u00ebn\u00eb fund luft\u00ebs s\u00eb Rusis\u00eb n\u00eb Ukrain\u00eb kan\u00eb ngecur, duke shkaktuar frustrim n\u00eb Sht\u00ebpin\u00eb e Bardh\u00eb. \u201cDo t\u00eb zhvilloj nj\u00eb bised\u00eb me t\u00eb shum\u00eb shpejt dhe [&hellip;]<\/p>\n","protected":false,"gt_translate_keys":[{"key":"rendered","format":"html"}]},"author":49,"featured_media":758762,"comment_status":"closed","ping_status":"open","sticky":false,"template":"","format":"standard","meta":{"footnotes":""},"categories":[6],"tags":[],"class_list":["post-758761","post","type-post","status-publish","format-standard","has-post-thumbnail","hentry","category-nderkombetare"],"gt_translate_keys":[{"key":"link","format":"url"}],"_links":{"self":[{"href":"https:\/\/www.hashtag.al\/index.php\/wp-json\/wp\/v2\/posts\/758761","targetHints":{"allow":["GET"]}}],"collection":[{"href":"https:\/\/www.hashtag.al\/index.php\/wp-json\/wp\/v2\/posts"}],"about":[{"href":"https:\/\/www.hashtag.al\/index.php\/wp-json\/wp\/v2\/types\/post"}],"author":[{"embeddable":true,"href":"https:\/\/www.hashtag.al\/index.php\/wp-json\/wp\/v2\/users\/49"}],"replies":[{"embeddable":true,"href":"https:\/\/www.hashtag.al\/index.php\/wp-json\/wp\/v2\/comments?post=758761"}],"version-history":[{"count":99999,"href":"https:\/\/www.hashtag.al\/index.php\/wp-json\/wp\/v2\/posts\/758761\/revisions"}],"predecessor-version":[{"id":758763,"href":"https:\/\/www.hashtag.al\/index.php\/wp-json\/wp\/v2\/posts\/758761\/revisions\/758763"}],"wp:featuredmedia":[{"embeddable":true,"href":"https:\/\/www.hashtag.al\/index.php\/wp-json\/wp\/v2\/media\/758762"}],"wp:attachment":[{"href":"https:\/\/www.hashtag.al\/index.php\/wp-json\/wp\/v2\/media?parent=758761"}],"wp:term":[{"taxonomy":"category","embeddable":true,"href":"https:\/\/www.hashtag.al\/index.php\/wp-json\/wp\/v2\/categories?post=758761"},{"taxonomy":"post_tag","embeddable":true,"href":"https:\/\/www.hashtag.al\/index.php\/wp-json\/wp\/v2\/tags?post=758761"}],"curies":[{"name":"wp","href":"https:\/\/api.w.org\/{rel}","templated":true}]}}