{"id":758428,"date":"2025-09-02T12:58:53","date_gmt":"2025-09-02T10:58:53","guid":{"rendered":"https:\/\/www.hashtag.al\/?p=758428"},"modified":"2025-09-02T12:58:53","modified_gmt":"2025-09-02T10:58:53","slug":"ambasadori-amerikan-ne-nato-shba-ja-do-stabilitet-ne-ballkanin-perendimor","status":"publish","type":"post","link":"https:\/\/www.hashtag.al\/index.php\/2025\/09\/02\/ambasadori-amerikan-ne-nato-shba-ja-do-stabilitet-ne-ballkanin-perendimor\/","title":{"rendered":"Ambasadori amerikan n\u00eb NATO: SHBA-ja do stabilitet n\u00eb Ballkanin Per\u00ebndimor","gt_translate_keys":[{"key":"rendered","format":"text"}]},"content":{"rendered":"<p><span style=\"color: #000000;\"><img loading=\"lazy\" decoding=\"async\" class=\"aligncenter size-full wp-image-758429\" src=\"https:\/\/www.hashtag.al\/wp-content\/uploads\/2025\/09\/Screenshot-2025-09-02-112650.png\" alt=\"\" width=\"1051\" height=\"596\" srcset=\"https:\/\/www.hashtag.al\/wp-content\/uploads\/2025\/09\/Screenshot-2025-09-02-112650.png 1051w, https:\/\/www.hashtag.al\/wp-content\/uploads\/2025\/09\/Screenshot-2025-09-02-112650-300x170.png 300w, https:\/\/www.hashtag.al\/wp-content\/uploads\/2025\/09\/Screenshot-2025-09-02-112650-1024x581.png 1024w, https:\/\/www.hashtag.al\/wp-content\/uploads\/2025\/09\/Screenshot-2025-09-02-112650-768x436.png 768w\" sizes=\"auto, (max-width: 1051px) 100vw, 1051px\" \/><\/span><\/p>\n<p><span style=\"color: #000000;\">N\u00eb nj\u00eb nga panelet e Forumit Strategjik t\u00eb Bledit, ambasadori amerikan n\u00eb NATO, Matthew G. Whitaker, tha se Shtetet e Bashkuara t\u00eb Amerik\u00ebs po ndjekin nga af\u00ebr situat\u00ebn n\u00eb Serbi dhe n\u00eb entitetin Republika S\u00ebrpska t\u00eb Bosnje e Hercegovin\u00ebs, me synimin q\u00eb t\u00eb mos lejohet asnj\u00eb zhvillim q\u00eb mund t\u00eb \u00e7oj\u00eb n\u00eb konflikt rajonal.<\/span><\/p>\n<p><span style=\"color: #000000;\">\u201cPo ndjekim me shum\u00eb kujdes gjith\u00e7ka q\u00eb po ndodh si n\u00eb Republik\u00ebn S\u00ebrpska, ashtu edhe n\u00eb Serbi. Aktualisht, jemi t\u00eb p\u00ebrqendruar q\u00eb situata t\u00eb mos shnd\u00ebrrohet n\u00eb nj\u00eb konflikt t\u00eb mundsh\u00ebm rajonal\u201d, tha Whitaker.<\/span><\/p>\n<p><span style=\"color: #000000;\">Ai theksoi se SHBA-ja \u201cdo stabilitet n\u00eb Ballkanin Per\u00ebndimor\u201d dhe kjo, si\u00e7 tha, \u00ebsht\u00eb e r\u00ebnd\u00ebsishme edhe p\u00ebr partner\u00ebt evropian\u00eb brenda NATO-s, t\u00eb cil\u00ebt \u201ce kan\u00eb detyrim t\u00eb veprojn\u00eb s\u00eb bashku n\u00eb situata krize\u201d.<\/span><\/p>\n<p><span style=\"color: #000000;\">Serbia ka qen\u00eb prej muajsh e p\u00ebrfshir\u00eb nga protestat antiqeveritare, t\u00eb cilat shpesh jan\u00eb shnd\u00ebrruar n\u00eb episode dhune, nd\u00ebrsa presidenti Aleksandar Vu\u00e7i\u00e7, pa asnj\u00eb prov\u00eb, akuzon agjitator\u00eb t\u00eb huaj p\u00ebr p\u00ebrpjekje p\u00ebr t\u00eb nxitur revolucion.<\/span><\/p>\n<p><span style=\"color: #000000;\">N\u00eb Republik\u00ebn S\u00ebrpska, Millorad Dodik sfidon vendimin e Gjykat\u00ebs s\u00eb Bosnje e Hercegovin\u00ebs p\u00ebr t&#8217;ia hequr mandatin presidencial pas nj\u00eb d\u00ebnimi dhe vazhdimisht k\u00ebrc\u00ebnon me ndarjen e k\u00ebtij entiteti nga pjesa tjet\u00ebr e Bosnj\u00ebs.<\/span><\/p>\n<p><span style=\"color: #000000;\">I pyetur n\u00ebse NATO-ja do t\u00eb nd\u00ebrhynte, n\u00ebse kriza politike do t\u00eb p\u00ebrshkall\u00ebzohej n\u00eb nj\u00eb konflikt t\u00eb armatosur, sidomos n\u00eb Bosnje dhe Hercegovin\u00eb, por edhe n\u00eb Serbi, Whitaker tha se NATO-ja vepron me unanimitet, por shtoi se \u201cjemi shum\u00eb larg di\u00e7kaje t\u00eb till\u00eb\u201d.<\/span><\/p>\n<p><span style=\"color: #000000;\">\u201cN\u00ebse NATO-ja do t\u00eb p\u00ebrfshihet\u2026 Rregulli num\u00ebr 1 n\u00eb politik\u00eb \u00ebsht\u00eb t\u00eb mos u p\u00ebrgjigjesh hipotezave. Mendoj se duhet t\u00eb shohim se si do t\u00eb zhvillohen gj\u00ebrat\u201d, tha Whitaker.<\/span><\/p>\n<p><span style=\"color: #000000;\">\u201cNe do t\u00eb vazhdojm\u00eb t\u2019i inkurajojm\u00eb t\u00eb gjitha pal\u00ebt q\u00eb t\u00eb punojn\u00eb n\u00eb p\u00ebrputhje me marr\u00ebveshjet e Dejtonit\u201d, tha ai, duke iu referuar marr\u00ebveshjeve q\u00eb i dhan\u00eb fund luft\u00ebs n\u00eb Bosnje n\u00eb vitet \u201990.<\/span><\/p>\n<p><span style=\"color: #000000;\">Ambasadori amerikan tha, po ashtu, se \u201cNATO-ja \u00ebsht\u00eb m\u00eb e fort\u00eb se kurr\u00eb\u201d dhe se \u201ckjo duhet t\u00eb jet\u00eb shum\u00eb shqet\u00ebsuese p\u00ebr kund\u00ebrshtar\u00ebt tan\u00eb\u201d.<\/span><\/p>\n<p><span style=\"color: #000000;\">N\u00eb pyetjen n\u00ebse presidenti amerikan, Donald Trump, mund t\u00eb takohej me presidentin serb, Aleksandar Vu\u00e7iq, ose me ish-presidentin e Republik\u00ebs S\u00ebrpska, Millorad Dodik, Whitaker tha se p\u00ebr takime t\u00eb tilla nuk ka asnj\u00eb paralajm\u00ebrim, por se ato mund t\u00eb diskutohen n\u00ebse do t\u00eb kishte p\u00ebrfitime t\u00eb qarta p\u00ebr paqen dhe stabilitetin.<\/span><\/p>\n<p><span style=\"color: #000000;\">Ai tha se presidenti Trump ka nj\u00eb aft\u00ebsi t\u00eb ve\u00e7ant\u00eb p\u00ebr t\u00eb komunikuar me lider\u00eb bot\u00ebror\u00eb, p\u00ebr t\u00eb p\u00ebrdorur ndikimin e presidenc\u00ebs amerikane dhe fuqin\u00eb e shtetit, n\u00eb t\u00eb mir\u00eb t\u00eb paqes, demokracis\u00eb, stabilitetit dhe zhvillimit ekonomik.<\/span><\/p>\n<p><span style=\"color: #000000;\">Ai theksoi se, n\u00ebse Trump do t\u00eb vendoste t\u00eb takohej me Vu\u00e7i\u00e7in ose Dodikun, nj\u00eb gj\u00eb e till\u00eb nuk do t\u00eb b\u00ebhej p\u00ebr t\u00eb forcuar pozit\u00ebn e tyre politike, por vet\u00ebm n\u00ebse do t\u00eb sh\u00ebrbente p\u00ebr avancimin e interesave m\u00eb t\u00eb gjera t\u00eb paqes dhe stabilitetit.<\/span><\/p>\n<p><span style=\"color: #000000;\">\u201cSigurisht q\u00eb nuk do t\u00eb pranonte nj\u00eb takim q\u00eb synon forcimin e pozicionit politik t\u00eb ndonj\u00eb udh\u00ebheq\u00ebsi. Kjo nuk \u00ebsht\u00eb ajo q\u00eb b\u00ebn presidenti Trump\u201d, tha ambasadori amerikan.<\/span><\/p>\n<p><span style=\"color: #000000;\">Ai e p\u00ebrshkroi Trumpin si \u201cpaqeb\u00ebr\u00ebs\u201d, duke theksuar se politika e tij fokusohet n\u00eb rezultate dhe n\u00eb krijimin e mund\u00ebsive p\u00ebr p\u00ebrparim.<a href=\"https:\/\/www.evropaelire.org\/a\/ambasadori-amerikan-nato-shba-stabilitet-ballkan\/33519480.html\"><span style=\"color: #0000ff;\"><strong>\/REL<\/strong><\/span><\/a><\/span><\/p>\n","protected":false,"gt_translate_keys":[{"key":"rendered","format":"html"}]},"excerpt":{"rendered":"<p>N\u00eb nj\u00eb nga panelet e Forumit Strategjik t\u00eb Bledit, ambasadori amerikan n\u00eb NATO, Matthew G. Whitaker, tha se Shtetet e Bashkuara t\u00eb Amerik\u00ebs po ndjekin nga af\u00ebr situat\u00ebn n\u00eb Serbi dhe n\u00eb entitetin Republika S\u00ebrpska t\u00eb Bosnje e Hercegovin\u00ebs, me synimin q\u00eb t\u00eb mos lejohet asnj\u00eb zhvillim q\u00eb mund t\u00eb \u00e7oj\u00eb n\u00eb konflikt rajonal. \u201cPo [&hellip;]<\/p>\n","protected":false,"gt_translate_keys":[{"key":"rendered","format":"html"}]},"author":49,"featured_media":758429,"comment_status":"closed","ping_status":"open","sticky":false,"template":"","format":"standard","meta":{"footnotes":""},"categories":[6],"tags":[],"class_list":["post-758428","post","type-post","status-publish","format-standard","has-post-thumbnail","hentry","category-nderkombetare"],"gt_translate_keys":[{"key":"link","format":"url"}],"_links":{"self":[{"href":"https:\/\/www.hashtag.al\/index.php\/wp-json\/wp\/v2\/posts\/758428","targetHints":{"allow":["GET"]}}],"collection":[{"href":"https:\/\/www.hashtag.al\/index.php\/wp-json\/wp\/v2\/posts"}],"about":[{"href":"https:\/\/www.hashtag.al\/index.php\/wp-json\/wp\/v2\/types\/post"}],"author":[{"embeddable":true,"href":"https:\/\/www.hashtag.al\/index.php\/wp-json\/wp\/v2\/users\/49"}],"replies":[{"embeddable":true,"href":"https:\/\/www.hashtag.al\/index.php\/wp-json\/wp\/v2\/comments?post=758428"}],"version-history":[{"count":99999,"href":"https:\/\/www.hashtag.al\/index.php\/wp-json\/wp\/v2\/posts\/758428\/revisions"}],"predecessor-version":[{"id":758430,"href":"https:\/\/www.hashtag.al\/index.php\/wp-json\/wp\/v2\/posts\/758428\/revisions\/758430"}],"wp:featuredmedia":[{"embeddable":true,"href":"https:\/\/www.hashtag.al\/index.php\/wp-json\/wp\/v2\/media\/758429"}],"wp:attachment":[{"href":"https:\/\/www.hashtag.al\/index.php\/wp-json\/wp\/v2\/media?parent=758428"}],"wp:term":[{"taxonomy":"category","embeddable":true,"href":"https:\/\/www.hashtag.al\/index.php\/wp-json\/wp\/v2\/categories?post=758428"},{"taxonomy":"post_tag","embeddable":true,"href":"https:\/\/www.hashtag.al\/index.php\/wp-json\/wp\/v2\/tags?post=758428"}],"curies":[{"name":"wp","href":"https:\/\/api.w.org\/{rel}","templated":true}]}}