{"id":757890,"date":"2025-08-29T22:50:04","date_gmt":"2025-08-29T20:50:04","guid":{"rendered":"https:\/\/www.hashtag.al\/?p=757890"},"modified":"2025-08-29T22:50:04","modified_gmt":"2025-08-29T20:50:04","slug":"jemi-gati-per-shirat-me-intensitet-te-larte-qe-priten-kryetarja-e-komanduar-e-bashkise-tirane","status":"publish","type":"post","link":"https:\/\/www.hashtag.al\/index.php\/2025\/08\/29\/jemi-gati-per-shirat-me-intensitet-te-larte-qe-priten-kryetarja-e-komanduar-e-bashkise-tirane\/","title":{"rendered":"\u201cJemi gati p\u00ebr shirat me intensitet t\u00eb lart\u00eb q\u00eb priten\u201d &#8211; Kryetarja e komanduar e bashkis\u00eb Tiran\u00eb","gt_translate_keys":[{"key":"rendered","format":"text"}]},"content":{"rendered":"<p><img loading=\"lazy\" decoding=\"async\" class=\"aligncenter size-full wp-image-757891\" src=\"https:\/\/www.hashtag.al\/wp-content\/uploads\/2025\/08\/maxresdefault-e1756500589805.jpg\" alt=\"\" width=\"1278\" height=\"608\" srcset=\"https:\/\/www.hashtag.al\/wp-content\/uploads\/2025\/08\/maxresdefault-e1756500589805.jpg 1278w, https:\/\/www.hashtag.al\/wp-content\/uploads\/2025\/08\/maxresdefault-e1756500589805-300x143.jpg 300w, https:\/\/www.hashtag.al\/wp-content\/uploads\/2025\/08\/maxresdefault-e1756500589805-1024x487.jpg 1024w, https:\/\/www.hashtag.al\/wp-content\/uploads\/2025\/08\/maxresdefault-e1756500589805-768x365.jpg 768w\" sizes=\"auto, (max-width: 1278px) 100vw, 1278px\" \/><\/p>\n<p><span style=\"color: #000000;\">Kryetarja e komanduar e Bashkis\u00eb s\u00eb Tiran\u00ebs, Anuela Ristani, tha se bashkia ishte gati p\u00ebr shirat me intensitet t\u00eb lart\u00eb q\u00eb pritet t\u00eb bien n\u00eb kryeqytet n\u00eb datat 29 gusht-2 shtator.<\/span><\/p>\n<p><span style=\"color: #000000;\">Ajo u b\u00ebri thirrje qytetar\u00ebve q\u00eb t\u00eb shmangin l\u00ebvizjet e panevojshme.<\/span><\/p>\n<p><span style=\"color: #000000;\"><em><i>\u201cT\u00eb dashur qytetar\u00eb! Sipas Buletinit Meteorologjik t\u00eb Sh\u00ebrbimit Meteorologjik Ushtarak, p\u00ebr periudh\u00ebn 29 Gusht 2 Shtator priten situata t\u00eb v\u00ebshtira atmosferike me reshje shiu me intensitet t\u00eb lart\u00eb.<\/i><\/em><\/span><\/p>\n<p><span style=\"color: #000000;\"><em><i>Ju k\u00ebshillojm\u00eb t\u00eb tregoni kujdes gjat\u00eb k\u00ebtyre dit\u00ebve, t\u00eb shmangni l\u00ebvizjet e panevojshme n\u00eb zonat me rrezik p\u00ebrmbytjeje dhe t\u00eb merrni masat e nevojshme p\u00ebr sigurin\u00eb tuaj dhe t\u00eb familjeve tuaja. Strukturat e Bashkis\u00eb s\u00eb Tiran\u00ebs dhe Emergjencat Civile jan\u00eb n\u00eb gatishm\u00ebri t\u00eb shtuar p\u00ebr menaxhimin e situat\u00ebs. P\u00ebr \u00e7do rast emergjent, mund t\u00eb kontaktoni n\u00eb numrat: 112 &#8211; Emergjencat Civile, 127 -Urgjenca Mjek\u00ebsore, 128 &#8211; Policia Bashkia \u00ebsht\u00eb pran\u00eb jush dhe n\u00eb sh\u00ebrbimin tuaj 24\/7\u201d,<\/i><\/em>\u00a0n\u00ebnvizon Ristani.<\/span><\/p>\n","protected":false,"gt_translate_keys":[{"key":"rendered","format":"html"}]},"excerpt":{"rendered":"<p>Kryetarja e komanduar e Bashkis\u00eb s\u00eb Tiran\u00ebs, Anuela Ristani, tha se bashkia ishte gati p\u00ebr shirat me intensitet t\u00eb lart\u00eb q\u00eb pritet t\u00eb bien n\u00eb kryeqytet n\u00eb datat 29 gusht-2 shtator. Ajo u b\u00ebri thirrje qytetar\u00ebve q\u00eb t\u00eb shmangin l\u00ebvizjet e panevojshme. \u201cT\u00eb dashur qytetar\u00eb! Sipas Buletinit Meteorologjik t\u00eb Sh\u00ebrbimit Meteorologjik Ushtarak, p\u00ebr periudh\u00ebn 29 [&hellip;]<\/p>\n","protected":false,"gt_translate_keys":[{"key":"rendered","format":"html"}]},"author":51,"featured_media":757891,"comment_status":"closed","ping_status":"open","sticky":false,"template":"","format":"standard","meta":{"footnotes":""},"categories":[65],"tags":[],"class_list":["post-757890","post","type-post","status-publish","format-standard","has-post-thumbnail","hentry","category-lajme"],"gt_translate_keys":[{"key":"link","format":"url"}],"_links":{"self":[{"href":"https:\/\/www.hashtag.al\/index.php\/wp-json\/wp\/v2\/posts\/757890","targetHints":{"allow":["GET"]}}],"collection":[{"href":"https:\/\/www.hashtag.al\/index.php\/wp-json\/wp\/v2\/posts"}],"about":[{"href":"https:\/\/www.hashtag.al\/index.php\/wp-json\/wp\/v2\/types\/post"}],"author":[{"embeddable":true,"href":"https:\/\/www.hashtag.al\/index.php\/wp-json\/wp\/v2\/users\/51"}],"replies":[{"embeddable":true,"href":"https:\/\/www.hashtag.al\/index.php\/wp-json\/wp\/v2\/comments?post=757890"}],"version-history":[{"count":99999,"href":"https:\/\/www.hashtag.al\/index.php\/wp-json\/wp\/v2\/posts\/757890\/revisions"}],"predecessor-version":[{"id":757892,"href":"https:\/\/www.hashtag.al\/index.php\/wp-json\/wp\/v2\/posts\/757890\/revisions\/757892"}],"wp:featuredmedia":[{"embeddable":true,"href":"https:\/\/www.hashtag.al\/index.php\/wp-json\/wp\/v2\/media\/757891"}],"wp:attachment":[{"href":"https:\/\/www.hashtag.al\/index.php\/wp-json\/wp\/v2\/media?parent=757890"}],"wp:term":[{"taxonomy":"category","embeddable":true,"href":"https:\/\/www.hashtag.al\/index.php\/wp-json\/wp\/v2\/categories?post=757890"},{"taxonomy":"post_tag","embeddable":true,"href":"https:\/\/www.hashtag.al\/index.php\/wp-json\/wp\/v2\/tags?post=757890"}],"curies":[{"name":"wp","href":"https:\/\/api.w.org\/{rel}","templated":true}]}}