{"id":757835,"date":"2025-08-29T18:48:27","date_gmt":"2025-08-29T16:48:27","guid":{"rendered":"https:\/\/www.hashtag.al\/?p=757835"},"modified":"2025-08-29T18:48:27","modified_gmt":"2025-08-29T16:48:27","slug":"anetaresimi-i-ukraines-goditje-vdekjeprurese-per-be-ne-ministri-hungarez","status":"publish","type":"post","link":"https:\/\/www.hashtag.al\/index.php\/2025\/08\/29\/anetaresimi-i-ukraines-goditje-vdekjeprurese-per-be-ne-ministri-hungarez\/","title":{"rendered":"\u201cAn\u00ebtar\u00ebsimi i Ukrain\u00ebs \u201cgoditje vdekjeprur\u00ebse\u201d p\u00ebr BE-n\u00eb\u201d &#8211; Ministri hungarez","gt_translate_keys":[{"key":"rendered","format":"text"}]},"content":{"rendered":"<p><img loading=\"lazy\" decoding=\"async\" class=\"aligncenter size-full wp-image-513096\" src=\"https:\/\/www.hashtag.al\/wp-content\/uploads\/2022\/03\/szijatro.jpg\" alt=\"\" width=\"1200\" height=\"720\" srcset=\"https:\/\/www.hashtag.al\/wp-content\/uploads\/2022\/03\/szijatro.jpg 1200w, https:\/\/www.hashtag.al\/wp-content\/uploads\/2022\/03\/szijatro-300x180.jpg 300w, https:\/\/www.hashtag.al\/wp-content\/uploads\/2022\/03\/szijatro-1024x614.jpg 1024w, https:\/\/www.hashtag.al\/wp-content\/uploads\/2022\/03\/szijatro-768x461.jpg 768w\" sizes=\"auto, (max-width: 1200px) 100vw, 1200px\" \/><\/p>\n<p><span style=\"color: #000000;\">Lejimi i Ukrain\u00ebs p\u00ebr t&#8217;u an\u00ebtar\u00ebsuar n\u00eb Bashkimin Evropian do shkaktonte nj\u00eb &#8220;goditje vdekjeprur\u00ebse&#8221; n\u00eb bllok, paralajm\u00ebroi ministri i Jasht\u00ebm Hungarez Peter Szijjarto. Ai argumentoi se bisedimet e p\u00ebrshpejtuara t\u00eb pranimit p\u00ebr Kievin do p\u00ebrkeq\u00ebsonin pozicionin tashm\u00eb t\u00eb brisht\u00eb t\u00eb BE-s\u00eb n\u00eb sken\u00ebn globale.<\/span><\/p>\n<p><span style=\"color: #000000;\">Duke folur n\u00eb nj\u00eb panel diskutimi t\u00eb organizuar nga revista hungareze \u201cMandineron\u201d t\u00eb m\u00ebrkur\u00ebn, Szijjarto shpjegoi pse vendi i tij kund\u00ebrshton integrimin e Ukrain\u00ebs, shkruan <span style=\"color: #0000ff;\"><a style=\"color: #0000ff;\" href=\"https:\/\/rurtnews.com\/news\/623654-ukraine-eu-deadly-blow\/\">RT<\/a><\/span>.<\/span><\/p>\n<p><span style=\"color: #000000;\"><em><i>&#8220;N\u00ebse dikush e v\u00ebzhgon realisht dhe racionalisht pranimin e Ukrain\u00ebs \u00e7far\u00eb ndikimi do kishte<\/i><\/em><em><i>, <\/i><\/em><em><i>at\u00ebher\u00eb mund t\u00eb shihni se ky do t\u00eb ishte nj\u00eb grusht shteti p\u00ebr Bashkimin Evropian&#8221;<\/i><\/em>, deklaroi Szijjarto.<\/span><\/p>\n<p><span style=\"color: #000000;\">Ai argumentoi se Brukseli do duhej t\u00eb ridrejtonte &#8220;praktikisht t\u00eb gjitha&#8221; burimet financiare t\u00eb BE-s\u00eb drejt mb\u00ebshtetjes s\u00eb Kievit, nd\u00ebrsa &#8220;prodhimet bujq\u00ebsore me cil\u00ebsi shum\u00eb m\u00eb t\u00eb ul\u00ebt do shkat\u00ebrronin bujq\u00ebsin\u00eb evropiane&#8221; dhe &#8220;mafia ukrainase do bredhte lirsh\u00ebm n\u00eb Evrop\u00eb&#8221;.<\/span><\/p>\n<p><span style=\"color: #000000;\"><em><i>\u201cBE-ja dikur ishte nj\u00eb lojtar ky\u00e7 n\u00eb ekonomin\u00eb globale, por sot \u00ebsht\u00eb gjithnj\u00eb e m\u00eb pak e till\u00eb\u201d<\/i><\/em>, shtoi ai.<\/span><\/p>\n<p><span style=\"color: #000000;\">Komentet e ministrit vijn\u00eb mes nj\u00eb p\u00ebr\u00e7arjeje q\u00eb po thellohet midis Budapestit dhe Kievit pas sulmeve t\u00eb shumta n\u00eb tubacionin e naft\u00ebs Druzhba, nj\u00eb linj\u00eb ky\u00e7e furnizimi me energji p\u00ebr Hungarin\u00eb dhe Sllovakin\u00eb. Kryeministri Viktor Orban akuzoi Kievin se \u201cpo e k\u00ebrc\u00ebnon hapur\u201d Hungarin\u00eb, duke k\u00ebmb\u00ebngulur se nuk mund t\u00eb detyrohet t\u00eb hyj\u00eb n\u00eb bllok me shantazh dhe bombardime.<\/span><\/p>\n","protected":false,"gt_translate_keys":[{"key":"rendered","format":"html"}]},"excerpt":{"rendered":"<p>Lejimi i Ukrain\u00ebs p\u00ebr t&#8217;u an\u00ebtar\u00ebsuar n\u00eb Bashkimin Evropian do shkaktonte nj\u00eb &#8220;goditje vdekjeprur\u00ebse&#8221; n\u00eb bllok, paralajm\u00ebroi ministri i Jasht\u00ebm Hungarez Peter Szijjarto. Ai argumentoi se bisedimet e p\u00ebrshpejtuara t\u00eb pranimit p\u00ebr Kievin do p\u00ebrkeq\u00ebsonin pozicionin tashm\u00eb t\u00eb brisht\u00eb t\u00eb BE-s\u00eb n\u00eb sken\u00ebn globale. Duke folur n\u00eb nj\u00eb panel diskutimi t\u00eb organizuar nga revista hungareze [&hellip;]<\/p>\n","protected":false,"gt_translate_keys":[{"key":"rendered","format":"html"}]},"author":51,"featured_media":513096,"comment_status":"closed","ping_status":"open","sticky":false,"template":"","format":"standard","meta":{"footnotes":""},"categories":[53],"tags":[],"class_list":["post-757835","post","type-post","status-publish","format-standard","has-post-thumbnail","hentry","category-fast-foodi"],"gt_translate_keys":[{"key":"link","format":"url"}],"_links":{"self":[{"href":"https:\/\/www.hashtag.al\/index.php\/wp-json\/wp\/v2\/posts\/757835","targetHints":{"allow":["GET"]}}],"collection":[{"href":"https:\/\/www.hashtag.al\/index.php\/wp-json\/wp\/v2\/posts"}],"about":[{"href":"https:\/\/www.hashtag.al\/index.php\/wp-json\/wp\/v2\/types\/post"}],"author":[{"embeddable":true,"href":"https:\/\/www.hashtag.al\/index.php\/wp-json\/wp\/v2\/users\/51"}],"replies":[{"embeddable":true,"href":"https:\/\/www.hashtag.al\/index.php\/wp-json\/wp\/v2\/comments?post=757835"}],"version-history":[{"count":99999,"href":"https:\/\/www.hashtag.al\/index.php\/wp-json\/wp\/v2\/posts\/757835\/revisions"}],"predecessor-version":[{"id":757836,"href":"https:\/\/www.hashtag.al\/index.php\/wp-json\/wp\/v2\/posts\/757835\/revisions\/757836"}],"wp:featuredmedia":[{"embeddable":true,"href":"https:\/\/www.hashtag.al\/index.php\/wp-json\/wp\/v2\/media\/513096"}],"wp:attachment":[{"href":"https:\/\/www.hashtag.al\/index.php\/wp-json\/wp\/v2\/media?parent=757835"}],"wp:term":[{"taxonomy":"category","embeddable":true,"href":"https:\/\/www.hashtag.al\/index.php\/wp-json\/wp\/v2\/categories?post=757835"},{"taxonomy":"post_tag","embeddable":true,"href":"https:\/\/www.hashtag.al\/index.php\/wp-json\/wp\/v2\/tags?post=757835"}],"curies":[{"name":"wp","href":"https:\/\/api.w.org\/{rel}","templated":true}]}}