{"id":757298,"date":"2025-08-26T19:53:04","date_gmt":"2025-08-26T17:53:04","guid":{"rendered":"https:\/\/www.hashtag.al\/?p=757298"},"modified":"2025-08-26T19:53:04","modified_gmt":"2025-08-26T17:53:04","slug":"zjarret-dogjen-me-shume-se-1-milion-hektare-toke-te-be-se-kete-vit","status":"publish","type":"post","link":"https:\/\/www.hashtag.al\/index.php\/2025\/08\/26\/zjarret-dogjen-me-shume-se-1-milion-hektare-toke-te-be-se-kete-vit\/","title":{"rendered":"Zjarret dogj\u00ebn m\u00eb shum\u00eb se 1 milion hektar\u00eb tok\u00eb t\u00eb BE-s\u00eb k\u00ebt\u00eb vit","gt_translate_keys":[{"key":"rendered","format":"text"}]},"content":{"rendered":"<p><img loading=\"lazy\" decoding=\"async\" class=\"aligncenter size-full wp-image-757299\" src=\"https:\/\/www.hashtag.al\/wp-content\/uploads\/2025\/08\/VIMF4OFLLVLTTLFEAQG5XBL6TI-960x600-1.jpg\" alt=\"\" width=\"960\" height=\"600\" srcset=\"https:\/\/www.hashtag.al\/wp-content\/uploads\/2025\/08\/VIMF4OFLLVLTTLFEAQG5XBL6TI-960x600-1.jpg 960w, https:\/\/www.hashtag.al\/wp-content\/uploads\/2025\/08\/VIMF4OFLLVLTTLFEAQG5XBL6TI-960x600-1-300x188.jpg 300w, https:\/\/www.hashtag.al\/wp-content\/uploads\/2025\/08\/VIMF4OFLLVLTTLFEAQG5XBL6TI-960x600-1-768x480.jpg 768w\" sizes=\"auto, (max-width: 960px) 100vw, 960px\" \/><\/p>\n<p><span style=\"color: #000000;\">Zjarret kan\u00eb djegur m\u00eb shum\u00eb se nj\u00eb milion hektar\u00eb tok\u00eb n\u00eb Bashkimin Evropian k\u00ebt\u00eb vit deri tani, sasia m\u00eb e lart\u00eb n\u00eb \u00e7do vit q\u00eb nga fillimi i regjistrimeve zyrtare n\u00eb vitin 2006, treguan t\u00eb dh\u00ebnat e BE-s\u00eb.<\/span><\/p>\n<p><span style=\"color: #000000;\">Nj\u00eb total prej 1,028,000 hektar\u00ebsh n\u00eb BE jan\u00eb shkat\u00ebrruar nga flak\u00ebt &#8211; nj\u00eb zon\u00eb m\u00eb e madhe se Qiproja dhe m\u00eb e lart\u00eb se totali n\u00eb \u00e7do vit t\u00eb regjistruar, treguan t\u00eb dh\u00ebnat nga Sistemi Evropian i Informacionit p\u00ebr Zjarret n\u00eb Pyje i BE-s\u00eb, t\u00eb analizuara nga Reuters.<\/span><\/p>\n<p><span style=\"color: #000000;\">Rekordi i m\u00ebparsh\u00ebm ishte n\u00eb vitin 2017, kur zona e djegur nga zjarret ishte rreth 998,000 hektar\u00eb, shkruan <span style=\"color: #0000ff;\"><a style=\"color: #0000ff;\" href=\"https:\/\/www.ekathimerini.com\/news\/environment\/1279028\/record-wildfires-burn-more-than-1-million-hectares-of-eu-land-this-year\/\">Kathimerini<\/a><\/span>.<\/span><\/p>\n<p><span style=\"color: #000000;\">Spanja dhe Portugalia jan\u00eb goditur m\u00eb keq dhe s\u00eb bashku p\u00ebrb\u00ebnin rreth dy t\u00eb tretat e sip\u00ebrfaqes s\u00eb djegur t\u00eb BE-s\u00eb. T\u00eb dh\u00ebnat e EFFIS treguan nj\u00eb rritje t\u00eb ndjeshme t\u00eb zjarreve gjat\u00eb periudh\u00ebs 5-19 gusht &#8211; nj\u00eb periudh\u00eb q\u00eb p\u00ebrputhej me nj\u00eb val\u00eb t\u00eb nxehti 16-ditore n\u00eb Iberi.<\/span><\/p>\n<p><span style=\"color: #000000;\">N\u00eb Portugali, temperaturat m\u00eb t\u00eb ul\u00ebta soll\u00ebn nj\u00ebfar\u00eb qet\u00ebsie dhe nj\u00eb zjarr n\u00eb Piodao u shua pas 12 dit\u00ebsh t\u00eb h\u00ebn\u00ebn. Me m\u00eb shum\u00eb se 60,000 hektar\u00eb t\u00eb djegur, Piodao \u00ebsht\u00eb zjarri m\u00eb i madh i regjistruar ndonj\u00ebher\u00eb n\u00eb vend.<\/span><\/p>\n<p><span style=\"color: #000000;\">Zjarret n\u00eb BE kan\u00eb emetuar 38 milion\u00eb ton dioksid karboni k\u00ebt\u00eb vit deri m\u00eb tani, tha EFFIS. Kjo \u00ebsht\u00eb m\u00eb shum\u00eb se n\u00eb t\u00eb nj\u00ebjt\u00ebn pik\u00eb n\u00eb \u00e7do vit t\u00eb regjistruar ndonj\u00ebher\u00eb, duke e vendosur vitin 2025 n\u00eb rrug\u00ebn e duhur p\u00ebr t\u00eb thyer rekordin vjetor prej 41 milion\u00eb ton.<\/span><\/p>\n","protected":false,"gt_translate_keys":[{"key":"rendered","format":"html"}]},"excerpt":{"rendered":"<p>Zjarret kan\u00eb djegur m\u00eb shum\u00eb se nj\u00eb milion hektar\u00eb tok\u00eb n\u00eb Bashkimin Evropian k\u00ebt\u00eb vit deri tani, sasia m\u00eb e lart\u00eb n\u00eb \u00e7do vit q\u00eb nga fillimi i regjistrimeve zyrtare n\u00eb vitin 2006, treguan t\u00eb dh\u00ebnat e BE-s\u00eb. Nj\u00eb total prej 1,028,000 hektar\u00ebsh n\u00eb BE jan\u00eb shkat\u00ebrruar nga flak\u00ebt &#8211; nj\u00eb zon\u00eb m\u00eb e madhe [&hellip;]<\/p>\n","protected":false,"gt_translate_keys":[{"key":"rendered","format":"html"}]},"author":51,"featured_media":757299,"comment_status":"closed","ping_status":"open","sticky":false,"template":"","format":"standard","meta":{"footnotes":""},"categories":[53],"tags":[],"class_list":["post-757298","post","type-post","status-publish","format-standard","has-post-thumbnail","hentry","category-fast-foodi"],"gt_translate_keys":[{"key":"link","format":"url"}],"_links":{"self":[{"href":"https:\/\/www.hashtag.al\/index.php\/wp-json\/wp\/v2\/posts\/757298","targetHints":{"allow":["GET"]}}],"collection":[{"href":"https:\/\/www.hashtag.al\/index.php\/wp-json\/wp\/v2\/posts"}],"about":[{"href":"https:\/\/www.hashtag.al\/index.php\/wp-json\/wp\/v2\/types\/post"}],"author":[{"embeddable":true,"href":"https:\/\/www.hashtag.al\/index.php\/wp-json\/wp\/v2\/users\/51"}],"replies":[{"embeddable":true,"href":"https:\/\/www.hashtag.al\/index.php\/wp-json\/wp\/v2\/comments?post=757298"}],"version-history":[{"count":99999,"href":"https:\/\/www.hashtag.al\/index.php\/wp-json\/wp\/v2\/posts\/757298\/revisions"}],"predecessor-version":[{"id":757300,"href":"https:\/\/www.hashtag.al\/index.php\/wp-json\/wp\/v2\/posts\/757298\/revisions\/757300"}],"wp:featuredmedia":[{"embeddable":true,"href":"https:\/\/www.hashtag.al\/index.php\/wp-json\/wp\/v2\/media\/757299"}],"wp:attachment":[{"href":"https:\/\/www.hashtag.al\/index.php\/wp-json\/wp\/v2\/media?parent=757298"}],"wp:term":[{"taxonomy":"category","embeddable":true,"href":"https:\/\/www.hashtag.al\/index.php\/wp-json\/wp\/v2\/categories?post=757298"},{"taxonomy":"post_tag","embeddable":true,"href":"https:\/\/www.hashtag.al\/index.php\/wp-json\/wp\/v2\/tags?post=757298"}],"curies":[{"name":"wp","href":"https:\/\/api.w.org\/{rel}","templated":true}]}}