{"id":757292,"date":"2025-08-26T19:04:44","date_gmt":"2025-08-26T17:04:44","guid":{"rendered":"https:\/\/www.hashtag.al\/?p=757292"},"modified":"2025-08-26T19:04:44","modified_gmt":"2025-08-26T17:04:44","slug":"ushtria-izraelite-thote-se-ne-sulmin-ndaj-spitalit-u-vrane-gjashte-militante-te-hamasit","status":"publish","type":"post","link":"https:\/\/www.hashtag.al\/index.php\/2025\/08\/26\/ushtria-izraelite-thote-se-ne-sulmin-ndaj-spitalit-u-vrane-gjashte-militante-te-hamasit\/","title":{"rendered":"Ushtria izraelite thot\u00eb se n\u00eb sulmin ndaj spitalit u vran\u00eb gjasht\u00eb militant\u00eb t\u00eb Hamasit","gt_translate_keys":[{"key":"rendered","format":"text"}]},"content":{"rendered":"<p><img loading=\"lazy\" decoding=\"async\" class=\"aligncenter size-full wp-image-757293\" src=\"https:\/\/www.hashtag.al\/wp-content\/uploads\/2025\/08\/gettyimages-2231244009.jpg\" alt=\"\" width=\"1280\" height=\"960\" srcset=\"https:\/\/www.hashtag.al\/wp-content\/uploads\/2025\/08\/gettyimages-2231244009.jpg 1280w, https:\/\/www.hashtag.al\/wp-content\/uploads\/2025\/08\/gettyimages-2231244009-300x225.jpg 300w, https:\/\/www.hashtag.al\/wp-content\/uploads\/2025\/08\/gettyimages-2231244009-1024x768.jpg 1024w, https:\/\/www.hashtag.al\/wp-content\/uploads\/2025\/08\/gettyimages-2231244009-768x576.jpg 768w\" sizes=\"auto, (max-width: 1280px) 100vw, 1280px\" \/><\/p>\n<p><span style=\"color: #000000;\">Forcat Mbrojt\u00ebse t\u00eb Izraelit (IDF) pretenduan t\u00eb mart\u00ebn se sulmi &#8220;me dy goditje&#8221; n\u00eb Spitalin Nasser, i cili vrau t\u00eb pakt\u00ebn 20 persona, kishte p\u00ebr q\u00ebllim nj\u00eb kamer\u00eb t\u00eb vendosur nga Hamasi.<\/span><\/p>\n<p><span style=\"color: #000000;\"><em><i>&#8220;Nga nj\u00eb hetim fillestar, duket se trupat e Brigad\u00ebs Golani, q\u00eb vepronin n\u00eb zon\u00ebn e Khan Yunis p\u00ebr t\u00eb \u00e7montuar infrastruktur\u00ebn terroriste, identifikuan nj\u00eb kamer\u00eb q\u00eb ishte vendosur nga Hamasi n\u00eb zon\u00ebn e Spitalit Nasser q\u00eb po p\u00ebrdorej p\u00ebr t\u00eb v\u00ebzhguar veprimtarin\u00eb e trupave t\u00eb IDF-s\u00eb, me q\u00ebllim drejtimin e veprimtarive terroriste kund\u00ebr tyre.&#8221;<\/i><\/em><\/span><\/p>\n<p><span style=\"color: #000000;\">Sulmet e nj\u00ebpasnj\u00ebshme t\u00eb h\u00ebn\u00ebn vran\u00eb punonj\u00ebs sh\u00ebndet\u00ebsor\u00eb, gazetar\u00eb dhe punonj\u00ebs t\u00eb urgjenc\u00ebs. Kryeministri izraelit Benjamin Netanyahu m\u00eb von\u00eb e quajti vdekjen e tyre nj\u00eb &#8220;fatkeq\u00ebsi tragjike&#8221; n\u00eb nj\u00eb deklarat\u00eb n\u00eb mediat sociale, shkruan <span style=\"color: #0000ff;\"><a style=\"color: #0000ff;\" href=\"https:\/\/edition.cnn.com\/world\/live-news\/israel-hamas-gaza-war-08-26-25\">CNN<\/a><\/span>.<\/span><\/p>\n<p><span style=\"color: #000000;\">Forcat Mbrojt\u00ebse t\u00eb Izraelit (IDF) pretenduan n\u00eb nj\u00eb deklarat\u00eb se &#8220;gjasht\u00eb nga individ\u00ebt e vrar\u00eb&#8221; n\u00eb sulmet e tyre n\u00eb Spitalin Nasser ishin terrorist\u00eb.<\/span><\/p>\n<p><span style=\"color: #000000;\"><em><i>&#8220;Gjasht\u00eb nga individ\u00ebt e vrar\u00eb ishin terrorist\u00eb, nj\u00ebri prej t\u00eb cil\u00ebve mori pjes\u00eb n\u00eb infiltrimin n\u00eb territorin izraelit m\u00eb 7 tetor&#8221;<\/i><\/em>, thuhej n\u00eb deklarat\u00eb, e cila njoftoi p\u00ebrfundimin e hetimit fillestar p\u00ebr incidentin. &#8220;N\u00eb t\u00eb nj\u00ebjt\u00ebn koh\u00eb, Shefi i Shtabit t\u00eb P\u00ebrgjithsh\u00ebm shpreh keqardhje p\u00ebr \u00e7do d\u00ebm t\u00eb shkaktuar ndaj civil\u00ebve.&#8221;<\/span><\/p>\n<p><span style=\"color: #000000;\">CNN nuk e ka verifikuar n\u00eb m\u00ebnyr\u00eb t\u00eb pavarur pretendimin.<\/span><\/p>\n<p><span style=\"color: #000000;\">Izraeli \u00ebsht\u00eb p\u00ebrballur me d\u00ebnim global pas sulmit n\u00eb spitalin e Gaz\u00ebs q\u00eb vrau t\u00eb pakt\u00ebn 20 persona, p\u00ebrfshir\u00eb pes\u00eb gazetar\u00eb dhe punonj\u00ebs mjek\u00ebsor\u00eb q\u00eb kishin nxituar n\u00eb vendngjarje pas sulmit fillestar.<\/span><u><\/u><\/p>\n","protected":false,"gt_translate_keys":[{"key":"rendered","format":"html"}]},"excerpt":{"rendered":"<p>Forcat Mbrojt\u00ebse t\u00eb Izraelit (IDF) pretenduan t\u00eb mart\u00ebn se sulmi &#8220;me dy goditje&#8221; n\u00eb Spitalin Nasser, i cili vrau t\u00eb pakt\u00ebn 20 persona, kishte p\u00ebr q\u00ebllim nj\u00eb kamer\u00eb t\u00eb vendosur nga Hamasi. &#8220;Nga nj\u00eb hetim fillestar, duket se trupat e Brigad\u00ebs Golani, q\u00eb vepronin n\u00eb zon\u00ebn e Khan Yunis p\u00ebr t\u00eb \u00e7montuar infrastruktur\u00ebn terroriste, identifikuan [&hellip;]<\/p>\n","protected":false,"gt_translate_keys":[{"key":"rendered","format":"html"}]},"author":51,"featured_media":757293,"comment_status":"closed","ping_status":"open","sticky":false,"template":"","format":"standard","meta":{"footnotes":""},"categories":[6],"tags":[],"class_list":["post-757292","post","type-post","status-publish","format-standard","has-post-thumbnail","hentry","category-nderkombetare"],"gt_translate_keys":[{"key":"link","format":"url"}],"_links":{"self":[{"href":"https:\/\/www.hashtag.al\/index.php\/wp-json\/wp\/v2\/posts\/757292","targetHints":{"allow":["GET"]}}],"collection":[{"href":"https:\/\/www.hashtag.al\/index.php\/wp-json\/wp\/v2\/posts"}],"about":[{"href":"https:\/\/www.hashtag.al\/index.php\/wp-json\/wp\/v2\/types\/post"}],"author":[{"embeddable":true,"href":"https:\/\/www.hashtag.al\/index.php\/wp-json\/wp\/v2\/users\/51"}],"replies":[{"embeddable":true,"href":"https:\/\/www.hashtag.al\/index.php\/wp-json\/wp\/v2\/comments?post=757292"}],"version-history":[{"count":99999,"href":"https:\/\/www.hashtag.al\/index.php\/wp-json\/wp\/v2\/posts\/757292\/revisions"}],"predecessor-version":[{"id":757294,"href":"https:\/\/www.hashtag.al\/index.php\/wp-json\/wp\/v2\/posts\/757292\/revisions\/757294"}],"wp:featuredmedia":[{"embeddable":true,"href":"https:\/\/www.hashtag.al\/index.php\/wp-json\/wp\/v2\/media\/757293"}],"wp:attachment":[{"href":"https:\/\/www.hashtag.al\/index.php\/wp-json\/wp\/v2\/media?parent=757292"}],"wp:term":[{"taxonomy":"category","embeddable":true,"href":"https:\/\/www.hashtag.al\/index.php\/wp-json\/wp\/v2\/categories?post=757292"},{"taxonomy":"post_tag","embeddable":true,"href":"https:\/\/www.hashtag.al\/index.php\/wp-json\/wp\/v2\/tags?post=757292"}],"curies":[{"name":"wp","href":"https:\/\/api.w.org\/{rel}","templated":true}]}}