{"id":757229,"date":"2025-08-26T13:49:44","date_gmt":"2025-08-26T11:49:44","guid":{"rendered":"https:\/\/www.hashtag.al\/?p=757229"},"modified":"2025-08-26T13:49:44","modified_gmt":"2025-08-26T11:49:44","slug":"bardhi-akuzon-ballukun-administrata-u-perdor-si-rrjet-kriminal-patronazhimi-430-punonjes-si-terroriste-elektoral","status":"publish","type":"post","link":"https:\/\/www.hashtag.al\/index.php\/2025\/08\/26\/bardhi-akuzon-ballukun-administrata-u-perdor-si-rrjet-kriminal-patronazhimi-430-punonjes-si-terroriste-elektoral\/","title":{"rendered":"Bardhi akuzon Ballukun: Administrata u p\u00ebrdor si rrjet kriminal patronazhimi, 430 punonj\u00ebs si \u2018terrorist\u00eb\u2019 elektoral","gt_translate_keys":[{"key":"rendered","format":"text"}]},"content":{"rendered":"<p><span style=\"color: #000000;\"><img loading=\"lazy\" decoding=\"async\" class=\"alignnone size-medium wp-image-704518\" src=\"https:\/\/www.hashtag.al\/wp-content\/uploads\/2024\/10\/bardhi-balluku-300x150.jpg\" alt=\"\" width=\"300\" height=\"150\" srcset=\"https:\/\/www.hashtag.al\/wp-content\/uploads\/2024\/10\/bardhi-balluku-300x150.jpg 300w, https:\/\/www.hashtag.al\/wp-content\/uploads\/2024\/10\/bardhi-balluku-1024x512.jpg 1024w, https:\/\/www.hashtag.al\/wp-content\/uploads\/2024\/10\/bardhi-balluku-768x384.jpg 768w, https:\/\/www.hashtag.al\/wp-content\/uploads\/2024\/10\/bardhi-balluku-1536x768.jpg 1536w, https:\/\/www.hashtag.al\/wp-content\/uploads\/2024\/10\/bardhi-balluku.jpg 2000w\" sizes=\"auto, (max-width: 300px) 100vw, 300px\" \/><\/span><\/p>\n<p><span style=\"color: #000000;\">Kryetari i Grupit Parlamentar t\u00eb Partis\u00eb Demokratike, Gazment Bardhi, ka akuzuar z\u00ebvend\u00ebskryeministren Belinda Balluku p\u00ebr keqp\u00ebrdorim t\u00eb administrat\u00ebs publike gjat\u00eb zgjedhjeve t\u00eb 11 majit.<\/span><\/p>\n<p><span style=\"color: #000000;\">N\u00eb nj\u00eb postim n\u00eb Facebook, Bardhi tha se Balluku ka ngritur n\u00eb qarkun e Fierit nj\u00eb \u201crrjet kriminal patronazhimi\u201d, duke p\u00ebrdorur qindra punonj\u00ebs t\u00eb shtetit p\u00ebr t\u00eb ndikuar te votuesit.<\/span><\/p>\n<p><span style=\"color: #000000;\">\u201c<em>N\u00eb deklarat\u00ebn e gjetjeve dhe p\u00ebrfundimeve paraprake t\u00eb Misionit t\u00eb OSBE-ODIHR evidentohet se p\u00ebrdorimi i rrjetit t\u00eb patronazhimit bie ndesh me standardet nd\u00ebrkomb\u00ebtare. Por, n\u00eb qarkun e Fierit, Belinda Balluku nuk pyet as p\u00ebr standardet nd\u00ebrkomb\u00ebtare e as p\u00ebr ligjin<\/em>\u201d, shkruan Bardhi.<\/span><\/p>\n<p><span style=\"color: #000000;\">Ai pretendon se vet\u00ebm n\u00eb nj\u00eb rajon t\u00eb qytetit t\u00eb Fierit, jan\u00eb angazhuar 430 punonj\u00ebs t\u00eb administrat\u00ebs publike n\u00eb favor t\u00eb partis\u00eb n\u00eb pushtet.<\/span><\/p>\n<p><span style=\"color: #000000;\">\u00a0\u201c<em>Vet\u00ebm p\u00ebr nj\u00eb rajon n\u00eb qytetin e Fierit p\u00ebrdori si \u2018terrorist\u00eb\u2019 elektoral plot 430 punonj\u00ebs t\u00eb administrat\u00ebs publike, q\u00eb kishin p\u00ebrgjegj\u00ebsin\u00eb t\u00eb gjurmonin jet\u00ebn e qytetar\u00ebve, t\u00eb ofronin favore shtet\u00ebrore n\u00eb k\u00ebmbim t\u00eb vot\u00ebs apo t\u00eb intimidonin qytetar\u00ebt me keqp\u00ebrdorimin e forc\u00ebs s\u00eb shtetit<\/em>\u201d, theksoi ai.<\/span><\/p>\n<p><span style=\"color: #000000;\">Sipas Bardhit, detyra e tyre ishte \u201c<em>t\u00eb mblidhnin vota p\u00ebr partin\u00eb n\u00eb pushtet duke keqp\u00ebrdorur funksionin publik<\/em>\u201d, duke e cil\u00ebsuar k\u00ebt\u00eb si nj\u00eb krim elektoral t\u00eb mbetur pa nd\u00ebshkim.<\/span><\/p>\n<p><span style=\"color: #000000;\">\u201c<em>P\u00ebrdorimi i administrat\u00ebs shtet\u00ebrore n\u00eb zgjedhje \u00ebsht\u00eb krim elektoral, por q\u00eb mbetet i pand\u00ebshkuar sepse Task Forca PP-SPAK-KQZ ishte alibia e pushtetit dhe jo mekanizmi p\u00ebr t\u00eb garantuar zbatimin e ligjit<\/em>\u201d, p\u00ebrfundon Bardhi n\u00eb reagimin e tij.<\/span><\/p>\n","protected":false,"gt_translate_keys":[{"key":"rendered","format":"html"}]},"excerpt":{"rendered":"<p>Kryetari i Grupit Parlamentar t\u00eb Partis\u00eb Demokratike, Gazment Bardhi, ka akuzuar z\u00ebvend\u00ebskryeministren Belinda Balluku p\u00ebr keqp\u00ebrdorim t\u00eb administrat\u00ebs publike gjat\u00eb zgjedhjeve t\u00eb 11 majit. N\u00eb nj\u00eb postim n\u00eb Facebook, Bardhi tha se Balluku ka ngritur n\u00eb qarkun e Fierit nj\u00eb \u201crrjet kriminal patronazhimi\u201d, duke p\u00ebrdorur qindra punonj\u00ebs t\u00eb shtetit p\u00ebr t\u00eb ndikuar te votuesit. \u201cN\u00eb [&hellip;]<\/p>\n","protected":false,"gt_translate_keys":[{"key":"rendered","format":"html"}]},"author":32,"featured_media":704518,"comment_status":"closed","ping_status":"open","sticky":false,"template":"","format":"standard","meta":{"footnotes":""},"categories":[65],"tags":[],"class_list":["post-757229","post","type-post","status-publish","format-standard","has-post-thumbnail","hentry","category-lajme"],"gt_translate_keys":[{"key":"link","format":"url"}],"_links":{"self":[{"href":"https:\/\/www.hashtag.al\/index.php\/wp-json\/wp\/v2\/posts\/757229","targetHints":{"allow":["GET"]}}],"collection":[{"href":"https:\/\/www.hashtag.al\/index.php\/wp-json\/wp\/v2\/posts"}],"about":[{"href":"https:\/\/www.hashtag.al\/index.php\/wp-json\/wp\/v2\/types\/post"}],"author":[{"embeddable":true,"href":"https:\/\/www.hashtag.al\/index.php\/wp-json\/wp\/v2\/users\/32"}],"replies":[{"embeddable":true,"href":"https:\/\/www.hashtag.al\/index.php\/wp-json\/wp\/v2\/comments?post=757229"}],"version-history":[{"count":99999,"href":"https:\/\/www.hashtag.al\/index.php\/wp-json\/wp\/v2\/posts\/757229\/revisions"}],"predecessor-version":[{"id":757230,"href":"https:\/\/www.hashtag.al\/index.php\/wp-json\/wp\/v2\/posts\/757229\/revisions\/757230"}],"wp:featuredmedia":[{"embeddable":true,"href":"https:\/\/www.hashtag.al\/index.php\/wp-json\/wp\/v2\/media\/704518"}],"wp:attachment":[{"href":"https:\/\/www.hashtag.al\/index.php\/wp-json\/wp\/v2\/media?parent=757229"}],"wp:term":[{"taxonomy":"category","embeddable":true,"href":"https:\/\/www.hashtag.al\/index.php\/wp-json\/wp\/v2\/categories?post=757229"},{"taxonomy":"post_tag","embeddable":true,"href":"https:\/\/www.hashtag.al\/index.php\/wp-json\/wp\/v2\/tags?post=757229"}],"curies":[{"name":"wp","href":"https:\/\/api.w.org\/{rel}","templated":true}]}}