{"id":757066,"date":"2025-08-25T13:20:08","date_gmt":"2025-08-25T11:20:08","guid":{"rendered":"https:\/\/www.hashtag.al\/?p=757066"},"modified":"2025-08-25T13:20:08","modified_gmt":"2025-08-25T11:20:08","slug":"berisha-balluku-ktheu-institucionet-ne-operatore-elektorale-sistemi-i-patronazhimit-u-persos-ne-dy-vitet-e-fundit","status":"publish","type":"post","link":"https:\/\/www.hashtag.al\/index.php\/2025\/08\/25\/berisha-balluku-ktheu-institucionet-ne-operatore-elektorale-sistemi-i-patronazhimit-u-persos-ne-dy-vitet-e-fundit\/","title":{"rendered":"Berisha: Balluku ktheu institucionet n\u00eb operator\u00eb elektoral\u00eb, sistemi i patronazhimit u p\u00ebrsos n\u00eb dy vitet e fundit","gt_translate_keys":[{"key":"rendered","format":"text"}]},"content":{"rendered":"<p><span style=\"color: #000000;\"><img loading=\"lazy\" decoding=\"async\" class=\"alignnone size-medium wp-image-757067\" src=\"https:\/\/www.hashtag.al\/wp-content\/uploads\/2025\/08\/26208411-d94f-400a-bee0-2d2c4fb1ac1a-1536x1025-1-300x200.jpeg\" alt=\"\" width=\"300\" height=\"200\" srcset=\"https:\/\/www.hashtag.al\/wp-content\/uploads\/2025\/08\/26208411-d94f-400a-bee0-2d2c4fb1ac1a-1536x1025-1-300x200.jpeg 300w, https:\/\/www.hashtag.al\/wp-content\/uploads\/2025\/08\/26208411-d94f-400a-bee0-2d2c4fb1ac1a-1536x1025-1-1024x683.jpeg 1024w, https:\/\/www.hashtag.al\/wp-content\/uploads\/2025\/08\/26208411-d94f-400a-bee0-2d2c4fb1ac1a-1536x1025-1-768x513.jpeg 768w, https:\/\/www.hashtag.al\/wp-content\/uploads\/2025\/08\/26208411-d94f-400a-bee0-2d2c4fb1ac1a-1536x1025-1.jpeg 1536w\" sizes=\"auto, (max-width: 300px) 100vw, 300px\" \/><\/span><\/p>\n<p><span style=\"color: #000000;\">Ish-kryeministri Sali Berisha doli sot n\u00eb nj\u00eb deklarat\u00eb p\u00ebr mediat nga selia e Partis\u00eb Demokratike, ku sulmoi ashp\u00ebr Partin\u00eb Socialiste dhe qeverin\u00eb, duke akuzuar se sistemi i patronazhimit \u00ebsht\u00eb \u201cp\u00ebrsosur\u201d gjat\u00eb dy viteve t\u00eb fundit dhe \u00ebsht\u00eb kthyer n\u00eb nj\u00eb rrjet t\u00eb institucionalizuar kontrolli politik.<\/span><\/p>\n<p><span style=\"color: #000000;\"><em>\u201cSot para jush dhe mbar\u00eb shqiptar\u00ebve i rikthehem nj\u00eb \u00e7\u00ebshtje themelore, shkat\u00ebrrimtare p\u00ebr \u00e7do proces zgjedhor t\u00eb lir\u00eb: sistemi i patronazhist\u00ebve, i nd\u00ebrtuar nga Edi Rama dhe i mbrojtur nga Altin Troplini,\u201d<\/em> deklaroi Berisha, duke e cil\u00ebsuar k\u00ebt\u00eb sistem si nj\u00eb \u201cstruktur\u00eb kriminale shtet\u00ebrore\u201d q\u00eb \u201cshkel Kushtetut\u00ebn, Kodin Zgjedhor dhe \u00e7do norm\u00eb nd\u00ebrkomb\u00ebtare p\u00ebr zgjedhje t\u00eb lira.\u201d<\/span><\/p>\n<p><span style=\"color: #000000;\">Ai theksoi se n\u00eb zgjedhjet parlamentare t\u00eb 11 majit 2025, Partia Socialiste \u201ce transformoi sistemin e patronazhimit n\u00eb nj\u00eb rrjet t\u00eb strukturuar dhe t\u00eb institucionalizuar kontrolli politik\u201d, duke futur, sipas tij, shantazhin dhe mbik\u00ebqyrjen brenda institucioneve publike.<\/span><\/p>\n<p><span style=\"color: #000000;\">\u201c<em>N\u00ebpun\u00ebsit civil\u00eb u shnd\u00ebrruan n\u00eb instrumente presioni ndaj qytetar\u00ebve,<\/em>\u201d u shpreh Berisha, duke shtuar se \u201c<em>Partia shtet p\u00ebrdori t\u00eb dh\u00ebnat personale, sh\u00ebrbimet publike dhe frik\u00ebn e humbjes s\u00eb vendit t\u00eb pun\u00ebs p\u00ebr t\u00eb ndikuar sjelljen elektorale t\u00eb qytetar\u00ebve.<\/em>\u201d<\/span><\/p>\n<p><span style=\"color: #000000;\">Berisha publikoi t\u00eb dh\u00ebna q\u00eb, sipas tij, vijn\u00eb nga qarku i Fierit, duke akuzuar zv.kryeministren Belinda Balluku p\u00ebr \u201ctransformimin e institucioneve shtet\u00ebrore n\u00eb seli elektorale.\u201d<\/span><\/p>\n<p><span style=\"color: #000000;\">\u201c<em>Laptopi i Belind\u00ebs ishte m\u00eb i aksesuesh\u00ebm,<\/em>\u201d ironizoi ai, duke shtuar: \u201c<em>N\u00eb zgjedhjet e fundit, \u00e7do punonj\u00ebs dhe \u00e7do institucion i Fierit, n\u00ebn drejtimin e Lubi Ballukut, u kthye n\u00eb operator elektoral.<\/em>\u201d<\/span><\/p>\n<p><span style=\"color: #000000;\">Duke folur p\u00ebr origjin\u00ebn e k\u00ebtij sistemi, Berisha rikujtoi se skandali i vitit 2021, kur u publikuan t\u00eb dh\u00ebna t\u00eb mbi 910 mij\u00eb qytetar\u00ebve, nuk u hetua kurr\u00eb.<\/span><\/p>\n<p><span style=\"color: #000000;\">\u201c<em>\u00c7do votues kishte nj\u00eb patronazhist \u2014 nj\u00eb xhelat vote, nj\u00eb punonj\u00ebs i administrat\u00ebs shtet\u00ebrore, i paguar me para publike, me detyr\u00eb t\u00eb ndjek\u00eb dhe manipuloj\u00eb qytetarin p\u00ebrpara dhe gjat\u00eb zgjedhjeve,<\/em>\u201d tha ai.<\/span><\/p>\n<p><span style=\"color: #000000;\">Sipas tij, gjat\u00eb viteve 2023\u20132025, n\u00eb vend q\u00eb t\u00eb nd\u00ebrmerreshin reforma, \u201cqeveria e zgjeroi m\u00eb tej k\u00ebt\u00eb sistem.\u201d<\/span><\/p>\n<p><span style=\"color: #000000;\">\u201c<em>Ministrit\u00eb, bashkit\u00eb dhe nd\u00ebrmarrjet shtet\u00ebrore u shnd\u00ebrruan n\u00eb seli elektorale, nd\u00ebrsa n\u00ebpun\u00ebsit civil\u00eb u p\u00ebrdor\u00ebn si kontrollor\u00eb votash,<\/em>\u201d u shpreh Berisha.<\/span><\/p>\n<p><span style=\"color: #000000;\">Ai akuzoi gjithashtu se \u201c<em>database-i i patronazhimit administrohet nga AKSHI, n\u00ebn drejtimin e Mirlinda Kar\u00e7anajt, dhe t\u00eb dh\u00ebnat shp\u00ebrndahen deri n\u00eb shtabet elektorale t\u00eb PS-s\u00eb p\u00ebr profilizim politik t\u00eb votuesve.<\/em>\u201d<\/span><\/p>\n<p><span style=\"color: #000000;\">Berisha p\u00ebrfundoi deklarat\u00ebn me nj\u00eb thirrje p\u00ebr veprim:<\/span><br \/>\n<span style=\"color: #000000;\">\u201c<em>Ky \u00ebsht\u00eb nj\u00eb krim zgjedhor i p\u00ebrmasave komb\u00ebtare. Ky sistem nuk mund t\u00eb ekzistoj\u00eb n\u00eb nj\u00eb vend q\u00eb pretendon demokracin\u00eb. Ai duhet t\u00eb shembet dhe p\u00ebrgjegj\u00ebsit t\u00eb p\u00ebrballen me drejt\u00ebsin\u00eb,<\/em>\u201d u shpreh ai.<\/span><\/p>\n<p><span style=\"color: #000000;\">N\u00eb p\u00ebrfundim t\u00eb fjal\u00ebs s\u00eb tij, Berisha akuzoi SPAK-un se \u201c<em>ka mbyllur syt\u00eb para k\u00ebtij krimi elektoral<\/em>\u201d dhe se \u201c<em>drejt\u00ebsia e kapur po b\u00ebn mburoj\u00eb t\u00eb regjimit t\u00eb Ram\u00ebs dhe Ballukut<\/em>.\u201d<\/span><\/p>\n","protected":false,"gt_translate_keys":[{"key":"rendered","format":"html"}]},"excerpt":{"rendered":"<p>Ish-kryeministri Sali Berisha doli sot n\u00eb nj\u00eb deklarat\u00eb p\u00ebr mediat nga selia e Partis\u00eb Demokratike, ku sulmoi ashp\u00ebr Partin\u00eb Socialiste dhe qeverin\u00eb, duke akuzuar se sistemi i patronazhimit \u00ebsht\u00eb \u201cp\u00ebrsosur\u201d gjat\u00eb dy viteve t\u00eb fundit dhe \u00ebsht\u00eb kthyer n\u00eb nj\u00eb rrjet t\u00eb institucionalizuar kontrolli politik. \u201cSot para jush dhe mbar\u00eb shqiptar\u00ebve i rikthehem nj\u00eb \u00e7\u00ebshtje [&hellip;]<\/p>\n","protected":false,"gt_translate_keys":[{"key":"rendered","format":"html"}]},"author":32,"featured_media":757067,"comment_status":"closed","ping_status":"open","sticky":false,"template":"","format":"standard","meta":{"footnotes":""},"categories":[65],"tags":[],"class_list":["post-757066","post","type-post","status-publish","format-standard","has-post-thumbnail","hentry","category-lajme"],"gt_translate_keys":[{"key":"link","format":"url"}],"_links":{"self":[{"href":"https:\/\/www.hashtag.al\/index.php\/wp-json\/wp\/v2\/posts\/757066","targetHints":{"allow":["GET"]}}],"collection":[{"href":"https:\/\/www.hashtag.al\/index.php\/wp-json\/wp\/v2\/posts"}],"about":[{"href":"https:\/\/www.hashtag.al\/index.php\/wp-json\/wp\/v2\/types\/post"}],"author":[{"embeddable":true,"href":"https:\/\/www.hashtag.al\/index.php\/wp-json\/wp\/v2\/users\/32"}],"replies":[{"embeddable":true,"href":"https:\/\/www.hashtag.al\/index.php\/wp-json\/wp\/v2\/comments?post=757066"}],"version-history":[{"count":99999,"href":"https:\/\/www.hashtag.al\/index.php\/wp-json\/wp\/v2\/posts\/757066\/revisions"}],"predecessor-version":[{"id":757068,"href":"https:\/\/www.hashtag.al\/index.php\/wp-json\/wp\/v2\/posts\/757066\/revisions\/757068"}],"wp:featuredmedia":[{"embeddable":true,"href":"https:\/\/www.hashtag.al\/index.php\/wp-json\/wp\/v2\/media\/757067"}],"wp:attachment":[{"href":"https:\/\/www.hashtag.al\/index.php\/wp-json\/wp\/v2\/media?parent=757066"}],"wp:term":[{"taxonomy":"category","embeddable":true,"href":"https:\/\/www.hashtag.al\/index.php\/wp-json\/wp\/v2\/categories?post=757066"},{"taxonomy":"post_tag","embeddable":true,"href":"https:\/\/www.hashtag.al\/index.php\/wp-json\/wp\/v2\/tags?post=757066"}],"curies":[{"name":"wp","href":"https:\/\/api.w.org\/{rel}","templated":true}]}}