{"id":756925,"date":"2025-08-24T17:39:36","date_gmt":"2025-08-24T15:39:36","guid":{"rendered":"https:\/\/www.hashtag.al\/?p=756925"},"modified":"2025-08-24T17:39:36","modified_gmt":"2025-08-24T15:39:36","slug":"njerez-te-inkriminuar-me-kercenuan-me-jete-berisha-nxjerr-videon-ku-nano-akuzonte-ramen","status":"publish","type":"post","link":"https:\/\/www.hashtag.al\/index.php\/2025\/08\/24\/njerez-te-inkriminuar-me-kercenuan-me-jete-berisha-nxjerr-videon-ku-nano-akuzonte-ramen\/","title":{"rendered":"\u201cNjer\u00ebz t\u00eb inkriminuar m\u00eb k\u00ebrc\u00ebnuan me jet\u00eb\u201d &#8211; Berisha nxjerr videon ku Nano akuzonte Ram\u00ebn","gt_translate_keys":[{"key":"rendered","format":"text"}]},"content":{"rendered":"<p><img loading=\"lazy\" decoding=\"async\" class=\"aligncenter size-full wp-image-756927\" src=\"https:\/\/www.hashtag.al\/wp-content\/uploads\/2025\/08\/berisharamanano.png\" alt=\"\" width=\"1128\" height=\"558\" srcset=\"https:\/\/www.hashtag.al\/wp-content\/uploads\/2025\/08\/berisharamanano.png 1128w, https:\/\/www.hashtag.al\/wp-content\/uploads\/2025\/08\/berisharamanano-300x148.png 300w, https:\/\/www.hashtag.al\/wp-content\/uploads\/2025\/08\/berisharamanano-1024x507.png 1024w, https:\/\/www.hashtag.al\/wp-content\/uploads\/2025\/08\/berisharamanano-768x380.png 768w\" sizes=\"auto, (max-width: 1128px) 100vw, 1128px\" \/><\/p>\n<p><span style=\"color: #000000;\">Kreu i PD-s\u00eb Berisha ka nxjerr\u00eb nj\u00eb video t\u00eb para disa viteve ku ish-kreu I PS-s\u00eb Fatos Nano, thot\u00eb se njer\u00ebzit e Edi Ram\u00ebs e kan\u00eb k\u00ebrc\u00ebnuar me jet\u00eb.<\/span><\/p>\n<p><span style=\"color: #000000;\">Ish-kryeministri Nano e b\u00ebnte denoncimin n\u00eb emisionin \u201cOpinion\u201d me gazetarin Blendi Fevziu ku denonconte se kishte marr\u00eb mesazhe k\u00ebrc\u00ebnuese nj\u00eb jav\u00eb para zgjedhjeve t\u00eb 28 qershorit 2009,<\/span><\/p>\n<p><span style=\"color: #000000;\"><span style=\"color: #0000ff;\">Nano<\/span>: <em><i>Nj\u00eb num\u00ebr i konsideruesh\u00ebm personash n\u00eb k\u00ebrkim kan\u00eb qen\u00eb n\u00eb stafet e ngushta operative t\u00eb z. Rama n\u00eb fushat\u00ebn e 28 qershorit.<\/i><\/em><\/span><\/p>\n<p><span style=\"color: #000000;\"><span style=\"color: #ff0000;\">Fevziu<\/span><em><i>: Kush jan\u00eb k\u00ebta persona?<\/i><\/em><\/span><\/p>\n<p><span style=\"color: #000000;\"><span style=\"color: #0000ff;\">Nano<\/span><em><i>: Kam folur me organet p\u00ebrkat\u00ebse sepse nj\u00eb jav\u00eb p\u00ebrpara zgjedhjeve, n\u00eb or\u00ebt e vogla t\u00eb asaj nate kam marr\u00eb mesazhe k\u00ebrc\u00ebnuese p\u00ebr jet\u00ebn. Po vazhduat q\u00eb ju t\u00eb dy t\u00eb bukurit e shejtanit t\u00eb k\u00ebrc\u00ebnoni Ram\u00ebn n\u00eb fatin e tij n\u00eb politik\u00eb, do ta paguani me jet\u00eb, ishte mesazhi. K\u00ebt\u00eb gj\u00eb e kam denoncuar n\u00eb organet p\u00ebrkat\u00ebse.<\/i><\/em><\/span><\/p>\n<p><span style=\"color: #000000;\">Berisha shkruan n\u00eb Facebook se lidhje e krimit jan\u00eb lidhje shpirt\u00ebrore p\u00ebr kryeministrin Rama.<\/span><\/p>\n<p><span style=\"color: #000000;\"><em><i>\u201c<\/i><\/em><em><i>Lidhjet e krimit, jan\u00eb lidhje shpirt\u00ebrore p\u00ebr Ramaduron!<\/i><\/em><em><i>\u201d<\/i><\/em><\/span><\/p>\n<div style=\"width: 480px;\" class=\"wp-video\"><video class=\"wp-video-shortcode\" id=\"video-756925-1\" width=\"480\" height=\"694\" preload=\"metadata\" controls=\"controls\"><source type=\"video\/mp4\" src=\"https:\/\/www.hashtag.al\/wp-content\/uploads\/2025\/08\/nano.mp4?_=1\" \/><a href=\"https:\/\/www.hashtag.al\/wp-content\/uploads\/2025\/08\/nano.mp4\">https:\/\/www.hashtag.al\/wp-content\/uploads\/2025\/08\/nano.mp4<\/a><\/video><\/div>\n","protected":false,"gt_translate_keys":[{"key":"rendered","format":"html"}]},"excerpt":{"rendered":"<p>Kreu i PD-s\u00eb Berisha ka nxjerr\u00eb nj\u00eb video t\u00eb para disa viteve ku ish-kreu I PS-s\u00eb Fatos Nano, thot\u00eb se njer\u00ebzit e Edi Ram\u00ebs e kan\u00eb k\u00ebrc\u00ebnuar me jet\u00eb. Ish-kryeministri Nano e b\u00ebnte denoncimin n\u00eb emisionin \u201cOpinion\u201d me gazetarin Blendi Fevziu ku denonconte se kishte marr\u00eb mesazhe k\u00ebrc\u00ebnuese nj\u00eb jav\u00eb para zgjedhjeve t\u00eb 28 qershorit [&hellip;]<\/p>\n","protected":false,"gt_translate_keys":[{"key":"rendered","format":"html"}]},"author":51,"featured_media":756927,"comment_status":"closed","ping_status":"open","sticky":false,"template":"","format":"standard","meta":{"footnotes":""},"categories":[65],"tags":[],"class_list":["post-756925","post","type-post","status-publish","format-standard","has-post-thumbnail","hentry","category-lajme"],"gt_translate_keys":[{"key":"link","format":"url"}],"_links":{"self":[{"href":"https:\/\/www.hashtag.al\/index.php\/wp-json\/wp\/v2\/posts\/756925","targetHints":{"allow":["GET"]}}],"collection":[{"href":"https:\/\/www.hashtag.al\/index.php\/wp-json\/wp\/v2\/posts"}],"about":[{"href":"https:\/\/www.hashtag.al\/index.php\/wp-json\/wp\/v2\/types\/post"}],"author":[{"embeddable":true,"href":"https:\/\/www.hashtag.al\/index.php\/wp-json\/wp\/v2\/users\/51"}],"replies":[{"embeddable":true,"href":"https:\/\/www.hashtag.al\/index.php\/wp-json\/wp\/v2\/comments?post=756925"}],"version-history":[{"count":99999,"href":"https:\/\/www.hashtag.al\/index.php\/wp-json\/wp\/v2\/posts\/756925\/revisions"}],"predecessor-version":[{"id":756928,"href":"https:\/\/www.hashtag.al\/index.php\/wp-json\/wp\/v2\/posts\/756925\/revisions\/756928"}],"wp:featuredmedia":[{"embeddable":true,"href":"https:\/\/www.hashtag.al\/index.php\/wp-json\/wp\/v2\/media\/756927"}],"wp:attachment":[{"href":"https:\/\/www.hashtag.al\/index.php\/wp-json\/wp\/v2\/media?parent=756925"}],"wp:term":[{"taxonomy":"category","embeddable":true,"href":"https:\/\/www.hashtag.al\/index.php\/wp-json\/wp\/v2\/categories?post=756925"},{"taxonomy":"post_tag","embeddable":true,"href":"https:\/\/www.hashtag.al\/index.php\/wp-json\/wp\/v2\/tags?post=756925"}],"curies":[{"name":"wp","href":"https:\/\/api.w.org\/{rel}","templated":true}]}}