{"id":756738,"date":"2025-08-23T08:46:36","date_gmt":"2025-08-23T06:46:36","guid":{"rendered":"https:\/\/www.hashtag.al\/?p=756738"},"modified":"2025-08-23T08:46:36","modified_gmt":"2025-08-23T06:46:36","slug":"te-shtenat-me-arme-zjarri-ne-kombinat-arrestohet-autori","status":"publish","type":"post","link":"https:\/\/www.hashtag.al\/index.php\/2025\/08\/23\/te-shtenat-me-arme-zjarri-ne-kombinat-arrestohet-autori\/","title":{"rendered":"T\u00eb sht\u00ebnat me arm\u00eb zjarri n\u00eb Kombinat, arrestohet autori","gt_translate_keys":[{"key":"rendered","format":"text"}]},"content":{"rendered":"<p data-start=\"63\" data-end=\"396\"><span style=\"color: #000000;\"><img loading=\"lazy\" decoding=\"async\" class=\"aligncenter size-full wp-image-756739\" src=\"https:\/\/www.hashtag.al\/wp-content\/uploads\/2025\/08\/kombinat-sherri-arme.png\" alt=\"\" width=\"1029\" height=\"586\" srcset=\"https:\/\/www.hashtag.al\/wp-content\/uploads\/2025\/08\/kombinat-sherri-arme.png 1029w, https:\/\/www.hashtag.al\/wp-content\/uploads\/2025\/08\/kombinat-sherri-arme-300x171.png 300w, https:\/\/www.hashtag.al\/wp-content\/uploads\/2025\/08\/kombinat-sherri-arme-1024x583.png 1024w, https:\/\/www.hashtag.al\/wp-content\/uploads\/2025\/08\/kombinat-sherri-arme-768x437.png 768w\" sizes=\"auto, (max-width: 1029px) 100vw, 1029px\" \/><\/span><\/p>\n<p data-start=\"63\" data-end=\"396\"><span style=\"color: #000000;\">Policia ka v\u00ebn\u00eb n\u00eb pranga dy persona pas ngjarjes s\u00eb ndodhur dje n\u00eb Kombinat, ku u q\u00ebllua me arm\u00eb zjarri ndaj nj\u00eb automjeti, pas nj\u00eb konflikti p\u00ebr motive t\u00eb dob\u00ebta. Autori i dyshuar 28-vje\u00e7ar, q\u00eblloi me arm\u00eb n\u00eb drejtim t\u00eb makin\u00ebs ku ndodheshin dy shtetas, nd\u00ebrsa 30-vje\u00e7ari q\u00eb e shoq\u00ebronte drejtonte automjetin nga ku u krye sulmi.<\/span><\/p>\n<p data-start=\"398\" data-end=\"578\"><span style=\"color: #000000;\">Gjat\u00eb operacionit u sekuestrua automjeti i p\u00ebrdorur, nd\u00ebrsa vijojn\u00eb k\u00ebrkimet p\u00ebr arm\u00ebn e zjarrit. Nga hetimet rezulton se t\u00eb dy pal\u00ebt jan\u00eb konfliktuar fizikisht para t\u00eb sht\u00ebnave.<\/span><\/p>\n<p data-start=\"580\" data-end=\"755\" data-is-last-node=\"\" data-is-only-node=\"\"><span style=\"color: #000000;\">P\u00ebrve\u00e7 dy t\u00eb arrestuarve, u proceduan penalisht edhe kat\u00ebr persona t\u00eb tjer\u00eb t\u00eb p\u00ebrfshir\u00eb n\u00eb konflikt.<\/span><\/p>\n<p><span style=\"color: #000000;\"><strong>Njoftimi:<\/strong><\/span><\/p>\n<p><span style=\"color: #000000;\">Tiran\u00eb<\/span><\/p>\n<p><span style=\"color: #000000;\">Finalizohet operacioni policor i koduar \u201cQuick Response\u201d. Zbardhet dhe dokumentohet ngjarja e ndodhur dje, n\u00eb Kombinat.<\/span><\/p>\n<p><span style=\"color: #000000;\">Q\u00eblloi me arm\u00eb zjarri n\u00eb drejtim t\u00eb automjetit me t\u00eb cilin po l\u00ebviznin dy shtetas, pas nj\u00eb konflikti p\u00ebr motive t\u00eb dob\u00ebta me ta, duke rrezikuar edhe jet\u00ebn e kalimtar\u00ebve n\u00eb af\u00ebrsi, vihet n\u00eb pranga autori.<\/span><\/p>\n<p><span style=\"color: #000000;\">N\u00eb pranga vihet edhe nj\u00eb 30-vje\u00e7ar, pasi dyshohet se drejtonte automjetin nga ku autori q\u00eblloi me arm\u00eb zjarri.<\/span><\/p>\n<p><span style=\"color: #000000;\">Sekuestrohet automjeti i p\u00ebrdorur nga autor\u00ebt gjat\u00eb ngjarjes, nd\u00ebrsa vijon puna p\u00ebr gjetjen e arm\u00ebs s\u00eb zjarrit.<\/span><\/p>\n<p><span style=\"color: #000000;\">N\u00eb vijim t\u00eb veprimeve hetimore p\u00ebr ngjarjen e ndodhur dit\u00ebn e djeshme, rreth or\u00ebs 12:10, n\u00eb Kombinat, ku u q\u00ebllua me arm\u00eb zjarri n\u00eb drejtim t\u00eb automjetit me t\u00eb cilin l\u00ebviznin shtetasit R. K., 38 vje\u00e7, dhe Zh. K., specialist\u00ebt p\u00ebr Hetimin e Krimeve t\u00eb R\u00ebnda, n\u00eb bashk\u00ebpunim me Forcat Operacionale t\u00eb DVP Tiran\u00eb dhe me Komisariatin e Policis\u00eb Nr. 6, n\u00eb kuad\u00ebr t\u00eb operacionit \u201cQuick Response\u201d, kap\u00ebn dhe vun\u00eb n\u00eb pranga shtetasit:<\/span><br \/>\n<span style=\"color: #000000;\">\u2022 O. A(V)., 28 vje\u00e7<\/span><br \/>\n<span style=\"color: #000000;\">\u2022 S. B., 30 vje\u00e7, t\u00eb dy banues n\u00eb Kombinat<\/span><\/p>\n<p><span style=\"color: #000000;\">Gjithashtu, u proceduan penalisht shtetasit R. K., Zh. K., F. K. dhe B. M.<\/span><\/p>\n<p><span style=\"color: #000000;\">Nga hetimet paraprake ka rezultuar se 4 shtetasit e proceduar penalisht jan\u00eb konfliktuar fizikisht me 2 autor\u00ebt e ngjarjes. Pas konfliktit, p\u00ebr motive t\u00eb dob\u00ebta, shtetasi O. A(V). ka q\u00eblluar me arm\u00eb zjarri n\u00eb drejtim t\u00eb automjetit t\u00eb 38-vje\u00e7arit, nd\u00ebrsa shtetasi S. B. drejtonte automjetin nga ku q\u00eblloi me arm\u00eb zjarri 28-vje\u00e7ari.<\/span><\/p>\n<p><span style=\"color: #000000;\">Nga t\u00eb sht\u00ebnat jan\u00eb shkaktuar vet\u00ebm d\u00ebme materiale.<\/span><\/p>\n<p><span style=\"color: #000000;\">Materialet procedurale iu referuan Prokuroris\u00eb s\u00eb Tiran\u00ebs, p\u00ebr veprime t\u00eb m\u00ebtejshme.<\/span><\/p>\n","protected":false,"gt_translate_keys":[{"key":"rendered","format":"html"}]},"excerpt":{"rendered":"<p>Policia ka v\u00ebn\u00eb n\u00eb pranga dy persona pas ngjarjes s\u00eb ndodhur dje n\u00eb Kombinat, ku u q\u00ebllua me arm\u00eb zjarri ndaj nj\u00eb automjeti, pas nj\u00eb konflikti p\u00ebr motive t\u00eb dob\u00ebta. Autori i dyshuar 28-vje\u00e7ar, q\u00eblloi me arm\u00eb n\u00eb drejtim t\u00eb makin\u00ebs ku ndodheshin dy shtetas, nd\u00ebrsa 30-vje\u00e7ari q\u00eb e shoq\u00ebronte drejtonte automjetin nga ku u [&hellip;]<\/p>\n","protected":false,"gt_translate_keys":[{"key":"rendered","format":"html"}]},"author":49,"featured_media":756739,"comment_status":"closed","ping_status":"open","sticky":false,"template":"","format":"standard","meta":{"footnotes":""},"categories":[65],"tags":[],"class_list":["post-756738","post","type-post","status-publish","format-standard","has-post-thumbnail","hentry","category-lajme"],"gt_translate_keys":[{"key":"link","format":"url"}],"_links":{"self":[{"href":"https:\/\/www.hashtag.al\/index.php\/wp-json\/wp\/v2\/posts\/756738","targetHints":{"allow":["GET"]}}],"collection":[{"href":"https:\/\/www.hashtag.al\/index.php\/wp-json\/wp\/v2\/posts"}],"about":[{"href":"https:\/\/www.hashtag.al\/index.php\/wp-json\/wp\/v2\/types\/post"}],"author":[{"embeddable":true,"href":"https:\/\/www.hashtag.al\/index.php\/wp-json\/wp\/v2\/users\/49"}],"replies":[{"embeddable":true,"href":"https:\/\/www.hashtag.al\/index.php\/wp-json\/wp\/v2\/comments?post=756738"}],"version-history":[{"count":99999,"href":"https:\/\/www.hashtag.al\/index.php\/wp-json\/wp\/v2\/posts\/756738\/revisions"}],"predecessor-version":[{"id":756740,"href":"https:\/\/www.hashtag.al\/index.php\/wp-json\/wp\/v2\/posts\/756738\/revisions\/756740"}],"wp:featuredmedia":[{"embeddable":true,"href":"https:\/\/www.hashtag.al\/index.php\/wp-json\/wp\/v2\/media\/756739"}],"wp:attachment":[{"href":"https:\/\/www.hashtag.al\/index.php\/wp-json\/wp\/v2\/media?parent=756738"}],"wp:term":[{"taxonomy":"category","embeddable":true,"href":"https:\/\/www.hashtag.al\/index.php\/wp-json\/wp\/v2\/categories?post=756738"},{"taxonomy":"post_tag","embeddable":true,"href":"https:\/\/www.hashtag.al\/index.php\/wp-json\/wp\/v2\/tags?post=756738"}],"curies":[{"name":"wp","href":"https:\/\/api.w.org\/{rel}","templated":true}]}}