{"id":756622,"date":"2025-08-22T15:45:19","date_gmt":"2025-08-22T13:45:19","guid":{"rendered":"https:\/\/www.hashtag.al\/?p=756622"},"modified":"2025-08-22T15:45:19","modified_gmt":"2025-08-22T13:45:19","slug":"lavrov-nuk-eshte-planifikuar-asnje-takim-mes-putinit-dhe-zelenskyt","status":"publish","type":"post","link":"https:\/\/www.hashtag.al\/index.php\/2025\/08\/22\/lavrov-nuk-eshte-planifikuar-asnje-takim-mes-putinit-dhe-zelenskyt\/","title":{"rendered":"Lavrov: Nuk \u00ebsht\u00eb planifikuar asnj\u00eb takim mes Putinit dhe Zelenskyt","gt_translate_keys":[{"key":"rendered","format":"text"}]},"content":{"rendered":"<p><span style=\"color: #000000;\"><img loading=\"lazy\" decoding=\"async\" class=\"aligncenter size-full wp-image-756623\" src=\"https:\/\/www.hashtag.al\/wp-content\/uploads\/2025\/08\/Screenshot-2025-08-22-154245.png\" alt=\"\" width=\"638\" height=\"381\" srcset=\"https:\/\/www.hashtag.al\/wp-content\/uploads\/2025\/08\/Screenshot-2025-08-22-154245.png 638w, https:\/\/www.hashtag.al\/wp-content\/uploads\/2025\/08\/Screenshot-2025-08-22-154245-300x179.png 300w\" sizes=\"auto, (max-width: 638px) 100vw, 638px\" \/><\/span><\/p>\n<p><span style=\"color: #000000;\">Ministri i Jasht\u00ebm i Rusis\u00eb, Sergei Lavrov, tha t\u00eb premten se nuk ka plane p\u00ebr ndonj\u00eb takim mes presidentit t\u00eb Rusis\u00eb, Vladimir Putin, dhe presidentit t\u00eb Ukrain\u00ebs, Volodymyr Zelensky, p\u00ebr t\u00eb biseduar p\u00ebr p\u00ebrfundimin e luft\u00ebs mbi trivje\u00e7are.<\/span><\/p>\n<p><span style=\"color: #000000;\">Lavrov e tha k\u00ebt\u00eb vet\u00ebm disa dit\u00eb pasi presidenti i Shteteve t\u00eb Bashkuara, Donald Trump, tha se kishin nisur p\u00ebrgatitjet p\u00ebr t\u2019i ulur ata s\u00eb bashku n\u00eb nj\u00eb tryez\u00eb bisedimesh.<\/span><\/p>\n<p><span style=\"color: #000000;\">\u201cNuk \u00ebsht\u00eb planifikuar asnj\u00eb takim\u201d mes lider\u00ebve rus\u00eb dhe ukrainas, tha kryediplomati rus n\u00eb nj\u00eb intervist\u00eb t\u00eb regjistruar p\u00ebr emisionin e s\u00eb diel\u00ebs t\u00eb NBC, \u201cMeet the Press with Kristen Welker\u201d.<\/span><\/p>\n<p><span style=\"color: #000000;\">Trump tha t\u00eb h\u00ebn\u00ebn n\u00eb rrjetet sociale se kishte folur me Putinin dhe se kishte tashm\u00eb kishin nisur p\u00ebrgatitjet p\u00ebr nj\u00eb takim n\u00eb nj\u00eb vend q\u00eb do t\u00eb p\u00ebrcaktohej m\u00eb von\u00eb. Ai shtoi se do t\u2019i bashkohej m\u00eb pas atyre n\u00eb nj\u00eb takim trepal\u00ebsh.<\/span><\/p>\n<p><span style=\"color: #000000;\">Dit\u00ebve t\u00eb fundit jan\u00eb rritur dyshimet p\u00ebr p\u00ebrkushtimin e Mosk\u00ebs ndaj p\u00ebrpjekjeve p\u00ebr paqe t\u00eb udh\u00ebhequra nga SHBA-ja, pasi zyrtar\u00ebt rus\u00eb kan\u00eb b\u00ebr\u00eb kund\u00ebrshtime ndaj pikave ky\u00e7e t\u00eb propozimeve fillestare.<\/span><\/p>\n<p><span style=\"color: #000000;\">Lavrov tha t\u00eb enjten se Putini \u00ebsht\u00eb i gatsh\u00ebm t\u00eb takohet me Zelenskyn p\u00ebr t\u2019i shtjelluar kushtet p\u00ebr paqe, por vet\u00ebm pasi \u00e7\u00ebshtjet kryesore t\u00eb zgjidhen paraprakisht nga zyrtar\u00ebt e lart\u00eb, shkruan <a href=\"https:\/\/www.evropaelire.org\/a\/lavrov-jo-takim-putin-zelensky\/33510398.html\"><span style=\"color: #0000ff;\"><strong>REL.<\/strong><\/span><\/a><\/span><\/p>\n<p><span style=\"color: #000000;\">Ukraina k\u00ebrkon nga Per\u00ebndimi garanci t\u00eb siguris\u00eb p\u00ebr ta parandaluar ndonj\u00eb sulm rus pas luft\u00ebs, dhe zyrtar\u00ebt amerikan\u00eb e evropian\u00eb po nxitojn\u00eb p\u00ebr t\u00eb hartuar propozime t\u00eb holl\u00ebsishme se si mund t\u00eb funksionoj\u00eb kjo.<\/span><\/p>\n<p><span style=\"color: #000000;\">Por, Lavrov tha m\u00eb her\u00ebt k\u00ebt\u00eb jav\u00eb se t\u00eb b\u00ebsh marr\u00ebveshje sigurie p\u00ebr Ukrain\u00ebn pa p\u00ebrfshirjen e Mosk\u00ebs \u00ebsht\u00eb e pakuptimt\u00eb.<\/span><\/p>\n<p><span style=\"color: #000000;\">T\u00eb enjten, nj\u00eb sulm i madh rus me dron\u00eb dhe raketa mbi Ukrain\u00eb goditi nj\u00eb fabrik\u00eb elektronike n\u00eb pron\u00ebsi amerikane, pavar\u00ebsisht kritikave t\u00eb Trumpit ndaj Putinit p\u00ebr vazhdimin e bombardimeve mbi objektivat ukrainase nd\u00ebrkoh\u00eb q\u00eb flitet p\u00ebr paqe.<\/span><\/p>\n","protected":false,"gt_translate_keys":[{"key":"rendered","format":"html"}]},"excerpt":{"rendered":"<p>Ministri i Jasht\u00ebm i Rusis\u00eb, Sergei Lavrov, tha t\u00eb premten se nuk ka plane p\u00ebr ndonj\u00eb takim mes presidentit t\u00eb Rusis\u00eb, Vladimir Putin, dhe presidentit t\u00eb Ukrain\u00ebs, Volodymyr Zelensky, p\u00ebr t\u00eb biseduar p\u00ebr p\u00ebrfundimin e luft\u00ebs mbi trivje\u00e7are. Lavrov e tha k\u00ebt\u00eb vet\u00ebm disa dit\u00eb pasi presidenti i Shteteve t\u00eb Bashkuara, Donald Trump, tha se [&hellip;]<\/p>\n","protected":false,"gt_translate_keys":[{"key":"rendered","format":"html"}]},"author":49,"featured_media":756623,"comment_status":"closed","ping_status":"open","sticky":false,"template":"","format":"standard","meta":{"footnotes":""},"categories":[6],"tags":[],"class_list":["post-756622","post","type-post","status-publish","format-standard","has-post-thumbnail","hentry","category-nderkombetare"],"gt_translate_keys":[{"key":"link","format":"url"}],"_links":{"self":[{"href":"https:\/\/www.hashtag.al\/index.php\/wp-json\/wp\/v2\/posts\/756622","targetHints":{"allow":["GET"]}}],"collection":[{"href":"https:\/\/www.hashtag.al\/index.php\/wp-json\/wp\/v2\/posts"}],"about":[{"href":"https:\/\/www.hashtag.al\/index.php\/wp-json\/wp\/v2\/types\/post"}],"author":[{"embeddable":true,"href":"https:\/\/www.hashtag.al\/index.php\/wp-json\/wp\/v2\/users\/49"}],"replies":[{"embeddable":true,"href":"https:\/\/www.hashtag.al\/index.php\/wp-json\/wp\/v2\/comments?post=756622"}],"version-history":[{"count":99999,"href":"https:\/\/www.hashtag.al\/index.php\/wp-json\/wp\/v2\/posts\/756622\/revisions"}],"predecessor-version":[{"id":756624,"href":"https:\/\/www.hashtag.al\/index.php\/wp-json\/wp\/v2\/posts\/756622\/revisions\/756624"}],"wp:featuredmedia":[{"embeddable":true,"href":"https:\/\/www.hashtag.al\/index.php\/wp-json\/wp\/v2\/media\/756623"}],"wp:attachment":[{"href":"https:\/\/www.hashtag.al\/index.php\/wp-json\/wp\/v2\/media?parent=756622"}],"wp:term":[{"taxonomy":"category","embeddable":true,"href":"https:\/\/www.hashtag.al\/index.php\/wp-json\/wp\/v2\/categories?post=756622"},{"taxonomy":"post_tag","embeddable":true,"href":"https:\/\/www.hashtag.al\/index.php\/wp-json\/wp\/v2\/tags?post=756622"}],"curies":[{"name":"wp","href":"https:\/\/api.w.org\/{rel}","templated":true}]}}