{"id":756443,"date":"2025-08-21T09:59:19","date_gmt":"2025-08-21T07:59:19","guid":{"rendered":"https:\/\/www.hashtag.al\/?p=756443"},"modified":"2025-08-21T09:59:31","modified_gmt":"2025-08-21T07:59:31","slug":"ish-zv-drejtori-i-akshi-kthehet-prane-familjes-policia-zbardh-detaje-per-zhdukjen","status":"publish","type":"post","link":"https:\/\/www.hashtag.al\/index.php\/2025\/08\/21\/ish-zv-drejtori-i-akshi-kthehet-prane-familjes-policia-zbardh-detaje-per-zhdukjen\/","title":{"rendered":"Ish-zv.drejtori i AKSHI kthehet pran\u00eb familjes, policia zbardh detaje p\u00ebr zhdukjen","gt_translate_keys":[{"key":"rendered","format":"text"}]},"content":{"rendered":"<p data-start=\"86\" data-end=\"277\"><span style=\"color: #000000;\"><img loading=\"lazy\" decoding=\"async\" class=\"aligncenter size-full wp-image-756444\" src=\"https:\/\/www.hashtag.al\/wp-content\/uploads\/2025\/08\/dsgsdfgsdfg-768x407-1.png\" alt=\"\" width=\"768\" height=\"407\" srcset=\"https:\/\/www.hashtag.al\/wp-content\/uploads\/2025\/08\/dsgsdfgsdfg-768x407-1.png 768w, https:\/\/www.hashtag.al\/wp-content\/uploads\/2025\/08\/dsgsdfgsdfg-768x407-1-300x159.png 300w\" sizes=\"auto, (max-width: 768px) 100vw, 768px\" \/><\/span><\/p>\n<p data-start=\"86\" data-end=\"277\"><span style=\"color: #000000;\">Ish-z\u00ebvend\u00ebsdrejtori i P\u00ebrgjithsh\u00ebm i Agjencis\u00eb Komb\u00ebtare t\u00eb Shoq\u00ebris\u00eb s\u00eb Informacionit (AKSHI), i raportuar si i zhdukur nj\u00eb dit\u00eb m\u00eb par\u00eb nga familja, \u00ebsht\u00eb kthyer pran\u00eb t\u00eb af\u00ebrmve t\u00eb tij.<\/span><\/p>\n<p data-start=\"279\" data-end=\"546\"><span style=\"color: #000000;\">Sipas policis\u00eb, 34-vje\u00e7ari D. Sh. u paraqit rreth or\u00ebs 02:00 n\u00eb Komisariatin Nr.1 n\u00eb Tiran\u00eb, ku deklaroi se ishte larguar me d\u00ebshir\u00ebn e tij. Ai shpjegoi se zhdukja kishte ardhur pas nj\u00eb konflikti me t\u00eb dashur\u00ebn dhe gjat\u00eb k\u00ebsaj kohe kishte q\u00ebndruar n\u00eb jug t\u00eb vendit, raporton Gazetarja Klodiana Lala.<\/span><\/p>\n<p data-start=\"548\" data-end=\"736\"><span style=\"color: #000000;\">Deklarata e tij bie ndesh me mesazhin e fundit q\u00eb u kishte d\u00ebrguar familjar\u00ebve, ku shkruante \u201cPo m\u00eb arrestojn\u00eb\u201d, gj\u00eb q\u00eb shkaktoi alarm dhe b\u00ebri q\u00eb familja t\u00eb denonconte rastin n\u00eb polici.<\/span><\/p>\n<p><span style=\"color: #000000;\"><em>\u201cN\u00eb vijim t\u00eb informacionit t\u00eb dh\u00ebn\u00eb dit\u00ebn e djeshme, p\u00ebr kall\u00ebzimin e shtetases M. Sh, p\u00ebr humbjen ekontakteve me djalin e tij, shtetasin D. Sh., 34 vje\u00e7, b\u00ebjm\u00eb me dije se rreth ores 02:00, ky shtetas \u00ebsht\u00eb paraqitur n\u00eb Komisariatin e Policise Nr. 1 dhe ka deklaruar se ishte larguar me d\u00ebshir\u00ebn e tij.<\/em><\/span><\/p>\n<p><span style=\"color: #000000;\"><em>Materialet procedurale iu referuan Prokuroris\u00eb s\u00eb Tiran\u00ebs, p\u00ebr veprime t\u00eb m\u00ebtejshme\u201d<\/em>, thuhet n\u00eb njoftimin e\u00a0 policis\u00eb.<\/span><\/p>\n","protected":false,"gt_translate_keys":[{"key":"rendered","format":"html"}]},"excerpt":{"rendered":"<p>Ish-z\u00ebvend\u00ebsdrejtori i P\u00ebrgjithsh\u00ebm i Agjencis\u00eb Komb\u00ebtare t\u00eb Shoq\u00ebris\u00eb s\u00eb Informacionit (AKSHI), i raportuar si i zhdukur nj\u00eb dit\u00eb m\u00eb par\u00eb nga familja, \u00ebsht\u00eb kthyer pran\u00eb t\u00eb af\u00ebrmve t\u00eb tij. Sipas policis\u00eb, 34-vje\u00e7ari D. Sh. u paraqit rreth or\u00ebs 02:00 n\u00eb Komisariatin Nr.1 n\u00eb Tiran\u00eb, ku deklaroi se ishte larguar me d\u00ebshir\u00ebn e tij. Ai shpjegoi [&hellip;]<\/p>\n","protected":false,"gt_translate_keys":[{"key":"rendered","format":"html"}]},"author":49,"featured_media":756444,"comment_status":"closed","ping_status":"open","sticky":false,"template":"","format":"standard","meta":{"footnotes":""},"categories":[65],"tags":[],"class_list":["post-756443","post","type-post","status-publish","format-standard","has-post-thumbnail","hentry","category-lajme"],"gt_translate_keys":[{"key":"link","format":"url"}],"_links":{"self":[{"href":"https:\/\/www.hashtag.al\/index.php\/wp-json\/wp\/v2\/posts\/756443","targetHints":{"allow":["GET"]}}],"collection":[{"href":"https:\/\/www.hashtag.al\/index.php\/wp-json\/wp\/v2\/posts"}],"about":[{"href":"https:\/\/www.hashtag.al\/index.php\/wp-json\/wp\/v2\/types\/post"}],"author":[{"embeddable":true,"href":"https:\/\/www.hashtag.al\/index.php\/wp-json\/wp\/v2\/users\/49"}],"replies":[{"embeddable":true,"href":"https:\/\/www.hashtag.al\/index.php\/wp-json\/wp\/v2\/comments?post=756443"}],"version-history":[{"count":99999,"href":"https:\/\/www.hashtag.al\/index.php\/wp-json\/wp\/v2\/posts\/756443\/revisions"}],"predecessor-version":[{"id":756451,"href":"https:\/\/www.hashtag.al\/index.php\/wp-json\/wp\/v2\/posts\/756443\/revisions\/756451"}],"wp:featuredmedia":[{"embeddable":true,"href":"https:\/\/www.hashtag.al\/index.php\/wp-json\/wp\/v2\/media\/756444"}],"wp:attachment":[{"href":"https:\/\/www.hashtag.al\/index.php\/wp-json\/wp\/v2\/media?parent=756443"}],"wp:term":[{"taxonomy":"category","embeddable":true,"href":"https:\/\/www.hashtag.al\/index.php\/wp-json\/wp\/v2\/categories?post=756443"},{"taxonomy":"post_tag","embeddable":true,"href":"https:\/\/www.hashtag.al\/index.php\/wp-json\/wp\/v2\/tags?post=756443"}],"curies":[{"name":"wp","href":"https:\/\/api.w.org\/{rel}","templated":true}]}}