{"id":756438,"date":"2025-08-21T09:32:27","date_gmt":"2025-08-21T07:32:27","guid":{"rendered":"https:\/\/www.hashtag.al\/?p=756438"},"modified":"2025-08-21T09:36:22","modified_gmt":"2025-08-21T07:36:22","slug":"arber-veliaj-paraqitet-ne-spak","status":"publish","type":"post","link":"https:\/\/www.hashtag.al\/index.php\/2025\/08\/21\/arber-veliaj-paraqitet-ne-spak\/","title":{"rendered":"Arb\u00ebr Veliaj paraqitet n\u00eb SPAK","gt_translate_keys":[{"key":"rendered","format":"text"}]},"content":{"rendered":"<p><img loading=\"lazy\" decoding=\"async\" class=\"aligncenter size-full wp-image-756440\" src=\"https:\/\/www.hashtag.al\/wp-content\/uploads\/2025\/08\/1200-630-whatsapp-image-2024-12-06-at-134835-1733489491.jpeg\" alt=\"\" width=\"1200\" height=\"630\" srcset=\"https:\/\/www.hashtag.al\/wp-content\/uploads\/2025\/08\/1200-630-whatsapp-image-2024-12-06-at-134835-1733489491.jpeg 1200w, https:\/\/www.hashtag.al\/wp-content\/uploads\/2025\/08\/1200-630-whatsapp-image-2024-12-06-at-134835-1733489491-300x158.jpeg 300w, https:\/\/www.hashtag.al\/wp-content\/uploads\/2025\/08\/1200-630-whatsapp-image-2024-12-06-at-134835-1733489491-1024x538.jpeg 1024w, https:\/\/www.hashtag.al\/wp-content\/uploads\/2025\/08\/1200-630-whatsapp-image-2024-12-06-at-134835-1733489491-768x403.jpeg 768w\" sizes=\"auto, (max-width: 1200px) 100vw, 1200px\" \/><\/p>\n<p><span style=\"color: #000000;\">Arb\u00ebr Veliaj, v\u00ebllai i kryebashkiakut t\u00eb Tiran\u00ebs Erion Veliaj, \u00ebsht\u00eb paraqitur sot n\u00eb ambientet e SPAK, ku do t\u00eb merret n\u00eb pyetje si person q\u00eb ka dijeni mbi hetimet. <\/span><\/p>\n<p><span style=\"color: #000000;\">Tre jav\u00eb m\u00eb par\u00eb, Gjykata e Posa\u00e7me e Apelit rr\u00ebzoi ankimimin e tij kund\u00ebr kontrolleve t\u00eb ushtruara nga SPAK n\u00eb dhjetor 2024 n\u00eb banesat dhe bizneset e tij. <\/span><\/p>\n<p><span style=\"color: #000000;\">M\u00eb her\u00ebt, Gjykata e Lart\u00eb kishte kthyer dosjen p\u00ebr rigjykim, por Apeli vendosi t\u00eb mos e pranoj\u00eb ankimimin.<\/span><\/p>\n","protected":false,"gt_translate_keys":[{"key":"rendered","format":"html"}]},"excerpt":{"rendered":"<p>Arb\u00ebr Veliaj, v\u00ebllai i kryebashkiakut t\u00eb Tiran\u00ebs Erion Veliaj, \u00ebsht\u00eb paraqitur sot n\u00eb ambientet e SPAK, ku do t\u00eb merret n\u00eb pyetje si person q\u00eb ka dijeni mbi hetimet. Tre jav\u00eb m\u00eb par\u00eb, Gjykata e Posa\u00e7me e Apelit rr\u00ebzoi ankimimin e tij kund\u00ebr kontrolleve t\u00eb ushtruara nga SPAK n\u00eb dhjetor 2024 n\u00eb banesat dhe bizneset [&hellip;]<\/p>\n","protected":false,"gt_translate_keys":[{"key":"rendered","format":"html"}]},"author":49,"featured_media":756440,"comment_status":"closed","ping_status":"open","sticky":false,"template":"","format":"standard","meta":{"footnotes":""},"categories":[65],"tags":[],"class_list":["post-756438","post","type-post","status-publish","format-standard","has-post-thumbnail","hentry","category-lajme"],"gt_translate_keys":[{"key":"link","format":"url"}],"_links":{"self":[{"href":"https:\/\/www.hashtag.al\/index.php\/wp-json\/wp\/v2\/posts\/756438","targetHints":{"allow":["GET"]}}],"collection":[{"href":"https:\/\/www.hashtag.al\/index.php\/wp-json\/wp\/v2\/posts"}],"about":[{"href":"https:\/\/www.hashtag.al\/index.php\/wp-json\/wp\/v2\/types\/post"}],"author":[{"embeddable":true,"href":"https:\/\/www.hashtag.al\/index.php\/wp-json\/wp\/v2\/users\/49"}],"replies":[{"embeddable":true,"href":"https:\/\/www.hashtag.al\/index.php\/wp-json\/wp\/v2\/comments?post=756438"}],"version-history":[{"count":99999,"href":"https:\/\/www.hashtag.al\/index.php\/wp-json\/wp\/v2\/posts\/756438\/revisions"}],"predecessor-version":[{"id":756442,"href":"https:\/\/www.hashtag.al\/index.php\/wp-json\/wp\/v2\/posts\/756438\/revisions\/756442"}],"wp:featuredmedia":[{"embeddable":true,"href":"https:\/\/www.hashtag.al\/index.php\/wp-json\/wp\/v2\/media\/756440"}],"wp:attachment":[{"href":"https:\/\/www.hashtag.al\/index.php\/wp-json\/wp\/v2\/media?parent=756438"}],"wp:term":[{"taxonomy":"category","embeddable":true,"href":"https:\/\/www.hashtag.al\/index.php\/wp-json\/wp\/v2\/categories?post=756438"},{"taxonomy":"post_tag","embeddable":true,"href":"https:\/\/www.hashtag.al\/index.php\/wp-json\/wp\/v2\/tags?post=756438"}],"curies":[{"name":"wp","href":"https:\/\/api.w.org\/{rel}","templated":true}]}}