{"id":756409,"date":"2025-08-20T21:20:30","date_gmt":"2025-08-20T19:20:30","guid":{"rendered":"https:\/\/www.hashtag.al\/?p=756409"},"modified":"2025-08-20T21:20:30","modified_gmt":"2025-08-20T19:20:30","slug":"idf-humbja-e-hamasit-matet-me-faktin-qe-nuk-do-te-kontrolloje-me-gazen","status":"publish","type":"post","link":"https:\/\/www.hashtag.al\/index.php\/2025\/08\/20\/idf-humbja-e-hamasit-matet-me-faktin-qe-nuk-do-te-kontrolloje-me-gazen\/","title":{"rendered":"IDF: Humbja e Hamasit matet me faktin q\u00eb nuk do t\u00eb kontrolloj\u00eb m\u00eb Gaz\u00ebn","gt_translate_keys":[{"key":"rendered","format":"text"}]},"content":{"rendered":"<p data-start=\"97\" data-end=\"340\"><span style=\"color: #000000;\"><img loading=\"lazy\" decoding=\"async\" class=\"size-medium wp-image-685498 aligncenter\" src=\"https:\/\/www.hashtag.al\/wp-content\/uploads\/2024\/07\/idf-300x169.jpg\" alt=\"\" width=\"300\" height=\"169\" srcset=\"https:\/\/www.hashtag.al\/wp-content\/uploads\/2024\/07\/idf-300x169.jpg 300w, https:\/\/www.hashtag.al\/wp-content\/uploads\/2024\/07\/idf.jpg 768w\" sizes=\"auto, (max-width: 300px) 100vw, 300px\" \/><br \/>\nZ\u00ebdh\u00ebn\u00ebsi i Forcave t\u00eb Mbrojtjes s\u00eb Izraelit (IDF), Ephraim Defrin, deklaroi se Operacioni <em data-start=\"188\" data-end=\"209\">\u201cQerret e Gideonit\u201d<\/em> ka arritur objektivat e tij dhe madje ka shkuar p\u00ebrtej tyre, nd\u00ebrsa Izraeli po p\u00ebrgatitet t\u00eb marr\u00eb n\u00ebn kontroll qytetin e Gaz\u00ebs.<\/span><\/p>\n<p data-start=\"342\" data-end=\"585\"><span style=\"color: #000000;\">\u201cSot Hamas nuk ka m\u00eb ku t\u00eb kthehet,\u201d tha Defrin p\u00ebr <a href=\"https:\/\/www.ynetnews.com\/article\/ccermkohi\"><span style=\"color: #0000ff;\">YNetNews<\/span><\/a>, duke theksuar se gjat\u00eb operacionit jan\u00eb eliminuar mbi 2 mij\u00eb militant\u00eb. \u201cKjo krijoi kushtet p\u00ebr hyrjen n\u00eb qytetin e Gaz\u00ebs dhe p\u00ebrqendrimin e p\u00ebrpjekjeve p\u00ebr t\u00eb thelluar rezultatet.\u201d<\/span><\/p>\n<p data-start=\"587\" data-end=\"906\" data-is-last-node=\"\" data-is-only-node=\"\"><span style=\"color: #000000;\">Sa i p\u00ebrket p\u00ebrkufizimit t\u00eb humbjes s\u00eb Hamasit, z\u00ebdh\u00ebn\u00ebsi i IDF theksoi:<\/span><br data-start=\"659\" data-end=\"662\" \/><span style=\"color: #000000;\">\u201cHamas \u00ebsht\u00eb thyer n\u00eb t\u00eb gjitha zonat ku kemi vepruar. Ai nuk \u00ebsht\u00eb m\u00eb nj\u00eb ushtri terroriste si m\u00eb par\u00eb, por nj\u00eb forc\u00eb guerile. Humbja do t\u00eb konsiderohet e plot\u00eb at\u00eb dit\u00eb kur Hamas t\u00eb mos ket\u00eb m\u00eb kontroll mbi Gaz\u00ebn. Ky \u00ebsht\u00eb kriteri kryesor.\u201d<\/span><\/p>\n","protected":false,"gt_translate_keys":[{"key":"rendered","format":"html"}]},"excerpt":{"rendered":"<p>Z\u00ebdh\u00ebn\u00ebsi i Forcave t\u00eb Mbrojtjes s\u00eb Izraelit (IDF), Ephraim Defrin, deklaroi se Operacioni \u201cQerret e Gideonit\u201d ka arritur objektivat e tij dhe madje ka shkuar p\u00ebrtej tyre, nd\u00ebrsa Izraeli po p\u00ebrgatitet t\u00eb marr\u00eb n\u00ebn kontroll qytetin e Gaz\u00ebs. \u201cSot Hamas nuk ka m\u00eb ku t\u00eb kthehet,\u201d tha Defrin p\u00ebr YNetNews, duke theksuar se gjat\u00eb operacionit [&hellip;]<\/p>\n","protected":false,"gt_translate_keys":[{"key":"rendered","format":"html"}]},"author":32,"featured_media":685498,"comment_status":"closed","ping_status":"open","sticky":false,"template":"","format":"standard","meta":{"footnotes":""},"categories":[6],"tags":[],"class_list":["post-756409","post","type-post","status-publish","format-standard","has-post-thumbnail","hentry","category-nderkombetare"],"gt_translate_keys":[{"key":"link","format":"url"}],"_links":{"self":[{"href":"https:\/\/www.hashtag.al\/index.php\/wp-json\/wp\/v2\/posts\/756409","targetHints":{"allow":["GET"]}}],"collection":[{"href":"https:\/\/www.hashtag.al\/index.php\/wp-json\/wp\/v2\/posts"}],"about":[{"href":"https:\/\/www.hashtag.al\/index.php\/wp-json\/wp\/v2\/types\/post"}],"author":[{"embeddable":true,"href":"https:\/\/www.hashtag.al\/index.php\/wp-json\/wp\/v2\/users\/32"}],"replies":[{"embeddable":true,"href":"https:\/\/www.hashtag.al\/index.php\/wp-json\/wp\/v2\/comments?post=756409"}],"version-history":[{"count":99999,"href":"https:\/\/www.hashtag.al\/index.php\/wp-json\/wp\/v2\/posts\/756409\/revisions"}],"predecessor-version":[{"id":756410,"href":"https:\/\/www.hashtag.al\/index.php\/wp-json\/wp\/v2\/posts\/756409\/revisions\/756410"}],"wp:featuredmedia":[{"embeddable":true,"href":"https:\/\/www.hashtag.al\/index.php\/wp-json\/wp\/v2\/media\/685498"}],"wp:attachment":[{"href":"https:\/\/www.hashtag.al\/index.php\/wp-json\/wp\/v2\/media?parent=756409"}],"wp:term":[{"taxonomy":"category","embeddable":true,"href":"https:\/\/www.hashtag.al\/index.php\/wp-json\/wp\/v2\/categories?post=756409"},{"taxonomy":"post_tag","embeddable":true,"href":"https:\/\/www.hashtag.al\/index.php\/wp-json\/wp\/v2\/tags?post=756409"}],"curies":[{"name":"wp","href":"https:\/\/api.w.org\/{rel}","templated":true}]}}