{"id":756332,"date":"2025-08-20T15:11:30","date_gmt":"2025-08-20T13:11:30","guid":{"rendered":"https:\/\/www.hashtag.al\/?p=756332"},"modified":"2025-08-20T15:11:30","modified_gmt":"2025-08-20T13:11:30","slug":"pedonale-e-re-brenda-parkut-te-karavastase-akzm-shpall-fituesin-per-hartimin-e-projektit","status":"publish","type":"post","link":"https:\/\/www.hashtag.al\/index.php\/2025\/08\/20\/pedonale-e-re-brenda-parkut-te-karavastase-akzm-shpall-fituesin-per-hartimin-e-projektit\/","title":{"rendered":"Pedonale e re brenda Parkut t\u00eb Karavastas\u00eb, AKZM shpall fituesin p\u00ebr hartimin e projektit","gt_translate_keys":[{"key":"rendered","format":"text"}]},"content":{"rendered":"<p><img loading=\"lazy\" decoding=\"async\" class=\"aligncenter size-full wp-image-756333\" src=\"https:\/\/www.hashtag.al\/wp-content\/uploads\/2025\/08\/800-450-Parku-i-Karavastase.jpg\" alt=\"\" width=\"800\" height=\"450\" srcset=\"https:\/\/www.hashtag.al\/wp-content\/uploads\/2025\/08\/800-450-Parku-i-Karavastase.jpg 800w, https:\/\/www.hashtag.al\/wp-content\/uploads\/2025\/08\/800-450-Parku-i-Karavastase-300x169.jpg 300w, https:\/\/www.hashtag.al\/wp-content\/uploads\/2025\/08\/800-450-Parku-i-Karavastase-768x432.jpg 768w\" sizes=\"auto, (max-width: 800px) 100vw, 800px\" \/><\/p>\n<p><span style=\"color: #000000;\">Parku Komb\u00ebtar Divjak\u00eb-Karavasta, pritet t\u00eb ket\u00eb nj\u00eb pedonale t\u00eb re. Kjo e fundit do t\u00eb jet\u00eb zgjatim i asaj ekzistuese q\u00eb p\u00ebrfundon pran\u00eb kull\u00ebs 360 grad\u00eb q\u00eb ndodhet n\u00eb zem\u00ebr t\u00eb k\u00ebtij parku. <\/span><\/p>\n<p><span style=\"color: #000000;\">Agjencia Komb\u00ebtare e Zonave t\u00eb Mbrojtura njoftoi se ka shpallur fituesin p\u00ebr kontrat\u00ebn \u201c Hartim Projekti- Nd\u00ebrtimi i pedonales n\u00eb Divjak\u00eb Karavasta\u201d, kompanin\u00eb \u201cINFRATECH\u201d. \u00a0<\/span><\/p>\n<p><span style=\"color: #000000;\">Sipas AKZM kjo pedonale \u00ebsht\u00eb shum\u00eb e domosdoshme, pasi u vjen n\u00eb ndihm\u00eb t\u00eb gjith\u00eb vizitor\u00ebve t\u00eb cil\u00ebt zhvillojn\u00eb ecje pasi jan\u00eb komplet t\u00eb \u2018p\u00ebrjashtuar\u2019\u2019 nga rruga automobilistike dhe ndihen akoma edhe m\u00eb t\u00eb sigurt gjat\u00eb vizit\u00ebs n\u00eb park.<\/span><\/p>\n<p><span style=\"color: #000000;\"><em>\u201cDuke qen\u00eb se rruga automobilistike \u00ebsht\u00eb i vetmi akses i futjes n\u00eb zon\u00ebn e parkut p\u00ebr t\u00eb vazhduar me tej deri n\u00eb bregdetin e plazhit t\u00eb Divjak\u00ebs, lind nevoja p\u00ebr nj\u00eb zgjatje t\u00eb k\u00ebsaj pedonaleje ekzistuese. Duke filluar nga p\u00ebrfundimi i pedonales ekzistuese n\u00eb Kull\u00ebn 360o ose pran\u00eb Zyrave t\u00eb AdZM Fier dhe p\u00ebr t\u00eb vazhduar paralel me rrug\u00ebn automobilistike n\u00eb t\u00eb djatht\u00ebn e saj, duke gjarp\u00ebruar midis drur\u00ebve t\u00eb pish\u00ebs mesdhetare pa i d\u00ebmtuar dhe pa prer\u00eb asnj\u00eb dru deri n\u00eb zon\u00ebn q\u00eb njihet ndryshe edhe si Qendra e Parkut pran\u00eb Divjaka Resort\u201d<\/em> thuhet n\u00eb dokumentet e procedur\u00ebs.<\/span><\/p>\n<p><span style=\"color: #000000;\">Pedonalja do t\u00eb jet\u00eb me punim druri duke e b\u00ebr\u00eb at\u00eb t\u00eb p\u00ebrshtatshme p\u00ebr nj\u00eb park komb\u00ebtar dhe duke eliminuar k\u00ebshtu ndikimet negative n\u00eb mjedis.<\/span><\/p>\n<p><span style=\"color: #000000;\">Parku Komb\u00ebtar Divjak\u00eb-Karavasta \u00ebsht\u00eb nj\u00eb nd\u00ebr pikat e r\u00ebnd\u00ebsishme turistike q\u00eb vizitohet p\u00ebrgjat\u00eb vitit. N\u00eb vitin q\u00eb lam\u00eb pas ajo u vizitua nga 274 mij\u00eb vizitor\u00eb vendas dhe 105 mij\u00eb t\u00eb huaj.<\/span><\/p>\n<p><span style=\"color: #000000;\">Sipas AKZM Zona e Parkut Komb\u00ebtar Divjak\u00eb-Karavasta konsiderohet si nj\u00eb zon\u00eb me vlera t\u00eb ve\u00e7anta p\u00ebr natyr\u00ebn dhe biodiversitetin. Ky park shquhet p\u00ebr popullat\u00eb t\u00eb shum\u00ebllojshme floristike e faunistike, endemike, subendemike, t\u00eb rralla, t\u00eb k\u00ebrc\u00ebnuara e t\u00eb rrezikuara n\u00eb zhdukje.\/ N.Maho<\/span><\/p>\n<p><span style=\"color: #000000;\"><span style=\"color: #ff0000;\"><strong>VINI RE<\/strong><\/span>: Ky material \u00ebsht\u00eb pron\u00ebsi intelektuale e <span style=\"color: #0000ff;\"><a style=\"color: #0000ff;\" href=\"https:\/\/monitor.al\/pedonale-e-re-brenda-parkut-te-karavastase-akzm-shpall-fituesin-per-hartimin-e-projektit\/\">Monitor<\/a><\/span><\/span><\/p>\n","protected":false,"gt_translate_keys":[{"key":"rendered","format":"html"}]},"excerpt":{"rendered":"<p>Parku Komb\u00ebtar Divjak\u00eb-Karavasta, pritet t\u00eb ket\u00eb nj\u00eb pedonale t\u00eb re. Kjo e fundit do t\u00eb jet\u00eb zgjatim i asaj ekzistuese q\u00eb p\u00ebrfundon pran\u00eb kull\u00ebs 360 grad\u00eb q\u00eb ndodhet n\u00eb zem\u00ebr t\u00eb k\u00ebtij parku. Agjencia Komb\u00ebtare e Zonave t\u00eb Mbrojtura njoftoi se ka shpallur fituesin p\u00ebr kontrat\u00ebn \u201c Hartim Projekti- Nd\u00ebrtimi i pedonales n\u00eb Divjak\u00eb Karavasta\u201d, [&hellip;]<\/p>\n","protected":false,"gt_translate_keys":[{"key":"rendered","format":"html"}]},"author":51,"featured_media":756333,"comment_status":"closed","ping_status":"open","sticky":false,"template":"","format":"standard","meta":{"footnotes":""},"categories":[65],"tags":[],"class_list":["post-756332","post","type-post","status-publish","format-standard","has-post-thumbnail","hentry","category-lajme"],"gt_translate_keys":[{"key":"link","format":"url"}],"_links":{"self":[{"href":"https:\/\/www.hashtag.al\/index.php\/wp-json\/wp\/v2\/posts\/756332","targetHints":{"allow":["GET"]}}],"collection":[{"href":"https:\/\/www.hashtag.al\/index.php\/wp-json\/wp\/v2\/posts"}],"about":[{"href":"https:\/\/www.hashtag.al\/index.php\/wp-json\/wp\/v2\/types\/post"}],"author":[{"embeddable":true,"href":"https:\/\/www.hashtag.al\/index.php\/wp-json\/wp\/v2\/users\/51"}],"replies":[{"embeddable":true,"href":"https:\/\/www.hashtag.al\/index.php\/wp-json\/wp\/v2\/comments?post=756332"}],"version-history":[{"count":99999,"href":"https:\/\/www.hashtag.al\/index.php\/wp-json\/wp\/v2\/posts\/756332\/revisions"}],"predecessor-version":[{"id":756334,"href":"https:\/\/www.hashtag.al\/index.php\/wp-json\/wp\/v2\/posts\/756332\/revisions\/756334"}],"wp:featuredmedia":[{"embeddable":true,"href":"https:\/\/www.hashtag.al\/index.php\/wp-json\/wp\/v2\/media\/756333"}],"wp:attachment":[{"href":"https:\/\/www.hashtag.al\/index.php\/wp-json\/wp\/v2\/media?parent=756332"}],"wp:term":[{"taxonomy":"category","embeddable":true,"href":"https:\/\/www.hashtag.al\/index.php\/wp-json\/wp\/v2\/categories?post=756332"},{"taxonomy":"post_tag","embeddable":true,"href":"https:\/\/www.hashtag.al\/index.php\/wp-json\/wp\/v2\/tags?post=756332"}],"curies":[{"name":"wp","href":"https:\/\/api.w.org\/{rel}","templated":true}]}}