{"id":756301,"date":"2025-08-20T11:59:44","date_gmt":"2025-08-20T09:59:44","guid":{"rendered":"https:\/\/www.hashtag.al\/?p=756301"},"modified":"2025-08-20T11:59:44","modified_gmt":"2025-08-20T09:59:44","slug":"vijon-ngerci-politik-ne-kosove-rrezohen-kandidaturat-per-kryetare-te-haxhiut-dhe-gervalles","status":"publish","type":"post","link":"https:\/\/www.hashtag.al\/index.php\/2025\/08\/20\/vijon-ngerci-politik-ne-kosove-rrezohen-kandidaturat-per-kryetare-te-haxhiut-dhe-gervalles\/","title":{"rendered":"Vijon ng\u00ebr\u00e7i politik n\u00eb Kosov\u00eb, rr\u00ebzohen kandidaturat p\u00ebr kryetare t\u00eb Haxhiut dhe G\u00ebrvall\u00ebs","gt_translate_keys":[{"key":"rendered","format":"text"}]},"content":{"rendered":"<p><img loading=\"lazy\" decoding=\"async\" class=\"alignnone size-medium wp-image-756302\" src=\"https:\/\/www.hashtag.al\/wp-content\/uploads\/2025\/08\/1755682772_kosove-300x169.jpg\" alt=\"\" width=\"300\" height=\"169\" srcset=\"https:\/\/www.hashtag.al\/wp-content\/uploads\/2025\/08\/1755682772_kosove-300x169.jpg 300w, https:\/\/www.hashtag.al\/wp-content\/uploads\/2025\/08\/1755682772_kosove-768x433.jpg 768w, https:\/\/www.hashtag.al\/wp-content\/uploads\/2025\/08\/1755682772_kosove.jpg 780w\" sizes=\"auto, (max-width: 300px) 100vw, 300px\" \/><\/p>\n<p><span style=\"color: #000000;\">Albulena Haxhiu dhe Donika G\u00ebrvalla kan\u00eb d\u00ebshtuar t\u00eb zgjidhen kryeparlamentare n\u00eb seanc\u00ebn e par\u00eb konstituive pas Aktgjykimit t\u00eb Gjykat\u00ebs Kushtetuese.<\/span><\/p>\n<p><span style=\"color: #000000;\">N\u00eb t\u00eb dy votimet, kandidatet mor\u00ebn nga 57 vota pro, 56 kund\u00ebr e nga tri abstenime. Pas d\u00ebshtimit t\u00eb tyre, seanca \u00ebsht\u00eb shtyr\u00eb p\u00ebr 22 gusht.<\/span><\/p>\n<p><span style=\"color: #000000;\">Deputetja e Aleanc\u00ebs p\u00ebr Ardhm\u00ebrin\u00eb e Kosov\u00ebs, Time Kadrijaj, ka th\u00ebn\u00eb se L\u00ebvizja Vet\u00ebvendosje me propozimin e Donika G\u00ebrvall\u00ebs, pas Albulena Haxhiut, q\u00ebllimsh\u00ebm po \u201cpropozon figura q\u00eb nuk votohen\u201d.<\/span><\/p>\n<p><span style=\"color: #000000;\">N\u00eb seanc\u00ebn e par\u00eb konstituive pas Aktgjykimit t\u00eb Kushteuteses, sipas Kadrijajt, gjith\u00e7ka do t\u00eb duhej t\u00eb niste me k\u00ebrkim falje p\u00ebr shkelje t\u00eb Kushtetut\u00ebs.<\/span><\/p>\n<p><span style=\"color: #000000;\">Ajo ka th\u00ebn\u00eb se aktgjykimi i Gjykat\u00ebs Kushtetuese ka konstatuar q\u00eb LVV-ja po vepron jasht\u00ebligjsh\u00ebm.<\/span><\/p>\n<p><span style=\"color: #000000;\"><em>\u201cKushtetuesja e konstatoi at\u00eb q\u00eb e kemi th\u00ebn\u00eb n\u00eb vazhdim\u00ebsi. Ata e kan\u00eb dit\u00eb q\u00eb Haxhiu nuk ka vot\u00eb, s\u00ebrish e propozuan. Ne i kemi ofruar alternativat q\u00eb nuk i kan\u00eb pranuar dhe q\u00ebllimsh\u00ebm po propozojn\u00eb kandidat\u00eb q\u00eb nuk e marrin shumic\u00ebn e votave\u201d,<\/em> ka th\u00ebn\u00eb ajo.<\/span><\/p>\n","protected":false,"gt_translate_keys":[{"key":"rendered","format":"html"}]},"excerpt":{"rendered":"<p>Albulena Haxhiu dhe Donika G\u00ebrvalla kan\u00eb d\u00ebshtuar t\u00eb zgjidhen kryeparlamentare n\u00eb seanc\u00ebn e par\u00eb konstituive pas Aktgjykimit t\u00eb Gjykat\u00ebs Kushtetuese. N\u00eb t\u00eb dy votimet, kandidatet mor\u00ebn nga 57 vota pro, 56 kund\u00ebr e nga tri abstenime. Pas d\u00ebshtimit t\u00eb tyre, seanca \u00ebsht\u00eb shtyr\u00eb p\u00ebr 22 gusht. Deputetja e Aleanc\u00ebs p\u00ebr Ardhm\u00ebrin\u00eb e Kosov\u00ebs, Time Kadrijaj, [&hellip;]<\/p>\n","protected":false,"gt_translate_keys":[{"key":"rendered","format":"html"}]},"author":32,"featured_media":756302,"comment_status":"closed","ping_status":"open","sticky":false,"template":"","format":"standard","meta":{"footnotes":""},"categories":[149],"tags":[],"class_list":["post-756301","post","type-post","status-publish","format-standard","has-post-thumbnail","hentry","category-kosoverajon"],"gt_translate_keys":[{"key":"link","format":"url"}],"_links":{"self":[{"href":"https:\/\/www.hashtag.al\/index.php\/wp-json\/wp\/v2\/posts\/756301","targetHints":{"allow":["GET"]}}],"collection":[{"href":"https:\/\/www.hashtag.al\/index.php\/wp-json\/wp\/v2\/posts"}],"about":[{"href":"https:\/\/www.hashtag.al\/index.php\/wp-json\/wp\/v2\/types\/post"}],"author":[{"embeddable":true,"href":"https:\/\/www.hashtag.al\/index.php\/wp-json\/wp\/v2\/users\/32"}],"replies":[{"embeddable":true,"href":"https:\/\/www.hashtag.al\/index.php\/wp-json\/wp\/v2\/comments?post=756301"}],"version-history":[{"count":99999,"href":"https:\/\/www.hashtag.al\/index.php\/wp-json\/wp\/v2\/posts\/756301\/revisions"}],"predecessor-version":[{"id":756303,"href":"https:\/\/www.hashtag.al\/index.php\/wp-json\/wp\/v2\/posts\/756301\/revisions\/756303"}],"wp:featuredmedia":[{"embeddable":true,"href":"https:\/\/www.hashtag.al\/index.php\/wp-json\/wp\/v2\/media\/756302"}],"wp:attachment":[{"href":"https:\/\/www.hashtag.al\/index.php\/wp-json\/wp\/v2\/media?parent=756301"}],"wp:term":[{"taxonomy":"category","embeddable":true,"href":"https:\/\/www.hashtag.al\/index.php\/wp-json\/wp\/v2\/categories?post=756301"},{"taxonomy":"post_tag","embeddable":true,"href":"https:\/\/www.hashtag.al\/index.php\/wp-json\/wp\/v2\/tags?post=756301"}],"curies":[{"name":"wp","href":"https:\/\/api.w.org\/{rel}","templated":true}]}}