{"id":756241,"date":"2025-08-19T22:23:48","date_gmt":"2025-08-19T20:23:48","guid":{"rendered":"https:\/\/www.hashtag.al\/?p=756241"},"modified":"2025-08-19T22:23:48","modified_gmt":"2025-08-19T20:23:48","slug":"zyra-e-osbe-se-thirrje-serbise-promovimi-i-dialogut-menyra-me-e-mire-per-ti-ulur-tensionet","status":"publish","type":"post","link":"https:\/\/www.hashtag.al\/index.php\/2025\/08\/19\/zyra-e-osbe-se-thirrje-serbise-promovimi-i-dialogut-menyra-me-e-mire-per-ti-ulur-tensionet\/","title":{"rendered":"Zyra e OSBE-s\u00eb thirrje Serbis\u00eb: Promovimi i dialogut, m\u00ebnyra m\u00eb e mir\u00eb p\u00ebr t\u2019i ulur tensionet","gt_translate_keys":[{"key":"rendered","format":"text"}]},"content":{"rendered":"<p><span style=\"color: #000000;\"><img loading=\"lazy\" decoding=\"async\" class=\"aligncenter size-full wp-image-756242\" src=\"https:\/\/www.hashtag.al\/wp-content\/uploads\/2025\/08\/Screenshot-2025-08-19-215543.png\" alt=\"\" width=\"1081\" height=\"609\" srcset=\"https:\/\/www.hashtag.al\/wp-content\/uploads\/2025\/08\/Screenshot-2025-08-19-215543.png 1081w, https:\/\/www.hashtag.al\/wp-content\/uploads\/2025\/08\/Screenshot-2025-08-19-215543-300x169.png 300w, https:\/\/www.hashtag.al\/wp-content\/uploads\/2025\/08\/Screenshot-2025-08-19-215543-1024x577.png 1024w, https:\/\/www.hashtag.al\/wp-content\/uploads\/2025\/08\/Screenshot-2025-08-19-215543-768x433.png 768w\" sizes=\"auto, (max-width: 1081px) 100vw, 1081px\" \/><\/span><\/p>\n<p><span style=\"color: #000000;\">Zyra e OSBE-s\u00eb p\u00ebr Institucione Demokratike dhe t\u00eb Drejta t\u00eb Njeriut, ODIHR, ka th\u00ebn\u00eb t\u00eb mart\u00ebn se Serbia e ka p\u00ebr detyr\u00eb t\u00eb mund\u00ebsoj\u00eb tubime paq\u00ebsore pa p\u00ebrdorim t\u00eb paarsyesh\u00ebm ose t\u00eb tepruar t\u00eb forc\u00ebs policore.<\/span><\/p>\n<p><span style=\"color: #000000;\">N\u00eb nj\u00eb reagim n\u00eb X, ajo tha Serbia \u00ebsht\u00eb gjithashtu e detyruar ta \u201cparandaloj\u00eb dhun\u00ebn, n\u00eb p\u00ebrputhje me detyrimet e saj p\u00ebr t\u00eb drejtat e njeriut\u201d.<\/span><\/p>\n<p><span style=\"color: #000000;\"><em>\u201cPromovimi i dialogut dhe p\u00ebrgjegj\u00ebsis\u00eb \u00ebsht\u00eb m\u00ebnyra m\u00eb e mir\u00eb p\u00ebr t\u2019i ulur tensionet e tanishme&#8221;<\/em>, thuhet n\u00eb reagim.<\/span><\/p>\n<p><span style=\"color: #000000;\">Nj\u00eb val\u00eb protestash, q\u00eb filloi n\u00eb Serbi n\u00eb n\u00ebntor t\u00eb vitit 2024, ka hyr\u00eb n\u00eb nj\u00eb faz\u00eb t\u00eb re tani.<\/span><\/p>\n<p><span style=\"color: #000000;\">Ka pasur p\u00ebrleshje t\u00eb p\u00ebrditshme midis demonstruesve dhe policis\u00eb q\u00eb nga 12 gushti, kur dhuna shp\u00ebrtheu n\u00eb qytetet veriore, V\u00ebrbas dhe Ba\u00e7ka Pallanka.<\/span><\/p>\n<p><span style=\"color: #000000;\">K\u00ebto incidente ndez\u00ebn protesta n\u00eb dhjet\u00ebra qytete n\u00eb vend, p\u00ebrfshir\u00eb kryeqytetin Beograd, nd\u00ebrsa akuzat p\u00ebr brutalitet policor u p\u00ebrhap\u00ebn n\u00eb gjith\u00eb vendin.<\/span><\/p>\n<p><span style=\"color: #000000;\">Dit\u00ebt e fundit, disa organizata joqeveritare kan\u00eb b\u00ebr\u00eb kall\u00ebzime penale kund\u00ebr oficer\u00ebve t\u00eb policis\u00eb p\u00ebr dhun\u00eb policore kund\u00ebr protestuesve, shkruan <a href=\"https:\/\/www.evropaelire.org\/a\/osbe-thirrje-serbise-jo-dhune-policore\/33507596.html\"><span style=\"color: #0000ff;\"><strong>REL .<\/strong><\/span><\/a><\/span><\/p>\n<p><span style=\"color: #000000;\">Ministri i Brendsh\u00ebm i Serbis\u00eb, Ivica Da\u00e7i\u00e7, tha t\u00eb mart\u00ebn se policia nuk po fshihte asgj\u00eb n\u00eb lidhje me veprimet e saj n\u00eb protesta dhe se, n\u00ebse do t\u00eb kishte ndonj\u00eb tejkalim t\u00eb autoritetit, t\u00eb gjith\u00eb ata q\u00eb e b\u00ebn\u00eb k\u00ebt\u00eb do t\u00eb mbanin p\u00ebrgjegj\u00ebsi.<\/span><\/p>\n<p><span style=\"color: #000000;\">Q\u00eb nga n\u00ebntori, n\u00eb Serbi po zhvillohen protesta masive pas shembjes s\u00eb streh\u00ebs s\u00eb betonit n\u00eb stacionin hekurudhor t\u00eb Novi Sadit, ku humb\u00ebn jet\u00ebn 16 njer\u00ebz.<\/span><\/p>\n<p><span style=\"color: #000000;\">Student\u00ebt dhe protestuesit k\u00ebrkojn\u00eb p\u00ebrgjegj\u00ebsi penale e politike, si dhe shpalljen e zgjedhjeve t\u00eb parakohshme parlamentare.<\/span><\/p>\n","protected":false,"gt_translate_keys":[{"key":"rendered","format":"html"}]},"excerpt":{"rendered":"<p>Zyra e OSBE-s\u00eb p\u00ebr Institucione Demokratike dhe t\u00eb Drejta t\u00eb Njeriut, ODIHR, ka th\u00ebn\u00eb t\u00eb mart\u00ebn se Serbia e ka p\u00ebr detyr\u00eb t\u00eb mund\u00ebsoj\u00eb tubime paq\u00ebsore pa p\u00ebrdorim t\u00eb paarsyesh\u00ebm ose t\u00eb tepruar t\u00eb forc\u00ebs policore. N\u00eb nj\u00eb reagim n\u00eb X, ajo tha Serbia \u00ebsht\u00eb gjithashtu e detyruar ta \u201cparandaloj\u00eb dhun\u00ebn, n\u00eb p\u00ebrputhje me detyrimet [&hellip;]<\/p>\n","protected":false,"gt_translate_keys":[{"key":"rendered","format":"html"}]},"author":49,"featured_media":756242,"comment_status":"closed","ping_status":"open","sticky":false,"template":"","format":"standard","meta":{"footnotes":""},"categories":[6],"tags":[],"class_list":["post-756241","post","type-post","status-publish","format-standard","has-post-thumbnail","hentry","category-nderkombetare"],"gt_translate_keys":[{"key":"link","format":"url"}],"_links":{"self":[{"href":"https:\/\/www.hashtag.al\/index.php\/wp-json\/wp\/v2\/posts\/756241","targetHints":{"allow":["GET"]}}],"collection":[{"href":"https:\/\/www.hashtag.al\/index.php\/wp-json\/wp\/v2\/posts"}],"about":[{"href":"https:\/\/www.hashtag.al\/index.php\/wp-json\/wp\/v2\/types\/post"}],"author":[{"embeddable":true,"href":"https:\/\/www.hashtag.al\/index.php\/wp-json\/wp\/v2\/users\/49"}],"replies":[{"embeddable":true,"href":"https:\/\/www.hashtag.al\/index.php\/wp-json\/wp\/v2\/comments?post=756241"}],"version-history":[{"count":99999,"href":"https:\/\/www.hashtag.al\/index.php\/wp-json\/wp\/v2\/posts\/756241\/revisions"}],"predecessor-version":[{"id":756246,"href":"https:\/\/www.hashtag.al\/index.php\/wp-json\/wp\/v2\/posts\/756241\/revisions\/756246"}],"wp:featuredmedia":[{"embeddable":true,"href":"https:\/\/www.hashtag.al\/index.php\/wp-json\/wp\/v2\/media\/756242"}],"wp:attachment":[{"href":"https:\/\/www.hashtag.al\/index.php\/wp-json\/wp\/v2\/media?parent=756241"}],"wp:term":[{"taxonomy":"category","embeddable":true,"href":"https:\/\/www.hashtag.al\/index.php\/wp-json\/wp\/v2\/categories?post=756241"},{"taxonomy":"post_tag","embeddable":true,"href":"https:\/\/www.hashtag.al\/index.php\/wp-json\/wp\/v2\/tags?post=756241"}],"curies":[{"name":"wp","href":"https:\/\/api.w.org\/{rel}","templated":true}]}}