{"id":756237,"date":"2025-08-19T21:43:08","date_gmt":"2025-08-19T19:43:08","guid":{"rendered":"https:\/\/www.hashtag.al\/?p=756237"},"modified":"2025-08-19T22:04:42","modified_gmt":"2025-08-19T20:04:42","slug":"idf-eliminon-terroristin-e-perfshire-ne-sulmin-e-7-tetorit","status":"publish","type":"post","link":"https:\/\/www.hashtag.al\/index.php\/2025\/08\/19\/idf-eliminon-terroristin-e-perfshire-ne-sulmin-e-7-tetorit\/","title":{"rendered":"IDF eliminon terroristin e p\u00ebrfshir\u00eb n\u00eb sulmin e 7 tetorit","gt_translate_keys":[{"key":"rendered","format":"text"}]},"content":{"rendered":"<p data-start=\"0\" data-end=\"70\"><span style=\"color: #000000;\"><img loading=\"lazy\" decoding=\"async\" class=\"size-medium wp-image-756238 aligncenter\" src=\"https:\/\/www.hashtag.al\/wp-content\/uploads\/2025\/08\/IMG_4850-300x169.jpeg\" alt=\"\" width=\"300\" height=\"169\" srcset=\"https:\/\/www.hashtag.al\/wp-content\/uploads\/2025\/08\/IMG_4850-300x169.jpeg 300w, https:\/\/www.hashtag.al\/wp-content\/uploads\/2025\/08\/IMG_4850.jpeg 490w\" sizes=\"auto, (max-width: 300px) 100vw, 300px\" \/><br \/>\nNj\u00eb nga terrorist\u00ebt q\u00eb mori pjes\u00eb n\u00eb sulmin e p\u00ebrgjaksh\u00ebm t\u00eb 7 tetorit ndaj Kibbutz Nir Oz dhe n\u00eb rr\u00ebmbimin e Yarden Bibas \u00ebsht\u00eb eliminuar nga Forcat e Mbrojtjes s\u00eb Izraelit (IDF) dhe Sh\u00ebrbimi i Siguris\u00eb s\u00eb Brendshme (Shin Bet), njoftoi IDF t\u00eb mart\u00ebn n\u00eb mbr\u00ebmje, p\u00ebrcjell <span style=\"color: #0000ff;\"><a style=\"color: #0000ff;\" href=\"https:\/\/www.ynetnews.com\/article\/b1vh5mgkee#autoplay\">YNetNews<\/a><\/span>.<\/span><\/p>\n<p data-start=\"338\" data-end=\"513\"><span style=\"color: #000000;\">Sipas ushtris\u00eb, n\u00eb operacionin e zhvilluar m\u00eb 10 gusht, me drejtim nga Komanda Jugore, u godit dhe u vra Jihad Kamal Salem Najjar, an\u00ebtar aktiv i krahut ushtarak t\u00eb Hamasit.<\/span><\/p>\n<p data-start=\"515\" data-end=\"665\"><span style=\"color: #000000;\">\u201cIDF dhe Shin Bet do t\u00eb vazhdojn\u00eb t\u00eb veprojn\u00eb kund\u00ebr terrorist\u00ebve q\u00eb mor\u00ebn pjes\u00eb n\u00eb masakr\u00ebn e 7 tetorit,\u201d thuhet n\u00eb deklarat\u00ebn zyrtare t\u00eb ushtris\u00eb.<\/span><\/p>\n<p data-start=\"667\" data-end=\"1229\"><span style=\"color: #000000;\">Yarden Bibas, i cili u rr\u00ebmbye nga Nir Oz s\u00eb bashku me bashk\u00ebshorten Shiri dhe dy f\u00ebmij\u00ebt e tyre t\u00eb vegj\u00ebl, Ariel dhe Kfir, reagoi pas lajmit p\u00ebr eliminimin e terroristit:<\/span><br data-start=\"838\" data-end=\"841\" \/><span style=\"color: #000000;\">\u201cNj\u00eb pjes\u00eb e vog\u00ebl e mbylljes s\u00eb rrethit ndodhi sot. Faleminderit forcave t\u00eb IDF-s\u00eb, Shin Bet dhe t\u00eb gjith\u00ebve q\u00eb mor\u00ebn pjes\u00eb n\u00eb eliminimin e nj\u00ebrit prej terrorist\u00ebve q\u00eb m\u00eb rr\u00ebmbyen m\u00eb 7 tetor. Fal\u00eb jush, ai nuk do t\u00eb mund t\u00eb d\u00ebmtoj\u00eb m\u00eb ask\u00ebnd. Ju jeni heronj. Jam ende duke pritur q\u00eb rrethi t\u00eb mbyllet me kthimin e miqve t\u00eb mi David dhe Ariel dhe 48 burrave e grave t\u00eb tjer\u00eb ende peng.\u201d<\/span><\/p>\n<p data-start=\"1231\" data-end=\"1414\"><span style=\"color: #000000;\">Bibas u rikthye n\u00eb Izrael si pjes\u00eb e nj\u00eb marr\u00ebveshjeje p\u00ebr shk\u00ebmbimin e pengjeve, nd\u00ebrsa gruaja dhe f\u00ebmij\u00ebt e tij u vran\u00eb dhe trupat iu kthyen familjes si pjes\u00eb e t\u00eb nj\u00ebjtit proces.<\/span><\/p>\n<p data-start=\"1416\" data-end=\"1764\"><span style=\"color: #000000;\">Rreth dy muaj m\u00eb par\u00eb, IDF dhe Shin Bet kishin eliminuar n\u00eb Gaza kreun e Brigadave Al-Mujahideen, Asaad Abu Sharia, dhe nj\u00eb nga udh\u00ebheq\u00ebsit kryesor\u00eb t\u00eb organizat\u00ebs, Mahmoud Kahil (\u201cAbu Al-Mu\u2019tsem\u201d), t\u00eb cil\u00ebt mor\u00ebn pjes\u00eb n\u00eb sulmin mbi Nir Oz dhe jan\u00eb p\u00ebrgjegj\u00ebs p\u00ebr vrasjen dhe rr\u00ebmbimin e shum\u00eb izraelit\u00ebve, p\u00ebrfshir\u00eb Shiri, Ariel dhe Kfir Bibas.<\/span><\/p>\n<p data-start=\"1766\" data-end=\"2135\"><span style=\"color: #000000;\">Pas lajmit p\u00ebr eliminimin e tyre, familja Bibas reagoi:<\/span><br data-start=\"1821\" data-end=\"1824\" \/><span style=\"color: #000000;\">\u201cLajmi p\u00ebr vrasjen e komandantit t\u00eb organizat\u00ebs p\u00ebr ne p\u00ebrfaq\u00ebson nj\u00eb tjet\u00ebr hap n\u00eb mbylljen e rrethit dhe n\u00eb p\u00ebrballjen me humbjen e madhe t\u00eb Shirit, Arielit dhe Kfirit. Ata nuk do t\u00eb kthehen m\u00eb, por ka nj\u00eb ngush\u00ebllim n\u00eb faktin se k\u00ebta vras\u00ebs t\u00eb pashpirt nuk do t\u00eb mund t\u00eb d\u00ebmtojn\u00eb m\u00eb ndonj\u00eb familje tjet\u00ebr.\u201d<\/span><\/p>\n<p data-start=\"2137\" data-end=\"2629\"><span style=\"color: #000000;\">N\u00eb nj\u00eb intervist\u00eb dh\u00ebn\u00eb m\u00eb par\u00eb p\u00ebr CBS <em data-start=\"2177\" data-end=\"2189\">60 Minutes<\/em>, Yarden Bibas kishte treguar se terrorist\u00ebt e detyruan t\u00eb shfaqej n\u00eb kamera pas sulmit, duke i th\u00ebn\u00eb se gruaja dhe f\u00ebmij\u00ebt i ishin vrar\u00eb nga nj\u00eb sulm ajror izraelit \u2014 nj\u00eb g\u00ebnjesht\u00ebr q\u00eb m\u00eb von\u00eb u zbulua, pasi ata ishin ekzekutuar nga rr\u00ebmbyesit.<\/span><br data-start=\"2434\" data-end=\"2437\" \/><span style=\"color: #000000;\">\u201cAta u vran\u00eb me gjak t\u00eb ftoht\u00eb, me duar t\u00eb zhveshura,\u201d tha ai. \u201cRr\u00ebmbyesit m\u00eb thoshin: \u2018Nuk ka r\u00ebnd\u00ebsi, do t\u00eb marr\u00ebsh nj\u00eb grua t\u00eb re, f\u00ebmij\u00eb t\u00eb rinj, m\u00eb t\u00eb mir\u00eb.\u2019 Ma p\u00ebrs\u00ebritnin shum\u00eb her\u00eb.\u201d<\/span><\/p>\n<p data-start=\"2631\" data-end=\"2919\" data-is-last-node=\"\" data-is-only-node=\"\"><span style=\"color: #000000;\">Ai foli gjithashtu p\u00ebr tmerrin e sulmeve ajrore izraelite teksa q\u00ebndronte n\u00eb tunelet e Hamasit:<\/span><br data-start=\"2726\" data-end=\"2729\" \/><span style=\"color: #000000;\">\u201cIshte e tmerrshme. Nuk e dije kur do t\u00eb ndodhte. Dhe kur ndodhte, frik\u00ebsoheshe p\u00ebr jet\u00ebn t\u00ebnde. E gjith\u00eb toka dridhej si nj\u00eb t\u00ebrmet, por n\u00ebn tok\u00eb. Gjith\u00e7ka mund t\u00eb shembej n\u00eb \u00e7do moment.\u201d<\/span><\/p>\n","protected":false,"gt_translate_keys":[{"key":"rendered","format":"html"}]},"excerpt":{"rendered":"<p>Nj\u00eb nga terrorist\u00ebt q\u00eb mori pjes\u00eb n\u00eb sulmin e p\u00ebrgjaksh\u00ebm t\u00eb 7 tetorit ndaj Kibbutz Nir Oz dhe n\u00eb rr\u00ebmbimin e Yarden Bibas \u00ebsht\u00eb eliminuar nga Forcat e Mbrojtjes s\u00eb Izraelit (IDF) dhe Sh\u00ebrbimi i Siguris\u00eb s\u00eb Brendshme (Shin Bet), njoftoi IDF t\u00eb mart\u00ebn n\u00eb mbr\u00ebmje, p\u00ebrcjell YNetNews. Sipas ushtris\u00eb, n\u00eb operacionin e zhvilluar m\u00eb [&hellip;]<\/p>\n","protected":false,"gt_translate_keys":[{"key":"rendered","format":"html"}]},"author":32,"featured_media":756238,"comment_status":"closed","ping_status":"open","sticky":false,"template":"","format":"standard","meta":{"footnotes":""},"categories":[6],"tags":[],"class_list":["post-756237","post","type-post","status-publish","format-standard","has-post-thumbnail","hentry","category-nderkombetare"],"gt_translate_keys":[{"key":"link","format":"url"}],"_links":{"self":[{"href":"https:\/\/www.hashtag.al\/index.php\/wp-json\/wp\/v2\/posts\/756237","targetHints":{"allow":["GET"]}}],"collection":[{"href":"https:\/\/www.hashtag.al\/index.php\/wp-json\/wp\/v2\/posts"}],"about":[{"href":"https:\/\/www.hashtag.al\/index.php\/wp-json\/wp\/v2\/types\/post"}],"author":[{"embeddable":true,"href":"https:\/\/www.hashtag.al\/index.php\/wp-json\/wp\/v2\/users\/32"}],"replies":[{"embeddable":true,"href":"https:\/\/www.hashtag.al\/index.php\/wp-json\/wp\/v2\/comments?post=756237"}],"version-history":[{"count":99999,"href":"https:\/\/www.hashtag.al\/index.php\/wp-json\/wp\/v2\/posts\/756237\/revisions"}],"predecessor-version":[{"id":756239,"href":"https:\/\/www.hashtag.al\/index.php\/wp-json\/wp\/v2\/posts\/756237\/revisions\/756239"}],"wp:featuredmedia":[{"embeddable":true,"href":"https:\/\/www.hashtag.al\/index.php\/wp-json\/wp\/v2\/media\/756238"}],"wp:attachment":[{"href":"https:\/\/www.hashtag.al\/index.php\/wp-json\/wp\/v2\/media?parent=756237"}],"wp:term":[{"taxonomy":"category","embeddable":true,"href":"https:\/\/www.hashtag.al\/index.php\/wp-json\/wp\/v2\/categories?post=756237"},{"taxonomy":"post_tag","embeddable":true,"href":"https:\/\/www.hashtag.al\/index.php\/wp-json\/wp\/v2\/tags?post=756237"}],"curies":[{"name":"wp","href":"https:\/\/api.w.org\/{rel}","templated":true}]}}