{"id":756126,"date":"2025-08-19T12:08:30","date_gmt":"2025-08-19T10:08:30","guid":{"rendered":"https:\/\/www.hashtag.al\/?p=756126"},"modified":"2025-08-19T12:08:30","modified_gmt":"2025-08-19T10:08:30","slug":"mbahet-seanca-per-pergatitjen-e-mbrojtjes-se-ish-krereve-te-uck-se-ne-hage","status":"publish","type":"post","link":"https:\/\/www.hashtag.al\/index.php\/2025\/08\/19\/mbahet-seanca-per-pergatitjen-e-mbrojtjes-se-ish-krereve-te-uck-se-ne-hage\/","title":{"rendered":"Mbahet seanca p\u00ebr p\u00ebrgatitjen e mbrojtjes s\u00eb ish-krer\u00ebve t\u00eb U\u00c7K-s\u00eb n\u00eb Hag\u00eb","gt_translate_keys":[{"key":"rendered","format":"text"}]},"content":{"rendered":"<p><span style=\"color: #000000;\"><img loading=\"lazy\" decoding=\"async\" class=\"aligncenter size-full wp-image-756128\" src=\"https:\/\/www.hashtag.al\/wp-content\/uploads\/2025\/08\/Screenshot-2025-08-19-112002.png\" alt=\"\" width=\"1083\" height=\"623\" srcset=\"https:\/\/www.hashtag.al\/wp-content\/uploads\/2025\/08\/Screenshot-2025-08-19-112002.png 1083w, https:\/\/www.hashtag.al\/wp-content\/uploads\/2025\/08\/Screenshot-2025-08-19-112002-300x173.png 300w, https:\/\/www.hashtag.al\/wp-content\/uploads\/2025\/08\/Screenshot-2025-08-19-112002-1024x589.png 1024w, https:\/\/www.hashtag.al\/wp-content\/uploads\/2025\/08\/Screenshot-2025-08-19-112002-768x442.png 768w, https:\/\/www.hashtag.al\/wp-content\/uploads\/2025\/08\/Screenshot-2025-08-19-112002-250x145.png 250w\" sizes=\"auto, (max-width: 1083px) 100vw, 1083px\" \/><\/span><\/p>\n<p><span style=\"color: #000000;\">N\u00eb Dhomat e Specializuara t\u00eb Kosov\u00ebs n\u00eb Hag\u00eb po mbahet konferenca statusore mbi p\u00ebrgatitjen e mbrojtjes t\u00eb ish-krer\u00ebve t\u00eb Ushtris\u00eb \u00c7lirimtare t\u00eb Kosov\u00ebs.<\/span><\/p>\n<p><span style=\"color: #000000;\">Kjo konferenc\u00eb, sipas trupit gjykues, synon q\u00eb t\u00eb b\u00ebhen p\u00ebrgatitje para se mbrojtja t\u00eb nis\u00eb paraqitjen e provave t\u00eb saj.<\/span><\/p>\n<p><span style=\"color: #000000;\">T\u00eb pranish\u00ebm n\u00eb sall\u00eb plenare jan\u00eb Hashim Tha\u00e7i, Kadri Veseli dhe Rexhep Selimi, nd\u00ebrkaq Jakup Krasniqi po e p\u00ebrcjell seanc\u00ebn p\u00ebrmes video-lidhjes.<\/span><\/p>\n<p><span style=\"color: #000000;\">N\u00eb nisje t\u00eb konferenc\u00ebs, trupi gjykues k\u00ebrkoi nga mbrojtja e Tha\u00e7it dhe Krasniqit q\u00eb t\u00eb jap\u00eb afate kohore se kur do t\u00eb nxjerr\u00eb deklaratat p\u00ebr d\u00ebshmitar\u00ebt.<\/span><\/p>\n<p><span style=\"color: #000000;\">Mbrojtja e Tha\u00e7it tha se nga 11 d\u00ebshmitar\u00eb, p\u00ebr pes\u00eb prej tyre ende nuk ka nxjerr\u00eb p\u00ebrmbledhje e deklaratave. Avokati i Tha\u00e7it, Lluka Misetiq tha se autorizim po presim p\u00ebr nj\u00eb d\u00ebshmitar nga Mbret\u00ebria e Bashkuar, nd\u00ebrkaq kat\u00ebr t\u00eb tjer\u00eb jan\u00eb nga SHBA-ja.<\/span><\/p>\n<p><span style=\"color: #000000;\">Mbrojtja tha se d\u00ebshmitar\u00ebt nga SHBA-ja jan\u00eb figura t\u00eb larta dhe t\u00eb r\u00ebnd\u00ebsishme, por nuk zbuloi identetitet e tyre.<\/span><\/p>\n<p><span style=\"color: #000000;\">Qeveria e SHBA-s\u00eb, tha mbrojtja, \u00ebsht\u00eb duke punuar q\u00eb t\u00eb jap\u00eb autorizimet e duhura p\u00ebr k\u00ebta d\u00ebshmitar\u00eb, pasi sipas mbrojtjes, ata do t\u00eb paraqesin informacione shfaj\u00ebsuese.<\/span><\/p>\n<p><span style=\"color: #000000;\">Prokuroria e Specializuar tha se do t&#8217;i duhet nj\u00eb muaj koh\u00eb nga koha kur mbrojtja t\u00eb nxjerr\u00eb k\u00ebto deklarata t\u00eb d\u00ebshmitar\u00ebve, deri n\u00eb paraqitjen e tyre n\u00eb gjykat\u00eb. Por, mbrojtja tha se nuk \u00ebsht\u00eb e obliguar q\u00eb t&#8217;i nxjerr\u00eb p\u00ebrmbledhjet e tyre.<\/span><\/p>\n<p><span style=\"color: #000000;\">Ish-presidenti i Kosov\u00ebs, Hashim Tha\u00e7i, ish-kryeparlamentar\u00ebt Kadri Veseli dhe Jakup Krasniqi si dhe ish-deputeti Rexhep Selimi akuzohen p\u00ebr krime lufte dhe krime kund\u00ebr njer\u00ebzimit. Ata jan\u00eb deklaruar t\u00eb pafajsh\u00ebm p\u00ebr akuzat.<\/span><\/p>\n<p><span style=\"color: #000000;\">N\u00eb konferenc\u00ebn e fundit statusore, t\u00eb mbajtur m\u00eb 22 korrik, ekipet e mbrojtjes t\u00eb ish-krer\u00ebve t\u00eb Ushtris\u00eb \u00c7lirimtare t\u00eb Kosov\u00ebs (U\u00c7K), jan\u00eb ankuar se nuk kan\u00eb koh\u00eb t\u00eb mjaftueshme p\u00ebr p\u00ebrgatitjen e rastit t\u00eb tyre.<\/span><\/p>\n<p><span style=\"color: #000000;\">Q\u00eb nga 4 dhe 5 n\u00ebntori 2020, q\u00eb t\u00eb kat\u00ebr t\u00eb akuzuarit ndodhen n\u00eb paraburgim n\u00eb Hag\u00eb, ku jan\u00eb Dhomat e Specializuara t\u00eb Kosov\u00ebs.<\/span><\/p>\n<p><span style=\"color: #000000;\">Procesi gjyq\u00ebsor ndaj tyre ka nisur m\u00eb prill t\u00eb vitit 2023. N\u00eb mbi dy vjet, Zyra e Prokurorit t\u00eb Specializuar thirri n\u00eb gjykatore\u00a0125 d\u00ebshmitar\u00eb\u00a0si dhe ka paraqitur rreth 3.000 prova materiale.<\/span><\/p>\n<p><span style=\"color: #000000;\">ZPS-ja deklaroi m\u00eb 16 prill se ka p\u00ebrmbyllur paraqitjen e provave ndaj ish-krer\u00ebve t\u00eb U\u00c7K-s\u00eb.<\/span><\/p>\n<p><span style=\"color: #000000;\">Pas prokuroris\u00eb, radh\u00ebn do ta ken\u00eb ekipet mbrojt\u00ebse p\u00ebr t\u00eb paraqitur \u00e7\u00ebshtjen e tyre.<\/span><\/p>\n<p><span style=\"color: #000000;\">Zyra e Prokurorit t\u00eb Specializuar kishte konfirmuar aktakuz\u00ebn ndaj ish-krer\u00ebve t\u00eb U\u00c7K-s\u00eb n\u00eb tetor t\u00eb vitit 2020, por e b\u00ebri publike vet\u00ebm nj\u00eb muaj m\u00eb von\u00eb.<\/span><\/p>\n<p><span style=\"color: #000000;\">Aktakuza i ngarkon t\u00eb akuzuarit p\u00ebr p\u00ebrgjegj\u00ebsi \u201cpersonale\u201d, por edhe p\u00ebr \u201ckrimet e kryera nga vart\u00ebsit e tyre\u201d.<\/span><\/p>\n<p><span style=\"color: #000000;\">Sipas aktakuz\u00ebs, Tha\u00e7i, Veseli, Selimi dhe Krasniqi akuzohen p\u00ebr krime kund\u00ebr njer\u00ebzimit dhe krime lufte, p\u00ebrfshir\u00eb vrasjen e m\u00eb shum\u00eb se 100 viktimave si dhe mbajtjen n\u00eb paraburgim n\u00eb m\u00ebnyr\u00eb t\u00eb paligjshme e torturimin e qindra viktimave.<\/span><\/p>\n<p><span style=\"color: #000000;\">Aktakuza thot\u00eb se kat\u00ebr t\u00eb akuzuarit dhe an\u00ebtar\u00eb t\u00eb tjer\u00eb t\u00eb U\u00c7K-s\u00eb ishin pjes\u00eb e nj\u00eb \u201cnd\u00ebrmarrjeje t\u00eb p\u00ebrbashk\u00ebt kriminale\u201d dhe \u201ckan\u00eb ndar\u00eb q\u00ebllimin e nj\u00ebjt\u00eb p\u00ebr t\u00eb marr\u00eb dhe ushtruar kontrollin n\u00eb gjith\u00eb Kosov\u00ebn me t\u00eb gjitha mjetet, p\u00ebrfshir\u00eb edhe frik\u00ebsimin, keqtrajtimin, ushtrimin e dhun\u00ebs dhe eliminimin e atyre q\u00eb i konsideronin kund\u00ebrshtar\u00eb\u201d.<\/span><\/p>\n<p><span style=\"color: #000000;\">Dhomat e Specializuara dhe Zyra e Prokurorit t\u00eb Specializuar \u2013 t\u00eb njohura gjer\u00ebsisht si Gjykata Speciale \u2013 jan\u00eb themeluar n\u00eb vitin 2015 nga Kuvendi i Kosov\u00ebs dhe jan\u00eb pjes\u00eb e sistemit gjyq\u00ebsor t\u00eb Kosov\u00ebs, por veprojn\u00eb me personel nd\u00ebrkomb\u00ebtar n\u00eb Holand\u00eb.<\/span><\/p>\n<p><span style=\"color: #000000;\">Gjykata Speciale heton krimet e pretenduara t\u00eb pjes\u00ebtar\u00ebve t\u00eb U\u00c7K-s\u00eb, t\u00eb kryera kund\u00ebr pakicave etnike dhe rival\u00ebve politik\u00eb q\u00eb nga janari i vitit 1998 deri n\u00eb dhjetor t\u00eb vitit 2000.<a href=\"https:\/\/www.evropaelire.org\/a\/gjykata-speciale-gjykimi-ish-kreret-uck-\/33507165.html\"><strong>\/REL<\/strong><\/a><\/span><\/p>\n","protected":false,"gt_translate_keys":[{"key":"rendered","format":"html"}]},"excerpt":{"rendered":"<p>N\u00eb Dhomat e Specializuara t\u00eb Kosov\u00ebs n\u00eb Hag\u00eb po mbahet konferenca statusore mbi p\u00ebrgatitjen e mbrojtjes t\u00eb ish-krer\u00ebve t\u00eb Ushtris\u00eb \u00c7lirimtare t\u00eb Kosov\u00ebs. Kjo konferenc\u00eb, sipas trupit gjykues, synon q\u00eb t\u00eb b\u00ebhen p\u00ebrgatitje para se mbrojtja t\u00eb nis\u00eb paraqitjen e provave t\u00eb saj. T\u00eb pranish\u00ebm n\u00eb sall\u00eb plenare jan\u00eb Hashim Tha\u00e7i, Kadri Veseli dhe Rexhep [&hellip;]<\/p>\n","protected":false,"gt_translate_keys":[{"key":"rendered","format":"html"}]},"author":49,"featured_media":756128,"comment_status":"closed","ping_status":"open","sticky":false,"template":"","format":"standard","meta":{"footnotes":""},"categories":[149],"tags":[],"class_list":["post-756126","post","type-post","status-publish","format-standard","has-post-thumbnail","hentry","category-kosoverajon"],"gt_translate_keys":[{"key":"link","format":"url"}],"_links":{"self":[{"href":"https:\/\/www.hashtag.al\/index.php\/wp-json\/wp\/v2\/posts\/756126","targetHints":{"allow":["GET"]}}],"collection":[{"href":"https:\/\/www.hashtag.al\/index.php\/wp-json\/wp\/v2\/posts"}],"about":[{"href":"https:\/\/www.hashtag.al\/index.php\/wp-json\/wp\/v2\/types\/post"}],"author":[{"embeddable":true,"href":"https:\/\/www.hashtag.al\/index.php\/wp-json\/wp\/v2\/users\/49"}],"replies":[{"embeddable":true,"href":"https:\/\/www.hashtag.al\/index.php\/wp-json\/wp\/v2\/comments?post=756126"}],"version-history":[{"count":99999,"href":"https:\/\/www.hashtag.al\/index.php\/wp-json\/wp\/v2\/posts\/756126\/revisions"}],"predecessor-version":[{"id":756131,"href":"https:\/\/www.hashtag.al\/index.php\/wp-json\/wp\/v2\/posts\/756126\/revisions\/756131"}],"wp:featuredmedia":[{"embeddable":true,"href":"https:\/\/www.hashtag.al\/index.php\/wp-json\/wp\/v2\/media\/756128"}],"wp:attachment":[{"href":"https:\/\/www.hashtag.al\/index.php\/wp-json\/wp\/v2\/media?parent=756126"}],"wp:term":[{"taxonomy":"category","embeddable":true,"href":"https:\/\/www.hashtag.al\/index.php\/wp-json\/wp\/v2\/categories?post=756126"},{"taxonomy":"post_tag","embeddable":true,"href":"https:\/\/www.hashtag.al\/index.php\/wp-json\/wp\/v2\/tags?post=756126"}],"curies":[{"name":"wp","href":"https:\/\/api.w.org\/{rel}","templated":true}]}}