{"id":755923,"date":"2025-08-18T08:35:53","date_gmt":"2025-08-18T06:35:53","guid":{"rendered":"https:\/\/www.hashtag.al\/?p=755923"},"modified":"2025-08-18T08:35:53","modified_gmt":"2025-08-18T06:35:53","slug":"ashley-biden-poston-foto-te-bashkeshortit-me-nje-grua-tjeter-para-divorcit","status":"publish","type":"post","link":"https:\/\/www.hashtag.al\/index.php\/2025\/08\/18\/ashley-biden-poston-foto-te-bashkeshortit-me-nje-grua-tjeter-para-divorcit\/","title":{"rendered":"Ashley Biden poston foto t\u00eb bashk\u00ebshortit me nj\u00eb grua tjet\u00ebr para divorcit","gt_translate_keys":[{"key":"rendered","format":"text"}]},"content":{"rendered":"<p data-start=\"89\" data-end=\"327\"><span style=\"color: #000000;\"><img loading=\"lazy\" decoding=\"async\" class=\"aligncenter size-full wp-image-755926\" src=\"https:\/\/www.hashtag.al\/wp-content\/uploads\/2025\/08\/3499416364772-set-3499418844834-109504159.webp\" alt=\"\" width=\"960\" height=\"720\" srcset=\"https:\/\/www.hashtag.al\/wp-content\/uploads\/2025\/08\/3499416364772-set-3499418844834-109504159.webp 960w, https:\/\/www.hashtag.al\/wp-content\/uploads\/2025\/08\/3499416364772-set-3499418844834-109504159-300x225.webp 300w, https:\/\/www.hashtag.al\/wp-content\/uploads\/2025\/08\/3499416364772-set-3499418844834-109504159-768x576.webp 768w\" sizes=\"auto, (max-width: 960px) 100vw, 960px\" \/><\/span><\/p>\n<p data-start=\"89\" data-end=\"327\"><span style=\"color: #000000;\">Ashley Biden, vajza e ish-presidentit amerikan Joe Biden, e cila s\u00eb fundmi ka paraqitur k\u00ebrkes\u00ebn p\u00ebr divorc nga bashk\u00ebshorti i saj, Dr. Howard Krein, ka ndar\u00eb nj\u00eb foto n\u00eb rrjete sociale ku pretendon se ai shfaqet me nj\u00eb grua tjet\u00ebr.<\/span><\/p>\n<p data-start=\"329\" data-end=\"524\"><span style=\"color: #000000;\">N\u00eb nj\u00eb\u00a0Instagram Story, 44-vje\u00e7arja ka shkruar:\u00a0<em data-start=\"379\" data-end=\"437\">\u201cBashk\u00ebshorti im dhe e dashura e tij duke mbajtur duart\u201d<\/em>, duke e shoq\u00ebruar postimin me nj\u00eb foto t\u00eb nj\u00eb burri dhe nj\u00eb gruaje t\u00eb kapur nga pas.<\/span><\/p>\n<p data-start=\"526\" data-end=\"806\"><span style=\"color: #000000;\">Ashley ka vendosur n\u00eb sfond edhe k\u00ebng\u00ebn \u201cAnother\u201d t\u00eb Notorious B.I.G. dhe Lil\u2019 Kim, e cila flet p\u00ebr tradhti n\u00eb \u00e7ift. N\u00eb vargjet e publikuara nga ajo d\u00ebgjohet Lil\u2019 Kim teksa k\u00ebndon:\u00a0<em data-start=\"707\" data-end=\"780\">\u201c\u00c7far\u00eb b\u00ebn kur burri yt s\u2019t\u00eb q\u00ebndron besnik? E l\u00eb dhe gjen dik\u00eb t\u00eb ri?\u201d<\/em>, raportoi\u00a0Daily Mail.<img loading=\"lazy\" decoding=\"async\" class=\"aligncenter size-full wp-image-755924\" src=\"https:\/\/www.hashtag.al\/wp-content\/uploads\/2025\/08\/now-deleted-instagram-story-appeared-109587102.webp\" alt=\"\" width=\"343\" height=\"589\" srcset=\"https:\/\/www.hashtag.al\/wp-content\/uploads\/2025\/08\/now-deleted-instagram-story-appeared-109587102.webp 343w, https:\/\/www.hashtag.al\/wp-content\/uploads\/2025\/08\/now-deleted-instagram-story-appeared-109587102-175x300.webp 175w\" sizes=\"auto, (max-width: 343px) 100vw, 343px\" \/><\/span><\/p>\n<p data-start=\"76\" data-end=\"286\"><span style=\"color: #000000;\">N\u00eb foton e publikuar, burri me flok\u00eb t\u00eb err\u00ebt, i veshur me k\u00ebmish\u00eb t\u00eb shkurt\u00ebr, dhe gruaja bionde me fustan t\u00eb zi pa rripa, nuk jan\u00eb menj\u00ebher\u00eb t\u00eb identifikuesh\u00ebm, por mesazhi i Ashley Biden ishte i qart\u00eb.<\/span><\/p>\n<p data-start=\"288\" data-end=\"537\"><span style=\"color: #000000;\">Story n\u00eb Instagram, e publikuar t\u00eb diel\u00ebn n\u00eb m\u00ebngjes dhe e fshir\u00eb pak m\u00eb von\u00eb, erdhi vet\u00ebm disa or\u00eb p\u00ebrpara se Biden t\u00eb paraqiste k\u00ebrkes\u00ebn p\u00ebr divorc nga kirurgu plastik 58-vje\u00e7ar Howard Krein, pas 13 vitesh martes\u00eb, n\u00eb nj\u00eb gjykat\u00eb t\u00eb Filadelfias.<\/span><\/p>\n<p data-start=\"539\" data-end=\"773\"><span style=\"color: #000000;\">Nj\u00eb tjet\u00ebr postim n\u00eb Instagram Story, gjithashtu i fshir\u00eb, tregonte Biden duke ecur n\u00eb nj\u00eb park dhe duke b\u00ebr\u00eb shenj\u00ebn e gishtit t\u00eb madh lart, nd\u00ebrsa n\u00eb sfond d\u00ebgjohej k\u00ebnga \u201cFreedom\u201d e Beyonce, gj\u00eb q\u00eb duket se i referohej ndarjes.<\/span><\/p>\n<p data-start=\"64\" data-end=\"339\"><span style=\"color: #000000;\">N\u00eb nj\u00eb tjet\u00ebr postim n\u00eb Instagram, i shoq\u00ebruar me k\u00ebng\u00ebn \u201cFreedom Time\u201d t\u00eb Lauryn Hill, Ashley Biden shp\u00ebrndau nj\u00eb citim ku shkruhej: <em>\u201cJet\u00eb e re, fillime t\u00eb reja do t\u00eb thon\u00eb edhe kufij t\u00eb rinj. M\u00ebnyra t\u00eb reja t\u00eb t\u00eb qenit, q\u00eb nuk do t\u00eb duken apo ting\u00ebllojn\u00eb si m\u00eb par\u00eb.\u201d<\/em><\/span><\/p>\n<p data-start=\"341\" data-end=\"758\"><span style=\"color: #000000;\">Sipas dokumenteve gjyq\u00ebsore t\u00eb siguruara nga\u00a0<em data-start=\"386\" data-end=\"400\">Radar Online<\/em>, vajza e ish-presidentit Joe Biden ka k\u00ebrkuar mb\u00ebshtetje financiare nga bashk\u00ebshorti i saj gjat\u00eb procesit t\u00eb divorcit. <\/span><\/p>\n<p data-start=\"341\" data-end=\"758\"><span style=\"color: #000000;\">N\u00eb k\u00ebrkes\u00ebn e dor\u00ebzuar nga avokati i saj, Charles Meyer, theksohet se Ashley Biden, e cila drejton organizat\u00ebn jofitimprur\u00ebse\u00a0Delaware Center for Justice, \u201cnuk \u00ebsht\u00eb n\u00eb gjendje t\u00eb mbaj\u00eb veten financiarisht\u201d gjat\u00eb periudh\u00ebs s\u00eb ndarjes.<\/span><\/p>\n<p data-start=\"73\" data-end=\"294\"><span style=\"color: #000000;\">N\u00eb dokumentet e paraqitura n\u00eb gjykat\u00eb thuhet se Ashley Biden ka k\u00ebrkuar nj\u00eb divorc pa faj, duke deklaruar se martesa \u00ebsht\u00eb \u201ce prishur n\u00eb m\u00ebnyr\u00eb t\u00eb parikuperueshme\u201d dhe se \u00e7ifti tashm\u00eb jeton \u201ct\u00eb ndar\u00eb dhe ve\u00e7 e ve\u00e7\u201d.<\/span><\/p>\n<p data-start=\"296\" data-end=\"367\"><span style=\"color: #000000;\">As Biden ashtu edhe Krein nuk kan\u00eb reaguar ndaj k\u00ebrkesave p\u00ebr koment.<\/span><\/p>\n<p data-start=\"369\" data-end=\"542\"><span style=\"color: #000000;\">\u00c7ifti u martua n\u00eb vitin 2012 n\u00eb Greenville, Delaware, dy vite pasi u njoh\u00ebn p\u00ebrmes v\u00ebllait t\u00eb ndjer\u00eb t\u00eb Ashley-t, Beau Biden, i cili humbi jet\u00ebn nga kanceri n\u00eb vitin 2015.<\/span><\/p>\n<p data-start=\"369\" data-end=\"542\"><span style=\"color: #000000;\"><img loading=\"lazy\" decoding=\"async\" class=\"aligncenter size-full wp-image-755925\" src=\"https:\/\/www.hashtag.al\/wp-content\/uploads\/2025\/08\/photo-provided-white-house-vice-34329160_8b96a6.webp\" alt=\"\" width=\"429\" height=\"644\" srcset=\"https:\/\/www.hashtag.al\/wp-content\/uploads\/2025\/08\/photo-provided-white-house-vice-34329160_8b96a6.webp 429w, https:\/\/www.hashtag.al\/wp-content\/uploads\/2025\/08\/photo-provided-white-house-vice-34329160_8b96a6-200x300.webp 200w\" sizes=\"auto, (max-width: 429px) 100vw, 429px\" \/><\/span><\/p>\n<p data-start=\"68\" data-end=\"222\"><span style=\"color: #000000;\">Krein, nj\u00eb otorinolaringolog nga New Jersey dhe profesor n\u00eb Universitetin Thomas Jefferson, i propozoi Ashley-t n\u00eb vitin 2011 n\u00eb Big Sur, Kaliforni.<\/span><\/p>\n<p data-start=\"224\" data-end=\"554\"><span style=\"color: #000000;\">Ata u martuan nj\u00eb vit m\u00eb von\u00eb n\u00eb Kish\u00ebn Katolike Romake \u201cSt. Joseph on the Brandywine\u201d n\u00eb Delaware, n\u00eb nj\u00eb ceremoni q\u00eb nd\u00ebrthurte traditat e saj me ato hebraike t\u00eb Krein. Pas ceremonis\u00eb, \u00e7ifti dhe rreth 200 t\u00eb ftuar u zhvendos\u00ebn n\u00eb rezidenc\u00ebn buz\u00eb liqenit t\u00eb familjes Biden n\u00eb Wilmington, ku u zhvillua pritja dhe darka festive.<\/span><\/p>\n<p data-start=\"224\" data-end=\"554\"><span style=\"color: #000000;\"><img loading=\"lazy\" decoding=\"async\" class=\"aligncenter size-full wp-image-755926\" src=\"https:\/\/www.hashtag.al\/wp-content\/uploads\/2025\/08\/3499416364772-set-3499418844834-109504159.webp\" alt=\"\" width=\"960\" height=\"720\" srcset=\"https:\/\/www.hashtag.al\/wp-content\/uploads\/2025\/08\/3499416364772-set-3499418844834-109504159.webp 960w, https:\/\/www.hashtag.al\/wp-content\/uploads\/2025\/08\/3499416364772-set-3499418844834-109504159-300x225.webp 300w, https:\/\/www.hashtag.al\/wp-content\/uploads\/2025\/08\/3499416364772-set-3499418844834-109504159-768x576.webp 768w\" sizes=\"auto, (max-width: 960px) 100vw, 960px\" \/><\/span><\/p>\n<p data-start=\"50\" data-end=\"173\"><span style=\"color: #000000;\">Joe Biden, i cili at\u00ebher\u00eb ishte n\u00ebnpresident, p\u00ebrgatiti personalisht sht\u00ebpin\u00eb p\u00ebr dasm\u00ebn e vajz\u00ebs s\u00eb tij m\u00eb t\u00eb vog\u00ebl.<\/span><\/p>\n<p data-start=\"175\" data-end=\"331\"><span style=\"color: #000000;\"><em>\u201cVazhdoja t&#8217;i thosha Ashley-t: duhet t\u00eb hapim kish\u00ebn dhe t\u00eb praktikojm\u00eb ecjen n\u00eb korridor q\u00eb un\u00eb t\u00eb mund ta menaxhoj,\u201d<\/em> kishte rr\u00ebfyer m\u00eb par\u00eb p\u00ebr People.<\/span><\/p>\n<p data-start=\"333\" data-end=\"483\" data-is-last-node=\"\" data-is-only-node=\"\"><span style=\"color: #000000;\">Ai gjithashtu shprehu vler\u00ebsime p\u00ebr t\u00eb ardhurin e tij dh\u00ebnd\u00ebr, duke th\u00ebn\u00eb: <em>\u201cKy \u00ebsht\u00eb njeriu i duhur. Dhe ai po martohet me nj\u00eb grua t\u00eb mrekullueshme.\u201d<\/em><\/span><\/p>\n<p data-start=\"61\" data-end=\"283\"><span style=\"color: #000000;\">Krein gjithashtu ka qen\u00eb an\u00ebtar i bordit t\u00eb drejtor\u00ebve t\u00eb\u00a0Biden Cancer Initiative\u00a0nga 2017 deri n\u00eb 2019 dhe ka k\u00ebshilluar n\u00eb m\u00ebnyr\u00eb jozyrtare fushat\u00ebn presidenciale t\u00eb vitit 2020 p\u00ebr reagimin ndaj pandemis\u00eb COVID-19.<\/span><\/p>\n<p data-start=\"285\" data-end=\"465\"><span style=\"color: #000000;\">Gjat\u00eb Konvent\u00ebs Komb\u00ebtare Demokratike t\u00eb vitit t\u00eb kaluar n\u00eb \u00c7ikago, Ashley Biden rr\u00ebfeu dit\u00ebn e dasm\u00ebs s\u00eb saj dhe fjal\u00ebt q\u00eb i tha babai para se t\u00eb shkelte n\u00eb korridorin e kish\u00ebs.<\/span><\/p>\n<p data-start=\"467\" data-end=\"664\" data-is-last-node=\"\" data-is-only-node=\"\"><span style=\"color: #000000;\"><em>\u201cPara se t\u00eb m\u00eb \u00e7onte n\u00eb altar, ai m\u00eb tha se gjithmon\u00eb do t\u00eb ishte shoku im m\u00eb i mir\u00eb. Pas t\u00eb gjith\u00eb k\u00ebtyre viteve, Baba, ti je ende shoku im m\u00eb i mir\u00eb,\u201d<\/em> tha ajo, duke shkaktuar lot tek babai i saj.<\/span><\/p>\n<p data-start=\"467\" data-end=\"664\" data-is-last-node=\"\" data-is-only-node=\"\"><span style=\"color: #000000;\"><span style=\"color: #ff0000;\"><strong>VINI RE:<\/strong><\/span> Ky artikull \u00ebsht\u00eb pron\u00ebsi intelektuale e <span style=\"color: #0000ff;\"><strong><a style=\"color: #0000ff;\" href=\"https:\/\/nypost.com\/2025\/08\/14\/us-news\/ashley-biden-shared-photo-of-husband-howard-krein-with-girlfriend-before-divorce-filing\/?fbclid=IwQ0xDSwMPo0xleHRuA2FlbQIxMQABHhfzSioGiKOPKV6t5TyarZSoYfOE-Co-g_aY6hsIEoF3J3u9mthPpvAsPUqt_aem_oPgJe-8wvjibEHivNRKiaA\">New York Post<\/a><\/strong><\/span><\/span><\/p>\n","protected":false,"gt_translate_keys":[{"key":"rendered","format":"html"}]},"excerpt":{"rendered":"<p>Ashley Biden, vajza e ish-presidentit amerikan Joe Biden, e cila s\u00eb fundmi ka paraqitur k\u00ebrkes\u00ebn p\u00ebr divorc nga bashk\u00ebshorti i saj, Dr. Howard Krein, ka ndar\u00eb nj\u00eb foto n\u00eb rrjete sociale ku pretendon se ai shfaqet me nj\u00eb grua tjet\u00ebr. N\u00eb nj\u00eb\u00a0Instagram Story, 44-vje\u00e7arja ka shkruar:\u00a0\u201cBashk\u00ebshorti im dhe e dashura e tij duke mbajtur duart\u201d, [&hellip;]<\/p>\n","protected":false,"gt_translate_keys":[{"key":"rendered","format":"html"}]},"author":49,"featured_media":755926,"comment_status":"closed","ping_status":"open","sticky":false,"template":"","format":"standard","meta":{"footnotes":""},"categories":[6],"tags":[],"class_list":["post-755923","post","type-post","status-publish","format-standard","has-post-thumbnail","hentry","category-nderkombetare"],"gt_translate_keys":[{"key":"link","format":"url"}],"_links":{"self":[{"href":"https:\/\/www.hashtag.al\/index.php\/wp-json\/wp\/v2\/posts\/755923","targetHints":{"allow":["GET"]}}],"collection":[{"href":"https:\/\/www.hashtag.al\/index.php\/wp-json\/wp\/v2\/posts"}],"about":[{"href":"https:\/\/www.hashtag.al\/index.php\/wp-json\/wp\/v2\/types\/post"}],"author":[{"embeddable":true,"href":"https:\/\/www.hashtag.al\/index.php\/wp-json\/wp\/v2\/users\/49"}],"replies":[{"embeddable":true,"href":"https:\/\/www.hashtag.al\/index.php\/wp-json\/wp\/v2\/comments?post=755923"}],"version-history":[{"count":99999,"href":"https:\/\/www.hashtag.al\/index.php\/wp-json\/wp\/v2\/posts\/755923\/revisions"}],"predecessor-version":[{"id":755927,"href":"https:\/\/www.hashtag.al\/index.php\/wp-json\/wp\/v2\/posts\/755923\/revisions\/755927"}],"wp:featuredmedia":[{"embeddable":true,"href":"https:\/\/www.hashtag.al\/index.php\/wp-json\/wp\/v2\/media\/755926"}],"wp:attachment":[{"href":"https:\/\/www.hashtag.al\/index.php\/wp-json\/wp\/v2\/media?parent=755923"}],"wp:term":[{"taxonomy":"category","embeddable":true,"href":"https:\/\/www.hashtag.al\/index.php\/wp-json\/wp\/v2\/categories?post=755923"},{"taxonomy":"post_tag","embeddable":true,"href":"https:\/\/www.hashtag.al\/index.php\/wp-json\/wp\/v2\/tags?post=755923"}],"curies":[{"name":"wp","href":"https:\/\/api.w.org\/{rel}","templated":true}]}}