{"id":755891,"date":"2025-08-17T19:37:56","date_gmt":"2025-08-17T17:37:56","guid":{"rendered":"https:\/\/www.hashtag.al\/?p=755891"},"modified":"2025-08-17T19:37:56","modified_gmt":"2025-08-17T17:37:56","slug":"lideret-europiane-do-te-shoqerojne-zelenskin-ne-uashington-per-takimin-me-trump","status":"publish","type":"post","link":"https:\/\/www.hashtag.al\/index.php\/2025\/08\/17\/lideret-europiane-do-te-shoqerojne-zelenskin-ne-uashington-per-takimin-me-trump\/","title":{"rendered":"Lider\u00ebt europian\u00eb do t\u00eb shoq\u00ebrojn\u00eb Zelenskin n\u00eb Uashington p\u00ebr takimin me Trump","gt_translate_keys":[{"key":"rendered","format":"text"}]},"content":{"rendered":"<p data-start=\"89\" data-end=\"296\"><span style=\"color: #000000;\"><img decoding=\"async\" class=\"aligncenter\" src=\"https:\/\/www.hashtag.al\/wp-content\/uploads\/2025\/07\/trumpzele.png\" \/><\/span><\/p>\n<p data-start=\"89\" data-end=\"296\"><span style=\"color: #000000;\">Presidenti ukrainas Volodymyr Zelenskyy do t\u00eb udh\u00ebtoj\u00eb t\u00eb h\u00ebn\u00ebn drejt Uashingtonit p\u00ebr nj\u00eb takim t\u00eb r\u00ebnd\u00ebsish\u00ebm me Presidentin amerikan, Donald Trump, ku do ta shoq\u00ebrojn\u00eb lider\u00eb t\u00eb lart\u00eb europian\u00eb, p\u00ebrcjell <span style=\"color: #0000ff;\"><a style=\"color: #0000ff;\" href=\"https:\/\/www.foxnews.com\/politics\/european-leaders-join-trump-zelensky-meeting-signaling-solidarity-ukraine\">Fox News<\/a><\/span>.<\/span><\/p>\n<p data-start=\"298\" data-end=\"789\"><span style=\"color: #000000;\">T\u00eb diel\u00ebn, Sekretari i P\u00ebrgjithsh\u00ebm i NATO-s, Mark Rutte, Presidentja e Komisionit Evropian, Ursula von der Leyen, Presidenti francez, Emmanuel Macron, Kryeministri britanik, Keir Starmer, Kancelari gjerman, Friedrich Merz, Kryeministrja italiane, Giorgia Meloni, dhe Presidenti finlandez, Alexander Stubb, konfirmuan pjes\u00ebmarrjen e tyre. Ky prezenc\u00eb e p\u00ebrbashk\u00ebt synon t\u00eb tregoj\u00eb vendosm\u00ebrin\u00eb e Evrop\u00ebs p\u00ebr t\u00eb mb\u00ebshtetur Ukrain\u00ebn nd\u00ebrsa lufta e Rusis\u00eb vazhdon.<\/span><\/p>\n<p data-start=\"791\" data-end=\"1112\"><span style=\"color: #000000;\">Para udh\u00ebtimit p\u00ebr n\u00eb Uashington, Zelenskyy u takua me Von der Leyen n\u00eb Bruksel p\u00ebr t\u00eb vendosur prioritetet e diskutimeve n\u00eb Sht\u00ebpin\u00eb e Bardh\u00eb, duke p\u00ebrqendruar v\u00ebmendjen te ndihma ushtarake afatgjat\u00eb, ambiciet e Ukrain\u00ebs p\u00ebr an\u00ebtar\u00ebsim n\u00eb BE dhe forcimi i solidaritetit transatlantik kund\u00ebr agresionit rus.<\/span><\/p>\n<p data-start=\"1114\" data-end=\"1476\"><span style=\"color: #000000;\">N\u00eb nj\u00eb konferenc\u00eb t\u00eb p\u00ebrbashk\u00ebt p\u00ebr shtyp, Von der Leyen theksoi: \u201cDo t\u00eb vazhdojm\u00eb t\u2019ju mb\u00ebshtesim p\u00ebr aq koh\u00eb sa t\u00eb nevojitet,\u201d dhe mb\u00ebshteti nj\u00eb takim trilateral midis Ukrain\u00ebs, Rusis\u00eb dhe Shteteve t\u00eb Bashkuara. Ajo paralajm\u00ebroi se BE-ja do t\u00eb l\u00ebshoj\u00eb muajin e ardhsh\u00ebm paket\u00ebn e 19-t\u00eb t\u00eb sanksioneve kund\u00ebr Rusis\u00eb n\u00ebse Kremlini nuk ndalon luft\u00ebn n\u00eb Ukrain\u00eb.<\/span><\/p>\n<p data-start=\"1478\" data-end=\"1751\"><span style=\"color: #000000;\">Zelenskyy deklaroi se shpreson q\u00eb takimi me Trump t\u00eb jet\u00eb produktive dhe jo nj\u00eb p\u00ebrs\u00ebritje e debatit t\u00eb ashp\u00ebr q\u00eb pati n\u00eb Zyr\u00ebn Ovale gjat\u00eb vizit\u00ebs s\u00eb tij t\u00eb shkurtit. Ai dhe lider\u00ebt europian\u00eb refuzojn\u00eb vazhdimisht \u00e7do propozim p\u00ebr t\u2019i dh\u00ebn\u00eb territor ukrainas Rusis\u00eb.<\/span><\/p>\n<p data-start=\"1753\" data-end=\"2022\" data-is-last-node=\"\" data-is-only-node=\"\"><span style=\"color: #000000;\">\u201c\u00c7\u00ebshtja territoriale \u00ebsht\u00eb kaq e r\u00ebnd\u00ebsishme, sa duhet t\u00eb diskutohet vet\u00ebm nga lider\u00ebt e Ukrain\u00ebs dhe Rusis\u00eb n\u00eb kuad\u00ebr t\u00eb nj\u00eb takimi trilateral Ukrain\u00eb-SHBA-Rusi,\u201d tha Zelenskyy, duke shtuar se deri tani Rusia nuk ka dh\u00ebn\u00eb shenja se takimi trilateral do t\u00eb zhvillohet.<\/span><\/p>\n","protected":false,"gt_translate_keys":[{"key":"rendered","format":"html"}]},"excerpt":{"rendered":"<p>Presidenti ukrainas Volodymyr Zelenskyy do t\u00eb udh\u00ebtoj\u00eb t\u00eb h\u00ebn\u00ebn drejt Uashingtonit p\u00ebr nj\u00eb takim t\u00eb r\u00ebnd\u00ebsish\u00ebm me Presidentin amerikan, Donald Trump, ku do ta shoq\u00ebrojn\u00eb lider\u00eb t\u00eb lart\u00eb europian\u00eb, p\u00ebrcjell Fox News. T\u00eb diel\u00ebn, Sekretari i P\u00ebrgjithsh\u00ebm i NATO-s, Mark Rutte, Presidentja e Komisionit Evropian, Ursula von der Leyen, Presidenti francez, Emmanuel Macron, Kryeministri britanik, [&hellip;]<\/p>\n","protected":false,"gt_translate_keys":[{"key":"rendered","format":"html"}]},"author":32,"featured_media":750507,"comment_status":"closed","ping_status":"open","sticky":false,"template":"","format":"standard","meta":{"footnotes":""},"categories":[6],"tags":[],"class_list":["post-755891","post","type-post","status-publish","format-standard","has-post-thumbnail","hentry","category-nderkombetare"],"gt_translate_keys":[{"key":"link","format":"url"}],"_links":{"self":[{"href":"https:\/\/www.hashtag.al\/index.php\/wp-json\/wp\/v2\/posts\/755891","targetHints":{"allow":["GET"]}}],"collection":[{"href":"https:\/\/www.hashtag.al\/index.php\/wp-json\/wp\/v2\/posts"}],"about":[{"href":"https:\/\/www.hashtag.al\/index.php\/wp-json\/wp\/v2\/types\/post"}],"author":[{"embeddable":true,"href":"https:\/\/www.hashtag.al\/index.php\/wp-json\/wp\/v2\/users\/32"}],"replies":[{"embeddable":true,"href":"https:\/\/www.hashtag.al\/index.php\/wp-json\/wp\/v2\/comments?post=755891"}],"version-history":[{"count":99999,"href":"https:\/\/www.hashtag.al\/index.php\/wp-json\/wp\/v2\/posts\/755891\/revisions"}],"predecessor-version":[{"id":755892,"href":"https:\/\/www.hashtag.al\/index.php\/wp-json\/wp\/v2\/posts\/755891\/revisions\/755892"}],"wp:featuredmedia":[{"embeddable":true,"href":"https:\/\/www.hashtag.al\/index.php\/wp-json\/wp\/v2\/media\/750507"}],"wp:attachment":[{"href":"https:\/\/www.hashtag.al\/index.php\/wp-json\/wp\/v2\/media?parent=755891"}],"wp:term":[{"taxonomy":"category","embeddable":true,"href":"https:\/\/www.hashtag.al\/index.php\/wp-json\/wp\/v2\/categories?post=755891"},{"taxonomy":"post_tag","embeddable":true,"href":"https:\/\/www.hashtag.al\/index.php\/wp-json\/wp\/v2\/tags?post=755891"}],"curies":[{"name":"wp","href":"https:\/\/api.w.org\/{rel}","templated":true}]}}