{"id":755451,"date":"2025-08-14T13:26:26","date_gmt":"2025-08-14T11:26:26","guid":{"rendered":"https:\/\/www.hashtag.al\/?p=755451"},"modified":"2025-08-14T13:26:26","modified_gmt":"2025-08-14T11:26:26","slug":"berat-kultivuan-kanabis-ne-osmezeze-arrestohen-dy-persona","status":"publish","type":"post","link":"https:\/\/www.hashtag.al\/index.php\/2025\/08\/14\/berat-kultivuan-kanabis-ne-osmezeze-arrestohen-dy-persona\/","title":{"rendered":"Berat\/ Kultivuan kanabis n\u00eb Osm\u00ebzez\u00eb, arrestohen dy persona","gt_translate_keys":[{"key":"rendered","format":"text"}]},"content":{"rendered":"<p><img loading=\"lazy\" decoding=\"async\" class=\"alignnone size-medium wp-image-755452\" src=\"https:\/\/www.hashtag.al\/wp-content\/uploads\/2025\/08\/Screenshot-2025-08-14-132511-300x140.png\" alt=\"\" width=\"300\" height=\"140\" srcset=\"https:\/\/www.hashtag.al\/wp-content\/uploads\/2025\/08\/Screenshot-2025-08-14-132511-300x140.png 300w, https:\/\/www.hashtag.al\/wp-content\/uploads\/2025\/08\/Screenshot-2025-08-14-132511-768x357.png 768w, https:\/\/www.hashtag.al\/wp-content\/uploads\/2025\/08\/Screenshot-2025-08-14-132511.png 963w\" sizes=\"auto, (max-width: 300px) 100vw, 300px\" \/><\/p>\n<p><span style=\"color: #000000;\">Dy t\u00eb rinj kan\u00eb r\u00ebn\u00eb n\u00eb prangat e policis\u00eb s\u00eb Beratit pasi kishin kultivuar kanabis n\u00eb fshatin Osm\u00ebzez\u00eb.<\/span><\/p>\n<p><span style=\"color: #000000;\">Sefedin dhe Ronaldo Mehmetaj (kush\u00ebrinj) u kap\u00ebn n\u00eb flagranc\u00eb teksa ishin te parcela.<\/span><\/p>\n<p><span style=\"color: #000000;\">64 bim\u00ebt u asgj\u00ebsuan nga uniformat blu.<\/span><\/p>\n<p><span style=\"color: #000000;\">Nd\u00ebrkoh\u00eb efektiv\u00ebt sekuestruan edhe nj\u00eb arm\u00eb gjahu \u00e7ifte dhe disa fishek\u00eb n\u00eb banes\u00ebn e 29-vje\u00e7arit, Sefedin Mehmetaj.<\/span><\/p>\n<p>&nbsp;<\/p>\n<p><span style=\"color: #000000;\">Njoftimi i policis\u00eb:<\/span><\/p>\n<p><span style=\"color: #000000;\"><em>Sh\u00ebrbimet e Komisariatit t\u00eb Policis\u00eb Berat, n\u00eb bashk\u00ebpunim me sh\u00ebrbimet e Forc\u00ebs s\u00eb Posa\u00e7me Operacionale t\u00eb DVP Berat, si rezultat i kontrolleve dhe hetimeve me metoda proaktive, t\u00eb kryera n\u00eb kuad\u00ebr t\u00eb planit operacional \u201cKoordinata\u201d, godit\u00ebn nj\u00eb tjet\u00ebr rast t\u00eb kultivimit t\u00eb bim\u00ebve narkotike.<\/em><\/span><\/p>\n<p><span style=\"color: #000000;\"><em>Gjat\u00eb kontrollit t\u00eb territorit, n\u00eb vendin e quajtur \u201cMo\u00e7ali\u201d, n\u00eb fshatin Osm\u00ebzez\u00eb, u zbulua nj\u00eb parcel\u00eb ku ishin kultivuar 64 bim\u00eb t\u00eb dyshuara narkotike Cannabis Sativa, t\u00eb cilat u asgj\u00ebsuan.<\/em><\/span><\/p>\n<p><span style=\"color: #000000;\"><em>Gjat\u00eb nd\u00ebrhyrjes, u kap\u00ebn n\u00eb flagranc\u00eb n\u00eb parcel\u00eb, shtetasit S. M., 29 vje\u00e7 dhe R. M., 26 vje\u00e7, t\u00eb af\u00ebrm t\u00eb nj\u00ebri-tjetrit, t\u00eb cil\u00ebt n\u00eb p\u00ebrfundim t\u00eb veprimeve procedurale, u arrestuan p\u00ebr vepr\u00ebn penale \u201cKultivimi i bim\u00ebve narkotike\u201d, kryer n\u00eb bashk\u00ebpunim<\/em><\/span><\/p>\n<p><span style=\"color: #000000;\"><em>Gjithashtu, gjat\u00eb kontrollit t\u00eb ushtruar n\u00eb banes\u00ebn e shtetasit S. M, u gjet dhe sekuestrua nj\u00eb arm\u00eb gjahu \u00e7ifte dhe disa fishek\u00eb t\u00eb arm\u00ebs s\u00eb gjahut.<\/em><\/span><\/p>\n<p><span style=\"color: #000000;\"><em>Materialet procedurale iu referuan Prokuroris\u00eb s\u00eb Beratit, p\u00ebr veprime t\u00eb m\u00ebtejshme.<\/em><\/span><\/p>\n","protected":false,"gt_translate_keys":[{"key":"rendered","format":"html"}]},"excerpt":{"rendered":"<p>Dy t\u00eb rinj kan\u00eb r\u00ebn\u00eb n\u00eb prangat e policis\u00eb s\u00eb Beratit pasi kishin kultivuar kanabis n\u00eb fshatin Osm\u00ebzez\u00eb. Sefedin dhe Ronaldo Mehmetaj (kush\u00ebrinj) u kap\u00ebn n\u00eb flagranc\u00eb teksa ishin te parcela. 64 bim\u00ebt u asgj\u00ebsuan nga uniformat blu. Nd\u00ebrkoh\u00eb efektiv\u00ebt sekuestruan edhe nj\u00eb arm\u00eb gjahu \u00e7ifte dhe disa fishek\u00eb n\u00eb banes\u00ebn e 29-vje\u00e7arit, Sefedin Mehmetaj. [&hellip;]<\/p>\n","protected":false,"gt_translate_keys":[{"key":"rendered","format":"html"}]},"author":32,"featured_media":755452,"comment_status":"closed","ping_status":"open","sticky":false,"template":"","format":"standard","meta":{"footnotes":""},"categories":[65],"tags":[],"class_list":["post-755451","post","type-post","status-publish","format-standard","has-post-thumbnail","hentry","category-lajme"],"gt_translate_keys":[{"key":"link","format":"url"}],"_links":{"self":[{"href":"https:\/\/www.hashtag.al\/index.php\/wp-json\/wp\/v2\/posts\/755451","targetHints":{"allow":["GET"]}}],"collection":[{"href":"https:\/\/www.hashtag.al\/index.php\/wp-json\/wp\/v2\/posts"}],"about":[{"href":"https:\/\/www.hashtag.al\/index.php\/wp-json\/wp\/v2\/types\/post"}],"author":[{"embeddable":true,"href":"https:\/\/www.hashtag.al\/index.php\/wp-json\/wp\/v2\/users\/32"}],"replies":[{"embeddable":true,"href":"https:\/\/www.hashtag.al\/index.php\/wp-json\/wp\/v2\/comments?post=755451"}],"version-history":[{"count":99999,"href":"https:\/\/www.hashtag.al\/index.php\/wp-json\/wp\/v2\/posts\/755451\/revisions"}],"predecessor-version":[{"id":755453,"href":"https:\/\/www.hashtag.al\/index.php\/wp-json\/wp\/v2\/posts\/755451\/revisions\/755453"}],"wp:featuredmedia":[{"embeddable":true,"href":"https:\/\/www.hashtag.al\/index.php\/wp-json\/wp\/v2\/media\/755452"}],"wp:attachment":[{"href":"https:\/\/www.hashtag.al\/index.php\/wp-json\/wp\/v2\/media?parent=755451"}],"wp:term":[{"taxonomy":"category","embeddable":true,"href":"https:\/\/www.hashtag.al\/index.php\/wp-json\/wp\/v2\/categories?post=755451"},{"taxonomy":"post_tag","embeddable":true,"href":"https:\/\/www.hashtag.al\/index.php\/wp-json\/wp\/v2\/tags?post=755451"}],"curies":[{"name":"wp","href":"https:\/\/api.w.org\/{rel}","templated":true}]}}