{"id":755449,"date":"2025-08-14T13:14:58","date_gmt":"2025-08-14T11:14:58","guid":{"rendered":"https:\/\/www.hashtag.al\/?p=755449"},"modified":"2025-08-14T13:14:58","modified_gmt":"2025-08-14T11:14:58","slug":"gjykata-ne-zvicer-rrezon-provat-e-sky-ecc-ylli-manjani-kemi-2-vjet-qe-e-kerkojme-ne-shqiperi-po-ketu-ligjin-e-ben-spak-u","status":"publish","type":"post","link":"https:\/\/www.hashtag.al\/index.php\/2025\/08\/14\/gjykata-ne-zvicer-rrezon-provat-e-sky-ecc-ylli-manjani-kemi-2-vjet-qe-e-kerkojme-ne-shqiperi-po-ketu-ligjin-e-ben-spak-u\/","title":{"rendered":"Gjykata n\u00eb Zvic\u00ebr rr\u00ebzon provat e &#8220;SKY ECC&#8221;, Ylli Manjani: Kemi 2 vjet q\u00eb e k\u00ebrkojm\u00eb n\u00eb Shqip\u00ebri, po k\u00ebtu ligjin e b\u00ebn SPAK-u","gt_translate_keys":[{"key":"rendered","format":"text"}]},"content":{"rendered":"<p><span style=\"color: #000000;\"><img loading=\"lazy\" decoding=\"async\" class=\"alignnone size-medium wp-image-686956\" src=\"https:\/\/www.hashtag.al\/wp-content\/uploads\/2024\/07\/manjani-300x192.png\" alt=\"\" width=\"300\" height=\"192\" srcset=\"https:\/\/www.hashtag.al\/wp-content\/uploads\/2024\/07\/manjani-300x192.png 300w, https:\/\/www.hashtag.al\/wp-content\/uploads\/2024\/07\/manjani-1024x654.png 1024w, https:\/\/www.hashtag.al\/wp-content\/uploads\/2024\/07\/manjani-768x491.png 768w, https:\/\/www.hashtag.al\/wp-content\/uploads\/2024\/07\/manjani.png 1127w\" sizes=\"auto, (max-width: 300px) 100vw, 300px\" \/><\/span><\/p>\n<p><span style=\"color: #000000;\">Ish-ministri i Drejt\u00ebsis\u00eb, Ylli Manjani ka publikuar nj\u00eb artikull q\u00eb thot\u00eb se Gjykata n\u00eb Zvic\u00ebr ka rr\u00ebzuar t\u00eb dh\u00ebnat e p\u00ebrftuara nga &#8220;SKY ECC&#8221; n\u00eb t\u00eb gjitha proceset gjyq\u00ebsore, duke theksuar se n\u00eb Shqip\u00ebri k\u00ebrkojn\u00eb t\u00eb nj\u00ebjt\u00ebn gj\u00eb prej dy vitesh, por k\u00ebtu ligjin e b\u00ebn SPAK.<\/span><\/p>\n<p><span style=\"color: #000000;\">&#8220;<em>Nj\u00eb gjykat\u00eb n\u00eb Zvic\u00ebr, tek po gjykonte nj\u00eb t\u00eb akuzuar p\u00ebr kontraband\u00eb arm\u00ebsh, akuz\u00eb e bazuar thjesht n\u00eb t\u00eb dh\u00ebnat e SKY ECC, marra me hakerim nga Franca, ka rr\u00ebzuar p\u00ebrdorimin e k\u00ebtyre t\u00eb dh\u00ebnave si prov\u00eb n\u00eb gjyq.<\/em><\/span><\/p>\n<p><span style=\"color: #000000;\"><em>Arsyeja \u00ebsht\u00eb shum\u00eb e thjesht\u00eb:\u00a0 Jan\u00eb marr\u00eb t\u00eb dh\u00ebna me p\u00ebrgjim e hakerim ndaj shtetasve zviceran\u00eb pa autorizimin e gjykat\u00ebs zvicerane. Ja kaq!<\/em><\/span><\/p>\n<p><span style=\"color: #000000;\"><em>Jo po procedim paralel, jo po let\u00ebrporosi, jo po Europol, jo po Eurojust&#8230; Jo po lufta kund\u00ebr krimit e m\u00eb the e t\u00eb thash\u00eb. Hi\u00e7! Vlejn\u00eb zero me xhufk\u00eb p\u00ebrpara ligjit t\u00eb shkruar zviceran&#8221;,<\/em> shkruan ish-ministri i Drejt\u00ebsis\u00eb, i cili tashm\u00eb ushtron profesionin e avokatit.<\/span><\/p>\n<p><span style=\"color: #000000;\">Duke hequr paralele me Shqip\u00ebrin\u00eb, Ylli Manjani shton se edhe n\u00eb Zvic\u00ebr ka media, portale, ka edhe opinion publik q\u00eb b\u00ebn referendum edhe p\u00ebr orarin e muzik\u00ebs n\u00eb lagje, ama atje ligji \u00ebsht\u00eb ligj dhe Gjykata \u00ebsht\u00eb garanci, jo komisariat jeni\u00e7er\u00ebsh.<\/span><\/p>\n<p><span style=\"color: #000000;\"><em>&#8220;Sa p\u00ebr info, k\u00ebshtu \u00ebsht\u00eb edhe ligji yn\u00eb, si n\u00eb Zvic\u00ebr. Por gjykatat tona, n\u00eb drejtimin e SPAK, injorojn\u00eb ligjin shqiptar. Kemi 2 vite q\u00eb ekzakt k\u00ebt\u00eb gj\u00eb po k\u00ebrkojm\u00eb n\u00eb \u00e7do gjykat\u00eb k\u00ebtu. Verifikoni legjitimitetin e marrjes s\u00eb prov\u00ebs n\u00eb raport me shtetasit shqiptar\u00eb dhe ligjin e Republik\u00ebs son\u00eb! Hi\u00e7! Shpikje dhe racionalizime&#8221;,<\/em> vijon shkrimi.<\/span><\/p>\n<p>&nbsp;<\/p>\n<p><span style=\"color: #000000;\">Sh\u00ebnimi i plot\u00eb i Ylli Manjanit:<\/span><\/p>\n<p><span style=\"color: #000000;\"><em>Atje ku gjykat\u00ebn e drejton ligji, jo SPAK-u.<\/em><\/span><\/p>\n<p><span style=\"color: #000000;\"><em>*****<\/em><\/span><\/p>\n<p><span style=\"color: #000000;\"><em>Po vijojm\u00eb t\u00eb sjellim raste t\u00eb tjera nga gjykatat per\u00ebndimore t\u00eb cilat shpallin t\u00eb pap\u00ebrdorshme si prova gjyqsore t\u00eb dh\u00ebnat e SKY ecc, t\u00eb hakeruara n\u00eb Franc\u00eb me ndihm\u00ebn e Policis\u00eb Hollandeze<\/em><\/span><\/p>\n<p><span style=\"color: #000000;\"><em>Gjithnj\u00eb n\u00eb p\u00ebrgjigje t\u00eb ftes\u00ebs publike q\u00eb na b\u00ebri zoti Altin Dumani, p\u00ebrgjat\u00eb intervist\u00ebs s\u00eb tij me z\u00eb e figur\u00eb n\u00eb RTSH me gazetarin Alban Dudushi.<\/em><\/span><\/p>\n<p><span style=\"color: #000000;\"><em>Nj\u00eb gjykat\u00eb n\u00eb Zvic\u00ebr, tek po gjykonte nj\u00eb t\u00eb akuzuar p\u00ebr kontraband\u00eb arm\u00ebsh, akuz\u00eb e bazuar thjesht n\u00eb t\u00eb dh\u00ebnat e SKY ECC,\u00a0 marra me hakerim nga Franca, ka rr\u00ebzuar p\u00ebrdorimin e k\u00ebtyre t\u00eb dh\u00ebnave si prov\u00eb n\u00eb gjyq.<\/em><\/span><\/p>\n<p><span style=\"color: #000000;\"><em>Arsyeja \u00ebsht\u00eb shum\u00eb e thjesht\u00eb:<\/em><\/span><\/p>\n<p><span style=\"color: #000000;\"><em>Jan\u00eb marr\u00eb t\u00eb dh\u00ebna me p\u00ebrgjim e hakerim ndaj shtetasve zviceran\u00eb pa autorizimin e gjykat\u00ebs zvicerane.<\/em><\/span><\/p>\n<p><span style=\"color: #000000;\"><em>Ja kaq!<\/em><\/span><\/p>\n<p><span style=\"color: #000000;\"><em>Jo po procedim paralel, jo po let\u00ebrporosi, jo po Europol, jo po Eurojust&#8230; Jo po lufta kund\u00ebr krimit e m\u00eb the e t\u00eb thash\u00eb.<\/em><\/span><\/p>\n<p><span style=\"color: #000000;\"><em>Hi\u00e7!<\/em><\/span><\/p>\n<p><span style=\"color: #000000;\"><em>Vlejn\u00eb zero me xhufk\u00eb p\u00ebrpara ligjit t\u00eb shkruar zviceran.<\/em><\/span><\/p>\n<p><span style=\"color: #000000;\"><em>K\u00ebshtu vendos gjykata atje. Edhe atje ka media, portale. Ka edhe opinion publik q\u00eb b\u00ebn referendum edhe p\u00ebr orarin e muzik\u00ebs n\u00eb lagje.<\/em><\/span><\/p>\n<p><span style=\"color: #000000;\"><em>Ligji \u00ebsht\u00eb ligj! Gjykata \u00ebsht\u00eb garanci dhe jo komisariat jeni\u00e7er\u00ebsh.<\/em><\/span><\/p>\n<p><span style=\"color: #000000;\"><em>Sa p\u00ebr info, k\u00ebshtu \u00ebsht\u00eb edhe ligji yn\u00eb, si n\u00eb zvic\u00ebr.<\/em><\/span><\/p>\n<p><span style=\"color: #000000;\"><em>Por gjykatat tona, n\u00eb drejtimin e SPAK, injorojn\u00eb ligjin shqiptar.<\/em><\/span><\/p>\n<p><span style=\"color: #000000;\"><em>Kemi 2 vite q\u00eb ekzakt k\u00ebt\u00eb gj\u00eb po k\u00ebrkojm\u00eb n\u00eb \u00e7do gjykat\u00eb k\u00ebtu. Verifikoni legjitimitetin e marrjes s\u00eb prov\u00ebs n\u00eb raport me shtetasit shqiptar\u00eb dhe ligjin e Republik\u00ebs son\u00eb!<\/em><\/span><\/p>\n<p><span style=\"color: #000000;\"><em>Hi\u00e7!<\/em><\/span><\/p>\n<p><span style=\"color: #000000;\"><em>Shpikje dhe racionalizime.<\/em><\/span><\/p>\n<p><span style=\"color: #000000;\"><em>Gjykata Kushtetuese, m\u00eb e larta n\u00eb k\u00ebt\u00eb vend, duhet t\u00eb marr\u00eb nj\u00eb dizertacion n\u00eb shpikje juridike antikushtetute dhe n\u00eb d\u00ebm t\u00eb procesit t\u00eb rregullt ndaj shtetasve t\u00eb k\u00ebtij shteti.<\/em><\/span><\/p>\n<p><span style=\"color: #000000;\"><em>Qart\u00ebsisht n\u00eb per\u00ebndim nuk po d\u00ebnohet askush me t\u00eb dh\u00ebnat e sky ecc. Deri tani ka ndodhur ose kur me k\u00ebto t\u00eb dh\u00ebna policit\u00eb atje kan\u00eb kapur n\u00eb flagranc\u00eb njer\u00ebz, ose kur ato jan\u00eb p\u00ebrdorur si indicie p\u00ebr t\u00eb mbledhur prova t\u00eb tjera.<\/em><\/span><\/p>\n<p><span style=\"color: #000000;\"><em>Po askund, askund askund nuk ka ndodhur t\u00eb p\u00ebrdoren k\u00ebto t\u00eb dh\u00ebna si prova unike p\u00ebr t\u00eb fajsuar njer\u00ebz. Gjykata e Berlinit madje tha tro\u00e7:&#8221;k\u00ebto t\u00eb dh\u00ebna jan\u00eb t\u00eb ngjashme me d\u00ebshmi q\u00eb nuk verifikohen dot..&#8221;.<\/em><\/span><\/p>\n<p><span style=\"color: #000000;\"><em>Sepse p\u00ebrve\u00e7 debatit se si u mor\u00ebn ato t\u00eb dh\u00ebna, \u00ebsht\u00eb edhe debati tjet\u00ebr se ato ashtu si\u00e7 jan\u00eb jan\u00eb thjesht fjal\u00eb, jo prova.<\/em><\/span><\/p>\n<p><span style=\"color: #000000;\"><em>K\u00ebshtu po flet ligj\u00ebrisht e gjith\u00eb Europa. Vet\u00ebm Republika e Spak-ut e Shqip\u00ebris\u00eb nuk pajtohet me standardin Europian t\u00eb gjykimit t\u00eb drejt\u00eb.<\/em><\/span><\/p>\n<p><span style=\"color: #000000;\"><em>Nj\u00eb dit\u00eb, n\u00eb nj\u00eb moment do b\u00ebhet di\u00e7ka sebep q\u00eb.edhe Shqip\u00ebria t\u00eb pajtohet me k\u00ebt\u00eb realitet juridik per\u00ebndimor. Por deri at\u00ebher\u00eb d\u00ebmi do jet\u00eb shum\u00eb i madh&#8230;.<\/em><\/span><\/p>\n<p><span style=\"color: #000000;\"><em>At\u00eb shprehjen &#8220;ashtu ishte koha\/sistemi&#8221; e kemi si larje m\u00ebkati&#8230;<\/em><\/span><\/p>\n<p><span style=\"color: #000000;\"><em>\u00a0<\/em><\/span><\/p>\n<p>&nbsp;<\/p>\n<p>&nbsp;<\/p>\n","protected":false,"gt_translate_keys":[{"key":"rendered","format":"html"}]},"excerpt":{"rendered":"<p>Ish-ministri i Drejt\u00ebsis\u00eb, Ylli Manjani ka publikuar nj\u00eb artikull q\u00eb thot\u00eb se Gjykata n\u00eb Zvic\u00ebr ka rr\u00ebzuar t\u00eb dh\u00ebnat e p\u00ebrftuara nga &#8220;SKY ECC&#8221; n\u00eb t\u00eb gjitha proceset gjyq\u00ebsore, duke theksuar se n\u00eb Shqip\u00ebri k\u00ebrkojn\u00eb t\u00eb nj\u00ebjt\u00ebn gj\u00eb prej dy vitesh, por k\u00ebtu ligjin e b\u00ebn SPAK. &#8220;Nj\u00eb gjykat\u00eb n\u00eb Zvic\u00ebr, tek po gjykonte nj\u00eb [&hellip;]<\/p>\n","protected":false,"gt_translate_keys":[{"key":"rendered","format":"html"}]},"author":32,"featured_media":686956,"comment_status":"closed","ping_status":"open","sticky":false,"template":"","format":"standard","meta":{"footnotes":""},"categories":[22],"tags":[],"class_list":["post-755449","post","type-post","status-publish","format-standard","has-post-thumbnail","hentry","category-ballina"],"gt_translate_keys":[{"key":"link","format":"url"}],"_links":{"self":[{"href":"https:\/\/www.hashtag.al\/index.php\/wp-json\/wp\/v2\/posts\/755449","targetHints":{"allow":["GET"]}}],"collection":[{"href":"https:\/\/www.hashtag.al\/index.php\/wp-json\/wp\/v2\/posts"}],"about":[{"href":"https:\/\/www.hashtag.al\/index.php\/wp-json\/wp\/v2\/types\/post"}],"author":[{"embeddable":true,"href":"https:\/\/www.hashtag.al\/index.php\/wp-json\/wp\/v2\/users\/32"}],"replies":[{"embeddable":true,"href":"https:\/\/www.hashtag.al\/index.php\/wp-json\/wp\/v2\/comments?post=755449"}],"version-history":[{"count":99999,"href":"https:\/\/www.hashtag.al\/index.php\/wp-json\/wp\/v2\/posts\/755449\/revisions"}],"predecessor-version":[{"id":755450,"href":"https:\/\/www.hashtag.al\/index.php\/wp-json\/wp\/v2\/posts\/755449\/revisions\/755450"}],"wp:featuredmedia":[{"embeddable":true,"href":"https:\/\/www.hashtag.al\/index.php\/wp-json\/wp\/v2\/media\/686956"}],"wp:attachment":[{"href":"https:\/\/www.hashtag.al\/index.php\/wp-json\/wp\/v2\/media?parent=755449"}],"wp:term":[{"taxonomy":"category","embeddable":true,"href":"https:\/\/www.hashtag.al\/index.php\/wp-json\/wp\/v2\/categories?post=755449"},{"taxonomy":"post_tag","embeddable":true,"href":"https:\/\/www.hashtag.al\/index.php\/wp-json\/wp\/v2\/tags?post=755449"}],"curies":[{"name":"wp","href":"https:\/\/api.w.org\/{rel}","templated":true}]}}