{"id":755156,"date":"2025-08-12T08:18:59","date_gmt":"2025-08-12T06:18:59","guid":{"rendered":"https:\/\/www.hashtag.al\/?p=755156"},"modified":"2025-08-12T08:18:59","modified_gmt":"2025-08-12T06:18:59","slug":"faqja-e-hapur-do-te-trajtohet-ligjerisht-agsh-denoncon-faqe-false-ne-rrjete-sociale-pas-sulmit-ndaj-news24","status":"publish","type":"post","link":"https:\/\/www.hashtag.al\/index.php\/2025\/08\/12\/faqja-e-hapur-do-te-trajtohet-ligjerisht-agsh-denoncon-faqe-false-ne-rrjete-sociale-pas-sulmit-ndaj-news24\/","title":{"rendered":"&#8220;Faqja e hapur do t\u00eb trajtohet ligj\u00ebrisht&#8221;- AGSH denoncon faqe false n\u00eb rrjete sociale pas sulmit ndaj News24","gt_translate_keys":[{"key":"rendered","format":"text"}]},"content":{"rendered":"<p><span style=\"color: #000000;\"><img loading=\"lazy\" decoding=\"async\" class=\"aligncenter size-full wp-image-755157\" src=\"https:\/\/www.hashtag.al\/wp-content\/uploads\/2025\/08\/photo-output-13-768x432-1.jpeg\" alt=\"\" width=\"768\" height=\"432\" srcset=\"https:\/\/www.hashtag.al\/wp-content\/uploads\/2025\/08\/photo-output-13-768x432-1.jpeg 768w, https:\/\/www.hashtag.al\/wp-content\/uploads\/2025\/08\/photo-output-13-768x432-1-300x169.jpeg 300w\" sizes=\"auto, (max-width: 768px) 100vw, 768px\" \/><\/span><\/p>\n<p data-start=\"73\" data-end=\"294\"><span style=\"color: #000000;\">Asociacioni i Gazetar\u00ebve Shqiptar\u00eb (AGSH) ka reaguar ashp\u00ebr ndaj nj\u00eb fushate dezinformimi n\u00eb rrjetet sociale, duke denoncuar hapjen e nj\u00eb faqeje false q\u00eb pretendon t\u00eb p\u00ebrfaq\u00ebsoj\u00eb q\u00ebndrimet e tyre p\u00ebr sulmin ndaj News24.<\/span><\/p>\n<p data-start=\"296\" data-end=\"574\"><span style=\"color: #000000;\">N\u00eb nj\u00eb deklarat\u00eb zyrtare, Bordi i AGSH-s\u00eb thekson se profili \u00ebsht\u00eb i rrem\u00eb dhe se nuk ka pasur asnj\u00eb kund\u00ebrshtim nga an\u00ebtar\u00ebt p\u00ebr q\u00ebndrimin e organizat\u00ebs n\u00eb mbrojtje t\u00eb gazetar\u00ebve t\u00eb News24 dhe mediave t\u00eb tjera t\u00eb grupit, t\u00eb cilat po p\u00ebrballen me veprime arbitrare shtet\u00ebrore.<\/span><\/p>\n<p data-start=\"576\" data-end=\"716\"><span style=\"color: #000000;\">AGSH e cil\u00ebson k\u00ebt\u00eb veprim si nj\u00eb p\u00ebrpjekje p\u00ebr t\u00eb dekurajuar p\u00ebrkrahjen ndaj koleg\u00ebve dhe njofton se faqja false do t\u00eb ndiqet ligj\u00ebrisht.<\/span><\/p>\n<p><span style=\"color: #000000;\"><strong>Postimi i plot\u00eb:<\/strong><\/span><br \/>\n<span style=\"color: #000000;\">SQARIM I DETYRUESH\u00cbM<\/span><\/p>\n<p><span style=\"color: #000000;\">Pozicionimi i AGSH n\u00eb mbrojtje t\u00eb interesave t\u00eb gazetar\u00ebve t\u00eb News 24 dhe mediat e tjera t\u00eb grupit q\u00eb po p\u00ebrballen me sjellje arbitrare shtet\u00ebrore, po shoq\u00ebrohet me nj\u00eb sulm banal n\u00eb rrjetet sociale kund\u00ebr Asociacionit.<\/span><\/p>\n<p><span style=\"color: #000000;\">Bordi i AGSH deklaron se ky \u00ebsht\u00eb nj\u00eb profil fals, dhe se asnj\u00eb pjes\u00eb e an\u00ebtar\u00ebsis\u00eb sot nuk ka pasur kund\u00ebrshtime p\u00ebr qasjen e drejtuesve t\u00eb AGSH.<\/span><\/p>\n<p><span style=\"color: #000000;\">Bordi hedh posht\u00eb k\u00ebto shpifje q\u00eb synojn\u00eb t\u00eb dekurajojn\u00eb p\u00ebrkrahjen ton\u00eb t\u00eb drejt\u00eb n\u00eb mbrojtje t\u00eb koleg\u00ebve.<\/span><\/p>\n<p><span style=\"color: #000000;\">Veprimet e p\u00ebrfaq\u00ebsuesve tan\u00eb g\u00ebzojn\u00eb mb\u00ebshtetjen e plot\u00eb t\u00eb Bordit si dhe nuk kemi pasur asnj\u00eb m\u00ebdyshje nga an\u00ebtar\u00ebt tan\u00eb.<\/span><\/p>\n<p><span style=\"color: #000000;\">Faqja false e hapur do t\u00eb trajtohet ligj\u00ebrisht.<\/span><\/p>\n<p><span style=\"color: #000000;\">Me respekt, an\u00ebtar\u00ebt e Bordit<\/span><br \/>\n<span style=\"color: #000000;\">Isa Myzyraj<\/span><br \/>\n<span style=\"color: #000000;\">Esiona Konomi<\/span><br \/>\n<span style=\"color: #000000;\">Klesiana Omeri<\/span><br \/>\n<span style=\"color: #000000;\">Fjori Sinorukaj<\/span><br \/>\n<span style=\"color: #000000;\">Juxhin Mustafaraj<\/span><br \/>\n<span style=\"color: #000000;\">Osman Stafa<\/span><br \/>\n<span style=\"color: #000000;\">Renaldo Salianji<\/span><\/p>\n","protected":false,"gt_translate_keys":[{"key":"rendered","format":"html"}]},"excerpt":{"rendered":"<p>Asociacioni i Gazetar\u00ebve Shqiptar\u00eb (AGSH) ka reaguar ashp\u00ebr ndaj nj\u00eb fushate dezinformimi n\u00eb rrjetet sociale, duke denoncuar hapjen e nj\u00eb faqeje false q\u00eb pretendon t\u00eb p\u00ebrfaq\u00ebsoj\u00eb q\u00ebndrimet e tyre p\u00ebr sulmin ndaj News24. N\u00eb nj\u00eb deklarat\u00eb zyrtare, Bordi i AGSH-s\u00eb thekson se profili \u00ebsht\u00eb i rrem\u00eb dhe se nuk ka pasur asnj\u00eb kund\u00ebrshtim nga an\u00ebtar\u00ebt [&hellip;]<\/p>\n","protected":false,"gt_translate_keys":[{"key":"rendered","format":"html"}]},"author":49,"featured_media":755157,"comment_status":"closed","ping_status":"open","sticky":false,"template":"","format":"standard","meta":{"footnotes":""},"categories":[65],"tags":[],"class_list":["post-755156","post","type-post","status-publish","format-standard","has-post-thumbnail","hentry","category-lajme"],"gt_translate_keys":[{"key":"link","format":"url"}],"_links":{"self":[{"href":"https:\/\/www.hashtag.al\/index.php\/wp-json\/wp\/v2\/posts\/755156","targetHints":{"allow":["GET"]}}],"collection":[{"href":"https:\/\/www.hashtag.al\/index.php\/wp-json\/wp\/v2\/posts"}],"about":[{"href":"https:\/\/www.hashtag.al\/index.php\/wp-json\/wp\/v2\/types\/post"}],"author":[{"embeddable":true,"href":"https:\/\/www.hashtag.al\/index.php\/wp-json\/wp\/v2\/users\/49"}],"replies":[{"embeddable":true,"href":"https:\/\/www.hashtag.al\/index.php\/wp-json\/wp\/v2\/comments?post=755156"}],"version-history":[{"count":99999,"href":"https:\/\/www.hashtag.al\/index.php\/wp-json\/wp\/v2\/posts\/755156\/revisions"}],"predecessor-version":[{"id":755158,"href":"https:\/\/www.hashtag.al\/index.php\/wp-json\/wp\/v2\/posts\/755156\/revisions\/755158"}],"wp:featuredmedia":[{"embeddable":true,"href":"https:\/\/www.hashtag.al\/index.php\/wp-json\/wp\/v2\/media\/755157"}],"wp:attachment":[{"href":"https:\/\/www.hashtag.al\/index.php\/wp-json\/wp\/v2\/media?parent=755156"}],"wp:term":[{"taxonomy":"category","embeddable":true,"href":"https:\/\/www.hashtag.al\/index.php\/wp-json\/wp\/v2\/categories?post=755156"},{"taxonomy":"post_tag","embeddable":true,"href":"https:\/\/www.hashtag.al\/index.php\/wp-json\/wp\/v2\/tags?post=755156"}],"curies":[{"name":"wp","href":"https:\/\/api.w.org\/{rel}","templated":true}]}}