{"id":755144,"date":"2025-08-11T23:59:59","date_gmt":"2025-08-11T21:59:59","guid":{"rendered":"https:\/\/www.hashtag.al\/?p=755144"},"modified":"2025-08-11T23:59:59","modified_gmt":"2025-08-11T21:59:59","slug":"vale-e-rrezikshme-te-nxehti-deri-ne-44c-perfshin-evropen-jugore","status":"publish","type":"post","link":"https:\/\/www.hashtag.al\/index.php\/2025\/08\/11\/vale-e-rrezikshme-te-nxehti-deri-ne-44c-perfshin-evropen-jugore\/","title":{"rendered":"Val\u00eb e rrezikshme t\u00eb nxehti deri n\u00eb 44\u00b0C p\u00ebrfshin Evrop\u00ebn Jugore","gt_translate_keys":[{"key":"rendered","format":"text"}]},"content":{"rendered":"<p data-start=\"56\" data-end=\"167\"><span style=\"color: #000000;\"><br \/>\n<img loading=\"lazy\" decoding=\"async\" class=\"size-medium wp-image-755145 aligncenter\" src=\"https:\/\/www.hashtag.al\/wp-content\/uploads\/2025\/08\/IMG_4447-300x161.jpeg\" alt=\"\" width=\"300\" height=\"161\" srcset=\"https:\/\/www.hashtag.al\/wp-content\/uploads\/2025\/08\/IMG_4447-300x161.jpeg 300w, https:\/\/www.hashtag.al\/wp-content\/uploads\/2025\/08\/IMG_4447-768x411.jpeg 768w, https:\/\/www.hashtag.al\/wp-content\/uploads\/2025\/08\/IMG_4447.jpeg 828w\" sizes=\"auto, (max-width: 300px) 100vw, 300px\" \/><\/span><\/p>\n<p data-start=\"56\" data-end=\"167\"><span style=\"color: #000000;\">Evropa Jugore po p\u00ebrballet me temperatura ekstreme deri n\u00eb 44\u00b0C, nd\u00ebrsa shkenc\u00ebtar\u00ebt paralajm\u00ebrojn\u00eb p\u00ebr nj\u00eb \u201ckoktej molotov\u201d kushtesh klimatike q\u00eb po nxit zjarre t\u00eb m\u00ebdha n\u00eb Mesdhe.<\/span><\/p>\n<p data-start=\"354\" data-end=\"522\"><span style=\"color: #000000;\">N\u00eb Itali, ku priten 40\u00b0C n\u00eb Firence, nj\u00eb djal\u00eb 4-vje\u00e7ar n\u00eb Sardenj\u00eb humbi jet\u00ebn nga goditja e t\u00eb nxehtit, nd\u00ebrsa \u00ebsht\u00eb shpallur alarm i kuq n\u00eb shtat\u00eb qytete t\u00eb m\u00ebdha.<\/span><\/p>\n<p data-start=\"524\" data-end=\"733\"><span style=\"color: #000000;\">Franca ka vendosur mbi gjysm\u00ebn e vendit n\u00ebn paralajm\u00ebrime p\u00ebr val\u00eb t\u00eb nxehti, me 12 rajone n\u00eb nivelin m\u00eb t\u00eb lart\u00eb t\u00eb alarmit, nd\u00ebrsa n\u00eb Spanj\u00eb \u00ebsht\u00eb shpallur \u201crrezik ekstrem\u201d n\u00eb Zaragoza dhe n\u00eb vendet baske.<\/span><\/p>\n<p data-start=\"735\" data-end=\"1099\"><span style=\"color: #000000;\">Temperaturat mbi 40\u00b0C po e v\u00ebshtir\u00ebsojn\u00eb p\u00ebrballimin e zjarreve shkat\u00ebrruese. N\u00eb Franc\u00eb, nj\u00eb person ka humbur jet\u00ebn dhe 25 t\u00eb tjer\u00eb jan\u00eb plagosur n\u00eb zjarrin m\u00eb t\u00eb madh q\u00eb nga viti 1949. N\u00eb Kroaci, nj\u00eb vat\u00ebr pran\u00eb Splitit u shua fal\u00eb p\u00ebrpjekjeve \u201cmbinjer\u00ebzore\u201d t\u00eb zjarrfik\u00ebsve, nd\u00ebrsa n\u00eb Shqip\u00ebri dhe Mal t\u00eb Zi zjarret kan\u00eb detyruar banor\u00ebt t\u00eb braktisin sht\u00ebpit\u00eb.<\/span><\/p>\n<p data-start=\"1101\" data-end=\"1386\"><span style=\"color: #000000;\">N\u00eb Spanj\u00eb, mbi 1,000 persona u evakuuan nga Le\u00f3n dhe Zamora, nd\u00ebrkoh\u00eb q\u00eb zjarre t\u00eb m\u00ebdha vazhdojn\u00eb n\u00eb Galici. Ekspert\u00ebt thon\u00eb se kombinimi i pranver\u00ebs s\u00eb lag\u00ebsht, rritjes s\u00eb bim\u00ebsis\u00eb, vap\u00ebs ekstreme, er\u00ebrave t\u00eb forta dhe that\u00ebsis\u00eb ka krijuar kushtet perfekte p\u00ebr p\u00ebrhapjen e flak\u00ebve.<\/span><\/p>\n<p data-start=\"1388\" data-end=\"1493\"><span style=\"color: #000000;\">Meteorolog\u00ebt parashikojn\u00eb thyerje t\u00eb rekordeve t\u00eb temperaturave n\u00eb Franc\u00eb dhe Spanj\u00eb n\u00eb dit\u00ebt n\u00eb vijim.<\/span><\/p>\n","protected":false,"gt_translate_keys":[{"key":"rendered","format":"html"}]},"excerpt":{"rendered":"<p>Evropa Jugore po p\u00ebrballet me temperatura ekstreme deri n\u00eb 44\u00b0C, nd\u00ebrsa shkenc\u00ebtar\u00ebt paralajm\u00ebrojn\u00eb p\u00ebr nj\u00eb \u201ckoktej molotov\u201d kushtesh klimatike q\u00eb po nxit zjarre t\u00eb m\u00ebdha n\u00eb Mesdhe. N\u00eb Itali, ku priten 40\u00b0C n\u00eb Firence, nj\u00eb djal\u00eb 4-vje\u00e7ar n\u00eb Sardenj\u00eb humbi jet\u00ebn nga goditja e t\u00eb nxehtit, nd\u00ebrsa \u00ebsht\u00eb shpallur alarm i kuq n\u00eb shtat\u00eb qytete [&hellip;]<\/p>\n","protected":false,"gt_translate_keys":[{"key":"rendered","format":"html"}]},"author":32,"featured_media":755145,"comment_status":"closed","ping_status":"open","sticky":false,"template":"","format":"standard","meta":{"footnotes":""},"categories":[53],"tags":[],"class_list":["post-755144","post","type-post","status-publish","format-standard","has-post-thumbnail","hentry","category-fast-foodi"],"gt_translate_keys":[{"key":"link","format":"url"}],"_links":{"self":[{"href":"https:\/\/www.hashtag.al\/index.php\/wp-json\/wp\/v2\/posts\/755144","targetHints":{"allow":["GET"]}}],"collection":[{"href":"https:\/\/www.hashtag.al\/index.php\/wp-json\/wp\/v2\/posts"}],"about":[{"href":"https:\/\/www.hashtag.al\/index.php\/wp-json\/wp\/v2\/types\/post"}],"author":[{"embeddable":true,"href":"https:\/\/www.hashtag.al\/index.php\/wp-json\/wp\/v2\/users\/32"}],"replies":[{"embeddable":true,"href":"https:\/\/www.hashtag.al\/index.php\/wp-json\/wp\/v2\/comments?post=755144"}],"version-history":[{"count":99999,"href":"https:\/\/www.hashtag.al\/index.php\/wp-json\/wp\/v2\/posts\/755144\/revisions"}],"predecessor-version":[{"id":755146,"href":"https:\/\/www.hashtag.al\/index.php\/wp-json\/wp\/v2\/posts\/755144\/revisions\/755146"}],"wp:featuredmedia":[{"embeddable":true,"href":"https:\/\/www.hashtag.al\/index.php\/wp-json\/wp\/v2\/media\/755145"}],"wp:attachment":[{"href":"https:\/\/www.hashtag.al\/index.php\/wp-json\/wp\/v2\/media?parent=755144"}],"wp:term":[{"taxonomy":"category","embeddable":true,"href":"https:\/\/www.hashtag.al\/index.php\/wp-json\/wp\/v2\/categories?post=755144"},{"taxonomy":"post_tag","embeddable":true,"href":"https:\/\/www.hashtag.al\/index.php\/wp-json\/wp\/v2\/tags?post=755144"}],"curies":[{"name":"wp","href":"https:\/\/api.w.org\/{rel}","templated":true}]}}