{"id":755142,"date":"2025-08-11T23:38:45","date_gmt":"2025-08-11T21:38:45","guid":{"rendered":"https:\/\/www.hashtag.al\/?p=755142"},"modified":"2025-08-11T23:38:45","modified_gmt":"2025-08-11T21:38:45","slug":"vrasje-me-arme-zjarri-ne-prishtine-policia-ne-kerkim-te-autorit","status":"publish","type":"post","link":"https:\/\/www.hashtag.al\/index.php\/2025\/08\/11\/vrasje-me-arme-zjarri-ne-prishtine-policia-ne-kerkim-te-autorit\/","title":{"rendered":"Vrasje me arm\u00eb zjarri n\u00eb Prishtin\u00eb, policia n\u00eb k\u00ebrkim t\u00eb autorit","gt_translate_keys":[{"key":"rendered","format":"text"}]},"content":{"rendered":"<p data-start=\"62\" data-end=\"130\"><span style=\"color: #000000;\"><img loading=\"lazy\" decoding=\"async\" class=\"size-medium wp-image-737709 aligncenter\" src=\"https:\/\/www.hashtag.al\/wp-content\/uploads\/2025\/04\/skene-krimi-300x169.jpg\" alt=\"\" width=\"300\" height=\"169\" srcset=\"https:\/\/www.hashtag.al\/wp-content\/uploads\/2025\/04\/skene-krimi-300x169.jpg 300w, https:\/\/www.hashtag.al\/wp-content\/uploads\/2025\/04\/skene-krimi.jpg 640w\" sizes=\"auto, (max-width: 300px) 100vw, 300px\" \/><br \/>\nNj\u00eb person ka mbetur i vrar\u00eb mbr\u00ebmjen e s\u00eb h\u00ebn\u00ebs n\u00eb lagjen \u201cHajvali\u201d n\u00eb Prishtin\u00eb. Policia e Kosov\u00ebs ka konfirmuar se ngjarja ndodhi rreth or\u00ebs 22:00, kur u raportua p\u00ebr shkrepje arme.<\/span><\/p>\n<p data-start=\"318\" data-end=\"471\"><span style=\"color: #000000;\">Autoritetet kan\u00eb nisur hetimet p\u00ebr zbardhjen e plot\u00eb t\u00eb rrethanave t\u00eb krimit dhe jan\u00eb n\u00eb k\u00ebrkim t\u00eb autorit, i cili \u00ebsht\u00eb identifikuar tashm\u00eb nga policia.<\/span><\/p>\n","protected":false,"gt_translate_keys":[{"key":"rendered","format":"html"}]},"excerpt":{"rendered":"<p>Nj\u00eb person ka mbetur i vrar\u00eb mbr\u00ebmjen e s\u00eb h\u00ebn\u00ebs n\u00eb lagjen \u201cHajvali\u201d n\u00eb Prishtin\u00eb. Policia e Kosov\u00ebs ka konfirmuar se ngjarja ndodhi rreth or\u00ebs 22:00, kur u raportua p\u00ebr shkrepje arme. Autoritetet kan\u00eb nisur hetimet p\u00ebr zbardhjen e plot\u00eb t\u00eb rrethanave t\u00eb krimit dhe jan\u00eb n\u00eb k\u00ebrkim t\u00eb autorit, i cili \u00ebsht\u00eb identifikuar tashm\u00eb [&hellip;]<\/p>\n","protected":false,"gt_translate_keys":[{"key":"rendered","format":"html"}]},"author":32,"featured_media":737709,"comment_status":"closed","ping_status":"open","sticky":false,"template":"","format":"standard","meta":{"footnotes":""},"categories":[149],"tags":[],"class_list":["post-755142","post","type-post","status-publish","format-standard","has-post-thumbnail","hentry","category-kosoverajon"],"gt_translate_keys":[{"key":"link","format":"url"}],"_links":{"self":[{"href":"https:\/\/www.hashtag.al\/index.php\/wp-json\/wp\/v2\/posts\/755142","targetHints":{"allow":["GET"]}}],"collection":[{"href":"https:\/\/www.hashtag.al\/index.php\/wp-json\/wp\/v2\/posts"}],"about":[{"href":"https:\/\/www.hashtag.al\/index.php\/wp-json\/wp\/v2\/types\/post"}],"author":[{"embeddable":true,"href":"https:\/\/www.hashtag.al\/index.php\/wp-json\/wp\/v2\/users\/32"}],"replies":[{"embeddable":true,"href":"https:\/\/www.hashtag.al\/index.php\/wp-json\/wp\/v2\/comments?post=755142"}],"version-history":[{"count":99999,"href":"https:\/\/www.hashtag.al\/index.php\/wp-json\/wp\/v2\/posts\/755142\/revisions"}],"predecessor-version":[{"id":755143,"href":"https:\/\/www.hashtag.al\/index.php\/wp-json\/wp\/v2\/posts\/755142\/revisions\/755143"}],"wp:featuredmedia":[{"embeddable":true,"href":"https:\/\/www.hashtag.al\/index.php\/wp-json\/wp\/v2\/media\/737709"}],"wp:attachment":[{"href":"https:\/\/www.hashtag.al\/index.php\/wp-json\/wp\/v2\/media?parent=755142"}],"wp:term":[{"taxonomy":"category","embeddable":true,"href":"https:\/\/www.hashtag.al\/index.php\/wp-json\/wp\/v2\/categories?post=755142"},{"taxonomy":"post_tag","embeddable":true,"href":"https:\/\/www.hashtag.al\/index.php\/wp-json\/wp\/v2\/tags?post=755142"}],"curies":[{"name":"wp","href":"https:\/\/api.w.org\/{rel}","templated":true}]}}