{"id":755107,"date":"2025-08-11T18:26:31","date_gmt":"2025-08-11T16:26:31","guid":{"rendered":"https:\/\/www.hashtag.al\/?p=755107"},"modified":"2025-08-11T18:26:31","modified_gmt":"2025-08-11T16:26:31","slug":"trump-vendos-nen-kontroll-federal-policine-e-uashingtonit-dergon-800-trupa-te-gardes-kombetare-ne-kryeqytet","status":"publish","type":"post","link":"https:\/\/www.hashtag.al\/index.php\/2025\/08\/11\/trump-vendos-nen-kontroll-federal-policine-e-uashingtonit-dergon-800-trupa-te-gardes-kombetare-ne-kryeqytet\/","title":{"rendered":"Trump vendos n\u00ebn kontroll federal policin\u00eb e Uashingtonit, d\u00ebrgon 800 trupa t\u00eb Gard\u00ebs Komb\u00ebtare n\u00eb kryeqytet","gt_translate_keys":[{"key":"rendered","format":"text"}]},"content":{"rendered":"<p><span style=\"color: #000000;\"><img loading=\"lazy\" decoding=\"async\" class=\"alignnone size-medium wp-image-755108\" src=\"https:\/\/www.hashtag.al\/wp-content\/uploads\/2025\/08\/Screenshot-2025-08-11-180643-300x214.png\" alt=\"\" width=\"300\" height=\"214\" srcset=\"https:\/\/www.hashtag.al\/wp-content\/uploads\/2025\/08\/Screenshot-2025-08-11-180643-300x214.png 300w, https:\/\/www.hashtag.al\/wp-content\/uploads\/2025\/08\/Screenshot-2025-08-11-180643-768x548.png 768w, https:\/\/www.hashtag.al\/wp-content\/uploads\/2025\/08\/Screenshot-2025-08-11-180643-700x500.png 700w, https:\/\/www.hashtag.al\/wp-content\/uploads\/2025\/08\/Screenshot-2025-08-11-180643.png 787w\" sizes=\"auto, (max-width: 300px) 100vw, 300px\" \/><\/span><\/p>\n<p><span style=\"color: #000000;\">Presidenti i Shteteve t\u00eb Bashkuara, Donald Trump, njoftoi t\u00eb h\u00ebn\u00ebn se do t\u00eb vendos\u00eb 800 trupa t\u00eb Gard\u00ebs Komb\u00ebtare n\u00eb Uashington dhe do ta marr\u00eb n\u00ebn kontroll federal Departamentin e Policis\u00eb Metropolitane, duke e justifikuar veprimin si nj\u00eb mas\u00eb p\u00ebr t\u00eb luftuar nj\u00eb \u201cval\u00eb krimi\u201d n\u00eb kryeqytet, pavar\u00ebsisht se statistikat zyrtare tregojn\u00eb se kriminaliteti i dhunsh\u00ebm n\u00eb vitin 2024 arriti nivelin m\u00eb t\u00eb ul\u00ebt n\u00eb 30 vitet e fundit.<\/span><\/p>\n<p><span style=\"color: #000000;\"><em>&#8220;Po dislokoj Gard\u00ebn Komb\u00ebtare p\u00ebr t\u00eb rivendosur ligjin, rendin dhe sigurin\u00eb publike n\u00eb Uashington, D.C. Kryeqyteti yn\u00eb \u00ebsht\u00eb pushtuar nga banda t\u00eb dhunshme dhe kriminel\u00eb gjakatar\u00eb,&#8221;<\/em> tha Trump n\u00eb Sht\u00ebpin\u00eb e Bardh\u00eb, i shoq\u00ebruar nga Sekretari i Mbrojtjes, Pete Hegseth, dhe Prokurorja e P\u00ebrgjithshme, Pam Bondi, raporton <span style=\"color: #0000ff;\"><a style=\"color: #0000ff;\" href=\"https:\/\/www.reuters.com\/world\/us\/trump-says-he-will-take-control-dc-police-deploy-national-guard-us-capital-2025-08-11\/\">Reuters.<\/a><\/span><\/span><\/p>\n<p><span style=\"color: #000000;\">Ky \u00ebsht\u00eb hapi m\u00eb i fundit n\u00eb p\u00ebrpjekjet e Trump p\u00ebr t\u00eb ushtruar ndikim t\u00eb drejtp\u00ebrdrejt\u00eb mbi qytetet e drejtuara nga demokrat\u00ebt.<\/span><\/p>\n<p><span style=\"color: #000000;\">Ai hodhi posht\u00eb akuzat se po sajon nj\u00eb kriz\u00eb p\u00ebr t\u00eb zgjeruar autoritetin presidencial n\u00eb nj\u00eb qytet me shumic\u00eb demokrate.<\/span><\/p>\n<p><span style=\"color: #000000;\">Qindra oficer\u00eb dhe agjent\u00eb nga mbi nj\u00eb duzin\u00eb agjenci federale, p\u00ebrfshir\u00eb FBI, ICE, DEA dhe ATF, jan\u00eb dislokuar n\u00eb qytet dit\u00ebt e fundit.<\/span><\/p>\n<p><span style=\"color: #000000;\">Trump tha se do t\u00eb p\u00ebrdorte edhe ushtrin\u00eb amerikane \u201cn\u00ebse do t\u00eb ishte e nevojshme\u201d, nd\u00ebrsa Hegseth u shpreh se \u00ebsht\u00eb gati t\u00eb th\u00ebrras\u00eb trupa shtes\u00eb t\u00eb Gard\u00ebs Komb\u00ebtare nga jasht\u00eb Uashingtonit.<\/span><\/p>\n<p><span style=\"color: #000000;\">Bondi do t\u00eb mbik\u00ebqyr\u00eb marrjen n\u00ebn kontroll t\u00eb forc\u00ebs policore.<\/span><\/p>\n<p><span style=\"color: #000000;\">Kryetarja demokrate e bashkis\u00eb, Muriel Bowser, kund\u00ebrshtoi deklaratat e Trump, duke theksuar se qyteti nuk po p\u00ebrjeton rritje t\u00eb kriminalitetit.<\/span><\/p>\n<p><span style=\"color: #000000;\">Sipas t\u00eb dh\u00ebnave zyrtare, kriminaliteti i dhunsh\u00ebm ra me 35% n\u00eb vitin 2024 dhe me 26% n\u00eb shtat\u00eb muajt e par\u00eb t\u00eb 2025-\u00ebs, nd\u00ebrsa kriminaliteti total ra me 7%.<\/span><\/p>\n<p><span style=\"color: #000000;\">Trump e bazoi veprimin n\u00eb nj\u00eb dispozit\u00eb t\u00eb Aktit t\u00eb Vet\u00ebqeverisjes s\u00eb Distriktit t\u00eb Kolumbias, q\u00eb i lejon presidentit t\u00eb marr\u00eb p\u00ebrkoh\u00ebsisht kontrollin e policis\u00eb kur ekzistojn\u00eb \u201ckushte t\u00eb ve\u00e7anta emergjente\u201d.<\/span><\/p>\n<p><span style=\"color: #000000;\">Ai shpalli nj\u00eb <em>\u201cemergjenc\u00eb t\u00eb siguris\u00eb publike\u201d<\/em> n\u00eb qytet.<\/span><\/p>\n<p><span style=\"color: #000000;\">Vendimi vjen nd\u00ebrkoh\u00eb q\u00eb administrata e tij ka ulur me 44% fondet e siguris\u00eb p\u00ebr Rajonin e Kryeqytetit Komb\u00ebtar, q\u00eb p\u00ebrfshin Uashingtonin dhe qytete fqinje n\u00eb Maryland dhe Virxhinia.<\/span><\/p>\n<p><span style=\"color: #000000;\">Trump ka p\u00ebrdorur m\u00eb par\u00eb Gard\u00ebn Komb\u00ebtare n\u00eb situata t\u00eb debatueshme, p\u00ebrfshir\u00eb protestat e vitit 2020 pas vrasjes s\u00eb George Floyd, dhe n\u00eb qershor 2025, kur d\u00ebrgoi 5,000 trupa n\u00eb Los Anxhelos pas protestave mbi bastisjet e imigracionit.<\/span><\/p>\n<p><span style=\"color: #000000;\">Kritik\u00ebt e akuzojn\u00eb se po e p\u00ebrdor \u00e7\u00ebshtjen e krimit n\u00eb qytete si arm\u00eb politike, nj\u00eb strategji q\u00eb ai ka ndjekur q\u00eb nga vitet 1980.<\/span><\/p>\n","protected":false,"gt_translate_keys":[{"key":"rendered","format":"html"}]},"excerpt":{"rendered":"<p>Presidenti i Shteteve t\u00eb Bashkuara, Donald Trump, njoftoi t\u00eb h\u00ebn\u00ebn se do t\u00eb vendos\u00eb 800 trupa t\u00eb Gard\u00ebs Komb\u00ebtare n\u00eb Uashington dhe do ta marr\u00eb n\u00ebn kontroll federal Departamentin e Policis\u00eb Metropolitane, duke e justifikuar veprimin si nj\u00eb mas\u00eb p\u00ebr t\u00eb luftuar nj\u00eb \u201cval\u00eb krimi\u201d n\u00eb kryeqytet, pavar\u00ebsisht se statistikat zyrtare tregojn\u00eb se kriminaliteti i [&hellip;]<\/p>\n","protected":false,"gt_translate_keys":[{"key":"rendered","format":"html"}]},"author":32,"featured_media":755108,"comment_status":"closed","ping_status":"open","sticky":false,"template":"","format":"standard","meta":{"footnotes":""},"categories":[22],"tags":[],"class_list":["post-755107","post","type-post","status-publish","format-standard","has-post-thumbnail","hentry","category-ballina"],"gt_translate_keys":[{"key":"link","format":"url"}],"_links":{"self":[{"href":"https:\/\/www.hashtag.al\/index.php\/wp-json\/wp\/v2\/posts\/755107","targetHints":{"allow":["GET"]}}],"collection":[{"href":"https:\/\/www.hashtag.al\/index.php\/wp-json\/wp\/v2\/posts"}],"about":[{"href":"https:\/\/www.hashtag.al\/index.php\/wp-json\/wp\/v2\/types\/post"}],"author":[{"embeddable":true,"href":"https:\/\/www.hashtag.al\/index.php\/wp-json\/wp\/v2\/users\/32"}],"replies":[{"embeddable":true,"href":"https:\/\/www.hashtag.al\/index.php\/wp-json\/wp\/v2\/comments?post=755107"}],"version-history":[{"count":99999,"href":"https:\/\/www.hashtag.al\/index.php\/wp-json\/wp\/v2\/posts\/755107\/revisions"}],"predecessor-version":[{"id":755109,"href":"https:\/\/www.hashtag.al\/index.php\/wp-json\/wp\/v2\/posts\/755107\/revisions\/755109"}],"wp:featuredmedia":[{"embeddable":true,"href":"https:\/\/www.hashtag.al\/index.php\/wp-json\/wp\/v2\/media\/755108"}],"wp:attachment":[{"href":"https:\/\/www.hashtag.al\/index.php\/wp-json\/wp\/v2\/media?parent=755107"}],"wp:term":[{"taxonomy":"category","embeddable":true,"href":"https:\/\/www.hashtag.al\/index.php\/wp-json\/wp\/v2\/categories?post=755107"},{"taxonomy":"post_tag","embeddable":true,"href":"https:\/\/www.hashtag.al\/index.php\/wp-json\/wp\/v2\/tags?post=755107"}],"curies":[{"name":"wp","href":"https:\/\/api.w.org\/{rel}","templated":true}]}}