{"id":755050,"date":"2025-08-11T12:39:58","date_gmt":"2025-08-11T10:39:58","guid":{"rendered":"https:\/\/www.hashtag.al\/?p=755050"},"modified":"2025-08-11T12:39:58","modified_gmt":"2025-08-11T10:39:58","slug":"arrestohet-nje-41-vjecar-ne-fier-per-zjarrvenie","status":"publish","type":"post","link":"https:\/\/www.hashtag.al\/index.php\/2025\/08\/11\/arrestohet-nje-41-vjecar-ne-fier-per-zjarrvenie\/","title":{"rendered":"Arrestohet nj\u00eb 41-vje\u00e7ar n\u00eb Fier p\u00ebr zjarrv\u00ebnie","gt_translate_keys":[{"key":"rendered","format":"text"}]},"content":{"rendered":"<p style=\"text-align: left;\"><span style=\"color: #000000;\"><img loading=\"lazy\" decoding=\"async\" class=\"aligncenter size-full wp-image-742340\" src=\"https:\/\/www.hashtag.al\/wp-content\/uploads\/2025\/05\/1742484421_policiaetiranes-1.jpg\" alt=\"\" width=\"539\" height=\"305\" srcset=\"https:\/\/www.hashtag.al\/wp-content\/uploads\/2025\/05\/1742484421_policiaetiranes-1.jpg 539w, https:\/\/www.hashtag.al\/wp-content\/uploads\/2025\/05\/1742484421_policiaetiranes-1-300x170.jpg 300w\" sizes=\"auto, (max-width: 539px) 100vw, 539px\" \/><br \/>\nPolicia e Fierit arrestoi dit\u00ebn e sotme nj\u00eb 41-vje\u00e7ar pasi ndezi nj\u00eb zjarr tek ura e fshatit Hoxhar\u00eb e vjet\u00ebr. Si pasoj\u00eb e zjarrit t\u00eb ndezur u dogj nj\u00eb sip\u00ebrfaqe toke me bim\u00eb dhe shkurre.<\/span><\/p>\n<p style=\"text-align: left;\"><span style=\"color: #000000;\"><strong>Njoftimi:<\/strong><\/span><\/p>\n<p style=\"text-align: left;\"><span style=\"color: #000000;\">Fier\/Dogji nj\u00eb sip\u00ebrfaqe toke, me zjarrin q\u00eb ndezi te ura e fshatit Hoxhar\u00eb e Vjet\u00ebr, arrestohet n\u00eb flagranc\u00eb 41-vje\u00e7ari.<\/span><\/p>\n<p style=\"text-align: left;\"><span style=\"color: #000000;\">Si rezultat i veprimeve hetimore t\u00eb kryera p\u00ebr zbardhjen e autor\u00ebsis\u00eb s\u00eb rasteve t\u00eb zjarrv\u00ebnieve dhe arrestimin e p\u00ebrgjegj\u00ebsve, specialist\u00ebt p\u00ebr Hetimin e Krimeve t\u00eb Komisariatit t\u00eb Policis\u00eb Fier vun\u00eb n\u00eb pranga shtetasin J. S., 41 vje\u00e7, banues n\u00eb Mbrostar Ura.<\/span><\/p>\n<p style=\"text-align: left;\"><span style=\"color: #000000;\">Ky shtetas u kap n\u00eb flagranc\u00eb, nga sh\u00ebrbimet e Patrull\u00ebs s\u00eb P\u00ebrgjithshme t\u00eb Komisariatit t\u00eb Policis\u00eb Fier, duke ndezur zjarr te ura e fshatit Hoxhar\u00eb e Vjet\u00ebr. Si pasoj\u00eb e p\u00ebrhapjes s\u00eb flak\u00ebve nga era, u dogj nj\u00eb sip\u00ebrfaqe toke me bim\u00ebsi dhe shkurre.<\/span><\/p>\n<p style=\"text-align: left;\"><span style=\"color: #000000;\">Materialet procedurale iu referuan Prokuroris\u00eb pran\u00eb Gjykat\u00ebs s\u00eb Shkall\u00ebs s\u00eb Par\u00eb t\u00eb Juridiksionit t\u00eb P\u00ebrgjithsh\u00ebm Fier, p\u00ebr veprime t\u00eb m\u00ebtejshme.<\/span><\/p>\n<p style=\"text-align: left;\"><span style=\"color: #000000;\">Drejtoria Vendore e Policis\u00eb Fier apelon p\u00ebr t\u00eb gjith\u00eb qytetar\u00ebt q\u00eb n\u00eb asnj\u00eb rast t\u00eb mos ndezin zjarre, pasi do t\u00eb p\u00ebrballen me ligjin. Gjithashtu, fton qytetar\u00ebt q\u00eb t\u00eb denoncojn\u00eb n\u00eb numrin 112, \u00e7do rast t\u00eb k\u00ebsaj veprimtarie kriminale dhe t\u00eb paligjshm\u00ebrive n\u00eb t\u00ebr\u00ebsi, dhe iu garanton anonimat, reagim t\u00eb shpejt\u00eb dhe t\u00eb paansh\u00ebm.<\/span><\/p>\n","protected":false,"gt_translate_keys":[{"key":"rendered","format":"html"}]},"excerpt":{"rendered":"<p>Policia e Fierit arrestoi dit\u00ebn e sotme nj\u00eb 41-vje\u00e7ar pasi ndezi nj\u00eb zjarr tek ura e fshatit Hoxhar\u00eb e vjet\u00ebr. Si pasoj\u00eb e zjarrit t\u00eb ndezur u dogj nj\u00eb sip\u00ebrfaqe toke me bim\u00eb dhe shkurre. Njoftimi: Fier\/Dogji nj\u00eb sip\u00ebrfaqe toke, me zjarrin q\u00eb ndezi te ura e fshatit Hoxhar\u00eb e Vjet\u00ebr, arrestohet n\u00eb flagranc\u00eb 41-vje\u00e7ari. [&hellip;]<\/p>\n","protected":false,"gt_translate_keys":[{"key":"rendered","format":"html"}]},"author":49,"featured_media":742340,"comment_status":"closed","ping_status":"open","sticky":false,"template":"","format":"standard","meta":{"footnotes":""},"categories":[65],"tags":[],"class_list":["post-755050","post","type-post","status-publish","format-standard","has-post-thumbnail","hentry","category-lajme"],"gt_translate_keys":[{"key":"link","format":"url"}],"_links":{"self":[{"href":"https:\/\/www.hashtag.al\/index.php\/wp-json\/wp\/v2\/posts\/755050","targetHints":{"allow":["GET"]}}],"collection":[{"href":"https:\/\/www.hashtag.al\/index.php\/wp-json\/wp\/v2\/posts"}],"about":[{"href":"https:\/\/www.hashtag.al\/index.php\/wp-json\/wp\/v2\/types\/post"}],"author":[{"embeddable":true,"href":"https:\/\/www.hashtag.al\/index.php\/wp-json\/wp\/v2\/users\/49"}],"replies":[{"embeddable":true,"href":"https:\/\/www.hashtag.al\/index.php\/wp-json\/wp\/v2\/comments?post=755050"}],"version-history":[{"count":99999,"href":"https:\/\/www.hashtag.al\/index.php\/wp-json\/wp\/v2\/posts\/755050\/revisions"}],"predecessor-version":[{"id":755053,"href":"https:\/\/www.hashtag.al\/index.php\/wp-json\/wp\/v2\/posts\/755050\/revisions\/755053"}],"wp:featuredmedia":[{"embeddable":true,"href":"https:\/\/www.hashtag.al\/index.php\/wp-json\/wp\/v2\/media\/742340"}],"wp:attachment":[{"href":"https:\/\/www.hashtag.al\/index.php\/wp-json\/wp\/v2\/media?parent=755050"}],"wp:term":[{"taxonomy":"category","embeddable":true,"href":"https:\/\/www.hashtag.al\/index.php\/wp-json\/wp\/v2\/categories?post=755050"},{"taxonomy":"post_tag","embeddable":true,"href":"https:\/\/www.hashtag.al\/index.php\/wp-json\/wp\/v2\/tags?post=755050"}],"curies":[{"name":"wp","href":"https:\/\/api.w.org\/{rel}","templated":true}]}}