{"id":754878,"date":"2025-08-09T18:25:48","date_gmt":"2025-08-09T16:25:48","guid":{"rendered":"https:\/\/www.hashtag.al\/?p=754878"},"modified":"2025-08-09T18:25:48","modified_gmt":"2025-08-09T16:25:48","slug":"safejournalists-denon-nderprerjen-e-punes-se-mediave-ne-focus-media-group","status":"publish","type":"post","link":"https:\/\/www.hashtag.al\/index.php\/2025\/08\/09\/safejournalists-denon-nderprerjen-e-punes-se-mediave-ne-focus-media-group\/","title":{"rendered":"SafeJournalists d\u00ebnon nd\u00ebrprerjen e pun\u00ebs s\u00eb mediave n\u00eb Focus Media Group","gt_translate_keys":[{"key":"rendered","format":"text"}]},"content":{"rendered":"<p data-start=\"110\" data-end=\"333\"><span style=\"color: #000000;\"><img decoding=\"async\" class=\"aligncenter\" src=\"https:\/\/www.hashtag.al\/wp-content\/uploads\/2025\/08\/WhatsApp-Image-2024-02-01-at-19.19.17-22-600x600.jpg\" \/><\/span><\/p>\n<p data-start=\"110\" data-end=\"333\"><span style=\"color: #000000;\">Rrjeti SafeJournalists shpreh shqet\u00ebsim t\u00eb thell\u00eb p\u00ebr operacionin e policis\u00eb t\u00eb zhvilluar n\u00eb or\u00ebt e para t\u00eb m\u00ebngjesit t\u00eb 9 gushtit 2025 kund\u00ebr Focus Media Group, q\u00eb p\u00ebrfshin News24, BalkanWeb, Panorama dhe Gazeta Shqiptare.<\/span><\/p>\n<p data-start=\"335\" data-end=\"761\"><span style=\"color: #000000;\">Sipas komunikimit zyrtar t\u00eb Focus Media Group, Policia e Shtetit ka rrethuar godin\u00ebn ku ushtrojn\u00eb aktivitetin k\u00ebto media, ka nd\u00ebrprer\u00eb furnizimin me energji elektrike dhe ka l\u00ebn\u00eb News24 pa sinjal transmetimi. Gazetar\u00ebve u \u00ebsht\u00eb penguar hyrja n\u00eb redaksit\u00eb e tyre, duke bllokuar pun\u00ebn e disa redaksive dhe duke privuar publikun nga qasja n\u00eb informacion. Q\u00eb nga ora 10:00, News24 ka vijuar transmetimin p\u00ebrmes kanalit n\u00eb YouTube.<\/span><\/p>\n<p data-start=\"763\" data-end=\"1250\"><span style=\"color: #000000;\">Godina raportohet t\u00eb jet\u00eb objekt i nj\u00eb mosmarr\u00ebveshjeje pron\u00ebsore me kompanin\u00eb shtet\u00ebrore t\u00eb prodhimit t\u00eb arm\u00ebve KAYO, e cila mori pron\u00ebsin\u00eb k\u00ebt\u00eb vit. SafeJournalists kujton se \u00e7do veprim q\u00eb ndikon n\u00eb funksionimin e mediave duhet t\u00eb ndjek\u00eb nj\u00eb proces t\u00eb rregullt ligjor dhe t\u00eb siguroj\u00eb nd\u00ebrhyrje minimale n\u00eb pun\u00ebn e gazetar\u00ebve dhe t\u00eb drejt\u00ebn e publikut p\u00ebr informim. Mediat duhet t\u00eb ken\u00eb koh\u00eb t\u00eb mjaftueshme p\u00ebr t\u2019u zhvendosur n\u00eb ambiente t\u00eb tjera, p\u00ebr t\u00eb garantuar vazhdim\u00ebsin\u00eb e pun\u00ebs.<\/span><\/p>\n<p data-start=\"1252\" data-end=\"1626\"><span style=\"color: #000000;\">Deri m\u00eb tani, nuk ka pasur asnj\u00eb njoftim paraprak, vendim gjykate apo urdh\u00ebr ligjor q\u00eb t\u00eb justifikoj\u00eb nd\u00ebrprerjen e energjis\u00eb dhe bllokad\u00ebn, nd\u00ebrsa operacioni \u00ebsht\u00eb zhvilluar her\u00ebt n\u00eb m\u00ebngjesin e nj\u00eb t\u00eb shtune, kur stafi dhe v\u00ebmendja publike jan\u00eb zakonisht m\u00eb t\u00eb ul\u00ebta. Autoritetet nuk kan\u00eb dh\u00ebn\u00eb deklarata zyrtare mbi baz\u00ebn ligjore, arsyet apo koh\u00ebzgjatjen e k\u00ebtij veprimi.<\/span><\/p>\n<p data-start=\"1628\" data-end=\"1979\"><span style=\"color: #000000;\">SafeJournalists i b\u00ebn thirrje autoriteteve shqiptare t\u00eb heqin menj\u00ebher\u00eb bllokad\u00ebn, t\u00eb rikthejn\u00eb energjin\u00eb dhe t\u00eb sigurojn\u00eb qasje t\u00eb pakufizuar p\u00ebr gazetar\u00ebt n\u00eb vendet e tyre t\u00eb pun\u00ebs, si dhe t\u00eb japin shpjegime publike p\u00ebr baz\u00ebn ligjore t\u00eb k\u00ebtij veprimi. \u00c7do mas\u00eb ndaj mediave duhet t\u00eb b\u00ebhet n\u00eb p\u00ebrputhje t\u00eb plot\u00eb me ligjin dhe me mbik\u00ebqyrje gjyq\u00ebsore.<\/span><\/p>\n<p data-start=\"1981\" data-end=\"2206\"><span style=\"color: #000000;\">SafeJournalists shpreh solidaritet me gazetar\u00ebt dhe punonj\u00ebsit e medias t\u00eb prekur nga kjo situat\u00eb dhe thekson se \u00e7do sulm ndaj gazetar\u00ebve \u00ebsht\u00eb nj\u00eb sulm ndaj demokracis\u00eb, interesit publik dhe t\u00eb drejtave themelore t\u00eb njeriut.<\/span><\/p>\n<p data-start=\"2208\" data-end=\"2281\"><span style=\"color: #000000;\">Prishtin\u00eb \u2013 Shkup \u2013 Sarajev\u00eb \u2013 Zagreb \u2013 Beograd \u2013 Podgoric\u00eb, 9 Gusht 2025<\/span><\/p>\n<p data-start=\"2283\" data-end=\"2294\"><span style=\"color: #000000;\">N\u00eb em\u00ebr t\u00eb:<\/span><\/p>\n<ul data-start=\"2296\" data-end=\"2547\" data-is-last-node=\"\" data-is-only-node=\"\">\n<li data-start=\"2296\" data-end=\"2335\">\n<p data-start=\"2298\" data-end=\"2335\"><span style=\"color: #000000;\">Asociacioni i Gazetar\u00ebve t\u00eb Kosov\u00ebs<\/span><\/p>\n<\/li>\n<li data-start=\"2336\" data-end=\"2374\">\n<p data-start=\"2338\" data-end=\"2374\"><span style=\"color: #000000;\">Shoqata e Gazetar\u00ebve t\u00eb Maqedonis\u00eb<\/span><\/p>\n<\/li>\n<li data-start=\"2375\" data-end=\"2427\">\n<p data-start=\"2377\" data-end=\"2427\"><span style=\"color: #000000;\">Shoqata e Gazetar\u00ebve t\u00eb Bosnj\u00ebs dhe Hercegovin\u00ebs<\/span><\/p>\n<\/li>\n<li data-start=\"2428\" data-end=\"2464\">\n<p data-start=\"2430\" data-end=\"2464\"><span style=\"color: #000000;\">Shoqata e Gazetar\u00ebve t\u00eb Kroacis\u00eb<\/span><\/p>\n<\/li>\n<li data-start=\"2465\" data-end=\"2511\">\n<p data-start=\"2467\" data-end=\"2511\"><span style=\"color: #000000;\">Shoqata e Gazetar\u00ebve t\u00eb Pavarur t\u00eb Serbis\u00eb<\/span><\/p>\n<\/li>\n<li data-start=\"2512\" data-end=\"2547\" data-is-last-node=\"\">\n<p data-start=\"2514\" data-end=\"2547\" data-is-last-node=\"\"><span style=\"color: #000000;\">Sindikata e Mediave e Malit t\u00eb Zi<\/span><\/p>\n<\/li>\n<\/ul>\n","protected":false,"gt_translate_keys":[{"key":"rendered","format":"html"}]},"excerpt":{"rendered":"<p>Rrjeti SafeJournalists shpreh shqet\u00ebsim t\u00eb thell\u00eb p\u00ebr operacionin e policis\u00eb t\u00eb zhvilluar n\u00eb or\u00ebt e para t\u00eb m\u00ebngjesit t\u00eb 9 gushtit 2025 kund\u00ebr Focus Media Group, q\u00eb p\u00ebrfshin News24, BalkanWeb, Panorama dhe Gazeta Shqiptare. Sipas komunikimit zyrtar t\u00eb Focus Media Group, Policia e Shtetit ka rrethuar godin\u00ebn ku ushtrojn\u00eb aktivitetin k\u00ebto media, ka nd\u00ebrprer\u00eb furnizimin [&hellip;]<\/p>\n","protected":false,"gt_translate_keys":[{"key":"rendered","format":"html"}]},"author":32,"featured_media":754879,"comment_status":"closed","ping_status":"open","sticky":false,"template":"","format":"standard","meta":{"footnotes":""},"categories":[65],"tags":[],"class_list":["post-754878","post","type-post","status-publish","format-standard","has-post-thumbnail","hentry","category-lajme"],"gt_translate_keys":[{"key":"link","format":"url"}],"_links":{"self":[{"href":"https:\/\/www.hashtag.al\/index.php\/wp-json\/wp\/v2\/posts\/754878","targetHints":{"allow":["GET"]}}],"collection":[{"href":"https:\/\/www.hashtag.al\/index.php\/wp-json\/wp\/v2\/posts"}],"about":[{"href":"https:\/\/www.hashtag.al\/index.php\/wp-json\/wp\/v2\/types\/post"}],"author":[{"embeddable":true,"href":"https:\/\/www.hashtag.al\/index.php\/wp-json\/wp\/v2\/users\/32"}],"replies":[{"embeddable":true,"href":"https:\/\/www.hashtag.al\/index.php\/wp-json\/wp\/v2\/comments?post=754878"}],"version-history":[{"count":99999,"href":"https:\/\/www.hashtag.al\/index.php\/wp-json\/wp\/v2\/posts\/754878\/revisions"}],"predecessor-version":[{"id":754880,"href":"https:\/\/www.hashtag.al\/index.php\/wp-json\/wp\/v2\/posts\/754878\/revisions\/754880"}],"wp:featuredmedia":[{"embeddable":true,"href":"https:\/\/www.hashtag.al\/index.php\/wp-json\/wp\/v2\/media\/754879"}],"wp:attachment":[{"href":"https:\/\/www.hashtag.al\/index.php\/wp-json\/wp\/v2\/media?parent=754878"}],"wp:term":[{"taxonomy":"category","embeddable":true,"href":"https:\/\/www.hashtag.al\/index.php\/wp-json\/wp\/v2\/categories?post=754878"},{"taxonomy":"post_tag","embeddable":true,"href":"https:\/\/www.hashtag.al\/index.php\/wp-json\/wp\/v2\/tags?post=754878"}],"curies":[{"name":"wp","href":"https:\/\/api.w.org\/{rel}","templated":true}]}}