{"id":754667,"date":"2025-08-07T21:02:04","date_gmt":"2025-08-07T19:02:04","guid":{"rendered":"https:\/\/www.hashtag.al\/?p=754667"},"modified":"2025-08-07T21:02:04","modified_gmt":"2025-08-07T19:02:04","slug":"greqia-thote-se-numri-i-migranteve-ka-rene-qe-nga-pezullimi-i-kerkesave-per-azil","status":"publish","type":"post","link":"https:\/\/www.hashtag.al\/index.php\/2025\/08\/07\/greqia-thote-se-numri-i-migranteve-ka-rene-qe-nga-pezullimi-i-kerkesave-per-azil\/","title":{"rendered":"Greqia thot\u00eb se numri i migrant\u00ebve ka r\u00ebn\u00eb q\u00eb nga pezullimi i k\u00ebrkesave p\u00ebr azil","gt_translate_keys":[{"key":"rendered","format":"text"}]},"content":{"rendered":"<p data-start=\"84\" data-end=\"439\"><span style=\"color: #000000;\"><img decoding=\"async\" class=\"aligncenter\" src=\"https:\/\/www.hashtag.al\/wp-content\/uploads\/2025\/07\/emigrante-ezgif.com-avif-to-jpg-converter-600x600.jpg\" \/><\/span><\/p>\n<p data-start=\"84\" data-end=\"439\"><span style=\"color: #000000;\">Numri i migrant\u00ebve t\u00eb paligjsh\u00ebm q\u00eb mb\u00ebrrijn\u00eb n\u00eb ishullin grek t\u00eb Kret\u00ebs ka r\u00ebn\u00eb ndjesh\u00ebm pas vendimit t\u00eb Qeveris\u00eb greke p\u00ebr t\u00eb pezulluar p\u00ebr tre muaj seancat d\u00ebgjimore p\u00ebr azil \u2013 nj\u00eb mas\u00eb e kontestuar nga grupet p\u00ebr t\u00eb drejtat e njeriut. Ministri i Migracionit, Thanos Plevris, tha m\u00eb 7 gusht se vendimi ka pasur efekt t\u00eb menj\u00ebhersh\u00ebm n\u00eb uljen e fluksit, p\u00ebrcjell <span style=\"color: #0000ff;\"><a style=\"color: #0000ff;\" href=\"https:\/\/www.evropaelire.org\/a\/greqi-migrantet-pezullim-azil-\/33497217.html\">REL<\/a><\/span>.<\/span><\/p>\n<p data-start=\"441\" data-end=\"611\"><span style=\"color: #000000;\">Vet\u00ebm n\u00eb jav\u00ebn e par\u00eb t\u00eb korrikut, Kreta kishte pranuar 2.642 migrant\u00eb, nd\u00ebrsa pas dat\u00ebs 9 korrik \u2013 kur u njoftua pezullimi \u2013 kjo shif\u00ebr ka r\u00ebn\u00eb n\u00eb m\u00eb pak se 900 persona.<\/span><\/p>\n<p data-start=\"613\" data-end=\"788\"><span style=\"color: #000000;\">\u201cMesazhi i qart\u00eb se shteti nuk do t\u00eb jap\u00eb m\u00eb azil p\u00ebr tre muajt e ardhsh\u00ebm dhe se migrant\u00ebt do t\u00eb ndalohen, duket se ka dh\u00ebn\u00eb efekt,\u201d tha Plevris p\u00ebr transmetuesin publik ERT.<\/span><\/p>\n<p data-start=\"790\" data-end=\"1098\"><span style=\"color: #000000;\">Rritja e befasishme e mb\u00ebrritjeve k\u00ebt\u00eb ver\u00eb nga Libia drejt Kret\u00ebs \u2013 nj\u00eb itinerar jo i zakonsh\u00ebm krahasuar me rrug\u00ebn p\u00ebrmes Egjeut \u2013 e gjeti Greqin\u00eb t\u00eb pap\u00ebrgatitur. M\u00eb shum\u00eb se 7.000 migrant\u00eb kan\u00eb zbarkuar n\u00eb Kret\u00eb dhe ishullin e vog\u00ebl Gavdos q\u00eb nga fillimi i vitit, krahasuar me 4.935 n\u00eb gjith\u00eb vitin 2024.<\/span><\/p>\n<p data-start=\"1100\" data-end=\"1497\"><span style=\"color: #000000;\">Situata ka shkaktuar zem\u00ebrim mes banor\u00ebve lokal\u00eb dhe aktor\u00ebve t\u00eb sektorit t\u00eb turizmit, duke rritur trysnin\u00eb ndaj qeveris\u00eb s\u00eb kryeministrit Kyriakos Mitsotakis, i cili vet\u00eb ka prejardhje nga Kreta. N\u00eb vijim t\u00eb pezullimit t\u00eb azilit, qeveria propozoi nj\u00eb ligj t\u00eb ri q\u00eb parashikon ndalimin e migrant\u00ebve p\u00ebr dy vjet n\u00eb rast hyrjeje t\u00eb paligjshme dhe deri n\u00eb pes\u00eb vjet n\u00ebse q\u00ebndrojn\u00eb ilegalisht n\u00eb vend.<\/span><\/p>\n<p data-start=\"1499\" data-end=\"1788\" data-is-last-node=\"\" data-is-only-node=\"\"><span style=\"color: #000000;\">Grupet humanitare dhe agjencit\u00eb p\u00ebr t\u00eb drejtat e migrant\u00ebve e kan\u00eb d\u00ebnuar vendimin si shkelje t\u00eb s\u00eb drejt\u00ebs nd\u00ebrkomb\u00ebtare. UNHCR ka shprehur \u201cshqet\u00ebsim serioz\u201d p\u00ebr masat. Pavar\u00ebsisht kritikave, Ministri Plevris tha se qeveria do t\u00eb synoj\u00eb ta kthej\u00eb k\u00ebt\u00eb mas\u00eb n\u00eb ligj brenda muajit shtator.<\/span><\/p>\n","protected":false,"gt_translate_keys":[{"key":"rendered","format":"html"}]},"excerpt":{"rendered":"<p>Numri i migrant\u00ebve t\u00eb paligjsh\u00ebm q\u00eb mb\u00ebrrijn\u00eb n\u00eb ishullin grek t\u00eb Kret\u00ebs ka r\u00ebn\u00eb ndjesh\u00ebm pas vendimit t\u00eb Qeveris\u00eb greke p\u00ebr t\u00eb pezulluar p\u00ebr tre muaj seancat d\u00ebgjimore p\u00ebr azil \u2013 nj\u00eb mas\u00eb e kontestuar nga grupet p\u00ebr t\u00eb drejtat e njeriut. Ministri i Migracionit, Thanos Plevris, tha m\u00eb 7 gusht se vendimi ka pasur [&hellip;]<\/p>\n","protected":false,"gt_translate_keys":[{"key":"rendered","format":"html"}]},"author":32,"featured_media":751697,"comment_status":"closed","ping_status":"open","sticky":false,"template":"","format":"standard","meta":{"footnotes":""},"categories":[149],"tags":[],"class_list":["post-754667","post","type-post","status-publish","format-standard","has-post-thumbnail","hentry","category-kosoverajon"],"gt_translate_keys":[{"key":"link","format":"url"}],"_links":{"self":[{"href":"https:\/\/www.hashtag.al\/index.php\/wp-json\/wp\/v2\/posts\/754667","targetHints":{"allow":["GET"]}}],"collection":[{"href":"https:\/\/www.hashtag.al\/index.php\/wp-json\/wp\/v2\/posts"}],"about":[{"href":"https:\/\/www.hashtag.al\/index.php\/wp-json\/wp\/v2\/types\/post"}],"author":[{"embeddable":true,"href":"https:\/\/www.hashtag.al\/index.php\/wp-json\/wp\/v2\/users\/32"}],"replies":[{"embeddable":true,"href":"https:\/\/www.hashtag.al\/index.php\/wp-json\/wp\/v2\/comments?post=754667"}],"version-history":[{"count":99999,"href":"https:\/\/www.hashtag.al\/index.php\/wp-json\/wp\/v2\/posts\/754667\/revisions"}],"predecessor-version":[{"id":754668,"href":"https:\/\/www.hashtag.al\/index.php\/wp-json\/wp\/v2\/posts\/754667\/revisions\/754668"}],"wp:featuredmedia":[{"embeddable":true,"href":"https:\/\/www.hashtag.al\/index.php\/wp-json\/wp\/v2\/media\/751697"}],"wp:attachment":[{"href":"https:\/\/www.hashtag.al\/index.php\/wp-json\/wp\/v2\/media?parent=754667"}],"wp:term":[{"taxonomy":"category","embeddable":true,"href":"https:\/\/www.hashtag.al\/index.php\/wp-json\/wp\/v2\/categories?post=754667"},{"taxonomy":"post_tag","embeddable":true,"href":"https:\/\/www.hashtag.al\/index.php\/wp-json\/wp\/v2\/tags?post=754667"}],"curies":[{"name":"wp","href":"https:\/\/api.w.org\/{rel}","templated":true}]}}