{"id":754586,"date":"2025-08-07T10:00:47","date_gmt":"2025-08-07T08:00:47","guid":{"rendered":"https:\/\/www.hashtag.al\/?p=754586"},"modified":"2025-08-07T10:00:47","modified_gmt":"2025-08-07T08:00:47","slug":"arrestohen-5-punonjes-pas-vdekjes-se-nje-minatori-ne-bulqize","status":"publish","type":"post","link":"https:\/\/www.hashtag.al\/index.php\/2025\/08\/07\/arrestohen-5-punonjes-pas-vdekjes-se-nje-minatori-ne-bulqize\/","title":{"rendered":"Arrestohen 5 punonj\u00ebs pas vdekjes s\u00eb nj\u00eb minatori n\u00eb Bulqiz\u00eb","gt_translate_keys":[{"key":"rendered","format":"text"}]},"content":{"rendered":"<p data-start=\"75\" data-end=\"282\"><span style=\"color: #000000;\"><img loading=\"lazy\" decoding=\"async\" class=\"aligncenter size-full wp-image-653198\" src=\"https:\/\/www.hashtag.al\/wp-content\/uploads\/2024\/02\/Viaggio-nelle-miniere-768x432-1.jpg\" alt=\"\" width=\"768\" height=\"432\" srcset=\"https:\/\/www.hashtag.al\/wp-content\/uploads\/2024\/02\/Viaggio-nelle-miniere-768x432-1.jpg 768w, https:\/\/www.hashtag.al\/wp-content\/uploads\/2024\/02\/Viaggio-nelle-miniere-768x432-1-300x169.jpg 300w\" sizes=\"auto, (max-width: 768px) 100vw, 768px\" \/><\/span><\/p>\n<p data-start=\"75\" data-end=\"282\"><span style=\"color: #000000;\">Pes\u00eb punonj\u00ebs t\u00eb stafit teknik t\u00eb nj\u00eb subjekti minerar n\u00eb Bulqiz\u00eb jan\u00eb arrestuar, pasi dyshohet se nuk mor\u00ebn masat e nevojshme p\u00ebr sigurin\u00eb n\u00eb pun\u00eb, \u00e7ka \u00e7oi n\u00eb vdekjen e nj\u00eb 66-vje\u00e7ari gjat\u00eb pun\u00ebs n\u00eb galeri.<\/span><\/p>\n<p data-start=\"284\" data-end=\"642\" data-is-last-node=\"\" data-is-only-node=\"\"><span style=\"color: #000000;\">Ngjarja ndodhi si pasoj\u00eb e rr\u00ebzimit t\u00eb nj\u00eb masivi shk\u00ebmbor brenda n\u00eb minier\u00eb. Sipas hetimeve t\u00eb para, punonj\u00ebsit e arrestuar nuk kishin garantuar kushtet e duhura t\u00eb siguris\u00eb teknike. Ata do t\u00eb hetohen p\u00ebr vepr\u00ebn penale &#8220;Shkelja e rregullave t\u00eb mbrojtjes n\u00eb pun\u00eb&#8221;, me pasoj\u00eb vdekjen.<\/span><\/p>\n<p><span style=\"color: #000000;\"><strong>Njoftimi:<\/strong><\/span><\/p>\n<p><span style=\"color: #000000;\">Bulqiz\u00eb<\/span><\/p>\n<p><span style=\"color: #000000;\">Nuk mor\u00ebn masa p\u00ebr sigurimin e kushteve t\u00eb mbrojtjes n\u00eb subjektin minerar ku humbi jet\u00ebn dje, shtetasi F. V., arrestohen 5 punonj\u00ebs t\u00eb stafit teknik.<\/span><\/p>\n<p><span style=\"color: #000000;\">N\u00eb vijim t\u00eb veprimeve hetimore dhe operacionale t\u00eb kryera me q\u00ebllim zbardhjen e p\u00ebrgjegj\u00ebsive dhe rrethanave, n\u00eb lidhje me ngjarjen e djeshme, t\u00eb ndodhur n\u00eb nj\u00eb subjekt minerar n\u00eb Bulqiz\u00eb, ku humbi jet\u00ebn shtetasi F. V., 66 vje\u00e7, dyshohet se si pasoj\u00eb e r\u00ebnies s\u00eb nj\u00eb masivi shk\u00ebmbor, gjat\u00eb pun\u00ebs n\u00eb galeri, sh\u00ebrbimet e Komisariatit t\u00eb Policis\u00eb Bulqiz\u00eb arrestuan n\u00eb flagranc\u00eb shtetasit Nj. P., 46 vje\u00e7, B. \u00c7., 68 vje\u00e7, F. T., 61 vje\u00e7, E. K., 35 vje\u00e7 dhe E. Xh., 51 vje\u00e7, t\u00eb gjith\u00eb punonj\u00ebs t\u00eb stafit teknik t\u00eb subjektit minerar.<\/span><\/p>\n<p><span style=\"color: #000000;\">Nga hetimet e deritanishme rezulton se k\u00ebta shtetas, me veprimet ose mosveprimet e tyre, nuk kan\u00eb marr\u00eb masat e duhura p\u00ebr garantimin e kushteve t\u00eb sigurimit teknik t\u00eb pun\u00ebs n\u00eb subjektin minerar.<\/span><\/p>\n<p><span style=\"color: #000000;\">Materialet procedurale iu referuan Prokuroris\u00eb s\u00eb Dibr\u00ebs, p\u00ebr veprime t\u00eb m\u00ebtejshme, p\u00ebr vepr\u00ebn penale \u201cShkelja e rregullave t\u00eb mbrojtjes n\u00eb pun\u00eb\u201d, me pasoj\u00eb vdekjen.<\/span><\/p>\n","protected":false,"gt_translate_keys":[{"key":"rendered","format":"html"}]},"excerpt":{"rendered":"<p>Pes\u00eb punonj\u00ebs t\u00eb stafit teknik t\u00eb nj\u00eb subjekti minerar n\u00eb Bulqiz\u00eb jan\u00eb arrestuar, pasi dyshohet se nuk mor\u00ebn masat e nevojshme p\u00ebr sigurin\u00eb n\u00eb pun\u00eb, \u00e7ka \u00e7oi n\u00eb vdekjen e nj\u00eb 66-vje\u00e7ari gjat\u00eb pun\u00ebs n\u00eb galeri. Ngjarja ndodhi si pasoj\u00eb e rr\u00ebzimit t\u00eb nj\u00eb masivi shk\u00ebmbor brenda n\u00eb minier\u00eb. Sipas hetimeve t\u00eb para, punonj\u00ebsit e [&hellip;]<\/p>\n","protected":false,"gt_translate_keys":[{"key":"rendered","format":"html"}]},"author":49,"featured_media":653198,"comment_status":"closed","ping_status":"open","sticky":false,"template":"","format":"standard","meta":{"footnotes":""},"categories":[65],"tags":[],"class_list":["post-754586","post","type-post","status-publish","format-standard","has-post-thumbnail","hentry","category-lajme"],"gt_translate_keys":[{"key":"link","format":"url"}],"_links":{"self":[{"href":"https:\/\/www.hashtag.al\/index.php\/wp-json\/wp\/v2\/posts\/754586","targetHints":{"allow":["GET"]}}],"collection":[{"href":"https:\/\/www.hashtag.al\/index.php\/wp-json\/wp\/v2\/posts"}],"about":[{"href":"https:\/\/www.hashtag.al\/index.php\/wp-json\/wp\/v2\/types\/post"}],"author":[{"embeddable":true,"href":"https:\/\/www.hashtag.al\/index.php\/wp-json\/wp\/v2\/users\/49"}],"replies":[{"embeddable":true,"href":"https:\/\/www.hashtag.al\/index.php\/wp-json\/wp\/v2\/comments?post=754586"}],"version-history":[{"count":99999,"href":"https:\/\/www.hashtag.al\/index.php\/wp-json\/wp\/v2\/posts\/754586\/revisions"}],"predecessor-version":[{"id":754587,"href":"https:\/\/www.hashtag.al\/index.php\/wp-json\/wp\/v2\/posts\/754586\/revisions\/754587"}],"wp:featuredmedia":[{"embeddable":true,"href":"https:\/\/www.hashtag.al\/index.php\/wp-json\/wp\/v2\/media\/653198"}],"wp:attachment":[{"href":"https:\/\/www.hashtag.al\/index.php\/wp-json\/wp\/v2\/media?parent=754586"}],"wp:term":[{"taxonomy":"category","embeddable":true,"href":"https:\/\/www.hashtag.al\/index.php\/wp-json\/wp\/v2\/categories?post=754586"},{"taxonomy":"post_tag","embeddable":true,"href":"https:\/\/www.hashtag.al\/index.php\/wp-json\/wp\/v2\/tags?post=754586"}],"curies":[{"name":"wp","href":"https:\/\/api.w.org\/{rel}","templated":true}]}}