{"id":754532,"date":"2025-08-06T21:17:49","date_gmt":"2025-08-06T19:17:49","guid":{"rendered":"https:\/\/www.hashtag.al\/?p=754532"},"modified":"2025-08-06T21:17:49","modified_gmt":"2025-08-06T19:17:49","slug":"zjarr-masiv-ne-patos-digjen-4-hektare-pyll-me-pisha-ne-gjinoqar","status":"publish","type":"post","link":"https:\/\/www.hashtag.al\/index.php\/2025\/08\/06\/zjarr-masiv-ne-patos-digjen-4-hektare-pyll-me-pisha-ne-gjinoqar\/","title":{"rendered":"Zjarr masiv n\u00eb Patos, digjen 4 hektar\u00eb pyll me pisha n\u00eb Gjinoqar","gt_translate_keys":[{"key":"rendered","format":"text"}]},"content":{"rendered":"<p data-start=\"70\" data-end=\"407\"><span style=\"color: #000000;\"><img decoding=\"async\" class=\"aligncenter\" src=\"https:\/\/www.hashtag.al\/wp-content\/uploads\/2025\/08\/WhatsApp-Image-2024-02-01-at-19.19.17-12.jpg\" \/><\/span><\/p>\n<p data-start=\"70\" data-end=\"407\"><span style=\"color: #000000;\">Rreth 4 hektar\u00eb pyll me pisha jan\u00eb p\u00ebrfshir\u00eb nga flak\u00ebt n\u00eb zon\u00ebn e Gjinoqarit n\u00eb Patos, ku zjarri \u00ebsht\u00eb p\u00ebrhapur me shpejt\u00ebsi brenda pak or\u00ebve. Sipas kryeplakut t\u00eb fshatit, Nuri Gllava, masivi pyjor nuk \u00ebsht\u00eb pastruar prej m\u00eb shum\u00eb se 50 vitesh, gj\u00eb q\u00eb e b\u00ebn t\u00eb pamundur nd\u00ebrhyrjen me mjete zjarrfik\u00ebse n\u00eb pjes\u00ebn m\u00eb t\u00eb madhe t\u00eb terrenit.<\/span><\/p>\n<p data-start=\"409\" data-end=\"672\"><span style=\"color: #000000;\">N\u00eb vendngjarje ndodhen kat\u00ebr mjete zjarrfik\u00ebse, punonj\u00ebs t\u00eb bashkis\u00eb dhe banor\u00eb t\u00eb zon\u00ebs, t\u00eb cil\u00ebt po p\u00ebrpiqen t\u00eb p\u00ebrballojn\u00eb flak\u00ebt me mjete rrethanore. Era e fort\u00eb po p\u00ebrshpejton p\u00ebrhapjen e zjarrit n\u00eb disa drejtime, duke rrezikuar edhe zonat e banuara p\u00ebrreth.<\/span><\/p>\n<p data-start=\"674\" data-end=\"850\"><span style=\"color: #000000;\">Dy automjete zjarrfik\u00ebse do t\u00eb q\u00ebndrojn\u00eb n\u00eb gatishm\u00ebri gjat\u00eb nat\u00ebs p\u00ebr t\u00eb monitoruar situat\u00ebn, nd\u00ebrsa p\u00ebr nes\u00ebr parashikohet nd\u00ebrhyrje nga ajri p\u00ebr t\u00eb v\u00ebn\u00eb n\u00ebn kontroll flak\u00ebt.<\/span><\/p>\n<p data-start=\"852\" data-end=\"1009\" data-is-last-node=\"\" data-is-only-node=\"\"><span style=\"color: #000000;\">Autoritetet lokale kan\u00eb b\u00ebr\u00eb thirrje p\u00ebr nd\u00ebrhyrje urgjente p\u00ebr t\u00eb parandaluar p\u00ebrkeq\u00ebsimin e m\u00ebtejsh\u00ebm t\u00eb situat\u00ebs dhe nj\u00eb katastrof\u00eb t\u00eb mundshme mjedisore.<\/span><\/p>\n","protected":false,"gt_translate_keys":[{"key":"rendered","format":"html"}]},"excerpt":{"rendered":"<p>Rreth 4 hektar\u00eb pyll me pisha jan\u00eb p\u00ebrfshir\u00eb nga flak\u00ebt n\u00eb zon\u00ebn e Gjinoqarit n\u00eb Patos, ku zjarri \u00ebsht\u00eb p\u00ebrhapur me shpejt\u00ebsi brenda pak or\u00ebve. Sipas kryeplakut t\u00eb fshatit, Nuri Gllava, masivi pyjor nuk \u00ebsht\u00eb pastruar prej m\u00eb shum\u00eb se 50 vitesh, gj\u00eb q\u00eb e b\u00ebn t\u00eb pamundur nd\u00ebrhyrjen me mjete zjarrfik\u00ebse n\u00eb pjes\u00ebn m\u00eb [&hellip;]<\/p>\n","protected":false,"gt_translate_keys":[{"key":"rendered","format":"html"}]},"author":32,"featured_media":754533,"comment_status":"closed","ping_status":"open","sticky":false,"template":"","format":"standard","meta":{"footnotes":""},"categories":[65],"tags":[],"class_list":["post-754532","post","type-post","status-publish","format-standard","has-post-thumbnail","hentry","category-lajme"],"gt_translate_keys":[{"key":"link","format":"url"}],"_links":{"self":[{"href":"https:\/\/www.hashtag.al\/index.php\/wp-json\/wp\/v2\/posts\/754532","targetHints":{"allow":["GET"]}}],"collection":[{"href":"https:\/\/www.hashtag.al\/index.php\/wp-json\/wp\/v2\/posts"}],"about":[{"href":"https:\/\/www.hashtag.al\/index.php\/wp-json\/wp\/v2\/types\/post"}],"author":[{"embeddable":true,"href":"https:\/\/www.hashtag.al\/index.php\/wp-json\/wp\/v2\/users\/32"}],"replies":[{"embeddable":true,"href":"https:\/\/www.hashtag.al\/index.php\/wp-json\/wp\/v2\/comments?post=754532"}],"version-history":[{"count":99999,"href":"https:\/\/www.hashtag.al\/index.php\/wp-json\/wp\/v2\/posts\/754532\/revisions"}],"predecessor-version":[{"id":754534,"href":"https:\/\/www.hashtag.al\/index.php\/wp-json\/wp\/v2\/posts\/754532\/revisions\/754534"}],"wp:featuredmedia":[{"embeddable":true,"href":"https:\/\/www.hashtag.al\/index.php\/wp-json\/wp\/v2\/media\/754533"}],"wp:attachment":[{"href":"https:\/\/www.hashtag.al\/index.php\/wp-json\/wp\/v2\/media?parent=754532"}],"wp:term":[{"taxonomy":"category","embeddable":true,"href":"https:\/\/www.hashtag.al\/index.php\/wp-json\/wp\/v2\/categories?post=754532"},{"taxonomy":"post_tag","embeddable":true,"href":"https:\/\/www.hashtag.al\/index.php\/wp-json\/wp\/v2\/tags?post=754532"}],"curies":[{"name":"wp","href":"https:\/\/api.w.org\/{rel}","templated":true}]}}