{"id":754477,"date":"2025-08-06T14:21:58","date_gmt":"2025-08-06T12:21:58","guid":{"rendered":"https:\/\/www.hashtag.al\/?p=754477"},"modified":"2025-08-06T14:21:58","modified_gmt":"2025-08-06T12:21:58","slug":"i-derguari-i-be-per-dialogun-serbi-kosove-peter-sorensen-takohet-ne-prishtine-me-vjosa-osmanin-dhe-albin-kurtin","status":"publish","type":"post","link":"https:\/\/www.hashtag.al\/index.php\/2025\/08\/06\/i-derguari-i-be-per-dialogun-serbi-kosove-peter-sorensen-takohet-ne-prishtine-me-vjosa-osmanin-dhe-albin-kurtin\/","title":{"rendered":"I d\u00ebrguari i BE p\u00ebr dialogun Serbi-Kosov\u00eb, Peter Sorensen takohet n\u00eb Prishtin\u00eb me Vjosa Osmanin dhe Albin Kurtin","gt_translate_keys":[{"key":"rendered","format":"text"}]},"content":{"rendered":"<p><span style=\"color: #000000;\"><img loading=\"lazy\" decoding=\"async\" class=\"alignnone size-medium wp-image-754478\" src=\"https:\/\/www.hashtag.al\/wp-content\/uploads\/2025\/08\/1754479940_petersorensenmevjosaosmanin-300x169.jpg\" alt=\"\" width=\"300\" height=\"169\" srcset=\"https:\/\/www.hashtag.al\/wp-content\/uploads\/2025\/08\/1754479940_petersorensenmevjosaosmanin-300x169.jpg 300w, https:\/\/www.hashtag.al\/wp-content\/uploads\/2025\/08\/1754479940_petersorensenmevjosaosmanin-768x433.jpg 768w, https:\/\/www.hashtag.al\/wp-content\/uploads\/2025\/08\/1754479940_petersorensenmevjosaosmanin.jpg 780w\" sizes=\"auto, (max-width: 300px) 100vw, 300px\" \/><\/span><\/p>\n<p><span style=\"color: #000000;\">I d\u00ebrguari i Bashkimit Evropian p\u00ebr dialogun Kosov\u00eb-Serbi, Peter Sorensen, ndodhet sot n\u00eb Prishtin\u00eb, ku ka takuar krer\u00ebt e lart\u00eb shtet\u00ebror\u00eb.<\/span><\/p>\n<p><span style=\"color: #000000;\">Vizita nisi me nj\u00eb takim me Presidenten e Kosov\u00ebs, Vjosa Osmani dhe m\u00eb pas i d\u00ebrguari i BE-s\u00eb, ka shkuar drejt zyr\u00ebs s\u00eb Kryeministrit n\u00eb detyr\u00eb, Albin Kurti.<\/span><\/p>\n<p><span style=\"color: #000000;\">Vizita e emisarit evropian vjen n\u00eb koh\u00ebn kur Serbia ka paralajm\u00ebruar se nuk mund t\u00eb ket\u00eb dialog me Kosov\u00ebn, pa lirimin e zyrtarit Igor Popovi\u00e7, i arrestuar nga prokuroria speciale, pasi gjat\u00eb nj\u00eb fjalimi n\u00eb Rahovec e kishte quajtur Ushtrin\u00eb \u00c7lirimtare t\u00eb Kosov\u00ebs \u201corganizat\u00eb terroriste\u201d.<\/span><\/p>\n<p><span style=\"color: #000000;\">Kosova dhe Serbia nuk kan\u00eb mbajtur nj\u00eb takim t\u00eb nivelit t\u00eb lart\u00eb p\u00ebr dialog, q\u00eb prej Shtatorit t\u00eb vitit 2023, kur nj\u00eb grup i serb\u00ebve t\u00eb armatosur sulmoi Policin\u00eb e Kosov\u00ebs n\u00eb Banjsk\u00eb t\u00eb Zve\u00e7anit, duke vrar\u00eb nj\u00eb policin Afrim Bunjaku.<\/span><\/p>\n<p><span style=\"color: #000000;\">Kosova p\u00ebr k\u00ebt\u00eb ngjarje faj\u00ebson Serbin\u00eb, por Beogradi mohon se \u00ebsht\u00eb i p\u00ebrfshir\u00eb. Edhe zyrtar\u00ebt e BE-s\u00eb k\u00ebrkojn\u00eb q\u00eb p\u00ebrgjegj\u00ebsit t\u00eb p\u00ebrballen me drejt\u00ebsin\u00eb.<\/span><\/p>\n<p>&nbsp;<\/p>\n","protected":false,"gt_translate_keys":[{"key":"rendered","format":"html"}]},"excerpt":{"rendered":"<p>I d\u00ebrguari i Bashkimit Evropian p\u00ebr dialogun Kosov\u00eb-Serbi, Peter Sorensen, ndodhet sot n\u00eb Prishtin\u00eb, ku ka takuar krer\u00ebt e lart\u00eb shtet\u00ebror\u00eb. Vizita nisi me nj\u00eb takim me Presidenten e Kosov\u00ebs, Vjosa Osmani dhe m\u00eb pas i d\u00ebrguari i BE-s\u00eb, ka shkuar drejt zyr\u00ebs s\u00eb Kryeministrit n\u00eb detyr\u00eb, Albin Kurti. Vizita e emisarit evropian vjen n\u00eb [&hellip;]<\/p>\n","protected":false,"gt_translate_keys":[{"key":"rendered","format":"html"}]},"author":32,"featured_media":754478,"comment_status":"closed","ping_status":"open","sticky":false,"template":"","format":"standard","meta":{"footnotes":""},"categories":[149],"tags":[],"class_list":["post-754477","post","type-post","status-publish","format-standard","has-post-thumbnail","hentry","category-kosoverajon"],"gt_translate_keys":[{"key":"link","format":"url"}],"_links":{"self":[{"href":"https:\/\/www.hashtag.al\/index.php\/wp-json\/wp\/v2\/posts\/754477","targetHints":{"allow":["GET"]}}],"collection":[{"href":"https:\/\/www.hashtag.al\/index.php\/wp-json\/wp\/v2\/posts"}],"about":[{"href":"https:\/\/www.hashtag.al\/index.php\/wp-json\/wp\/v2\/types\/post"}],"author":[{"embeddable":true,"href":"https:\/\/www.hashtag.al\/index.php\/wp-json\/wp\/v2\/users\/32"}],"replies":[{"embeddable":true,"href":"https:\/\/www.hashtag.al\/index.php\/wp-json\/wp\/v2\/comments?post=754477"}],"version-history":[{"count":99999,"href":"https:\/\/www.hashtag.al\/index.php\/wp-json\/wp\/v2\/posts\/754477\/revisions"}],"predecessor-version":[{"id":754479,"href":"https:\/\/www.hashtag.al\/index.php\/wp-json\/wp\/v2\/posts\/754477\/revisions\/754479"}],"wp:featuredmedia":[{"embeddable":true,"href":"https:\/\/www.hashtag.al\/index.php\/wp-json\/wp\/v2\/media\/754478"}],"wp:attachment":[{"href":"https:\/\/www.hashtag.al\/index.php\/wp-json\/wp\/v2\/media?parent=754477"}],"wp:term":[{"taxonomy":"category","embeddable":true,"href":"https:\/\/www.hashtag.al\/index.php\/wp-json\/wp\/v2\/categories?post=754477"},{"taxonomy":"post_tag","embeddable":true,"href":"https:\/\/www.hashtag.al\/index.php\/wp-json\/wp\/v2\/tags?post=754477"}],"curies":[{"name":"wp","href":"https:\/\/api.w.org\/{rel}","templated":true}]}}