{"id":754451,"date":"2025-08-06T10:41:48","date_gmt":"2025-08-06T08:41:48","guid":{"rendered":"https:\/\/www.hashtag.al\/?p=754451"},"modified":"2025-08-06T10:41:48","modified_gmt":"2025-08-06T08:41:48","slug":"pasuria-private-nen-shenjestren-e-drejtesise-penale","status":"publish","type":"post","link":"https:\/\/www.hashtag.al\/index.php\/2025\/08\/06\/pasuria-private-nen-shenjestren-e-drejtesise-penale\/","title":{"rendered":"Pasuria private n\u00ebn sh\u00ebnjestr\u00ebn e drejt\u00ebsis\u00eb penale","gt_translate_keys":[{"key":"rendered","format":"text"}]},"content":{"rendered":"<p><span style=\"color: #000000;\"><strong><img loading=\"lazy\" decoding=\"async\" class=\"aligncenter size-full wp-image-724936\" src=\"https:\/\/www.hashtag.al\/wp-content\/uploads\/2025\/02\/800-0-1732743297xylli-manjani-668.jpg\" alt=\"\" width=\"800\" height=\"526\" srcset=\"https:\/\/www.hashtag.al\/wp-content\/uploads\/2025\/02\/800-0-1732743297xylli-manjani-668.jpg 800w, https:\/\/www.hashtag.al\/wp-content\/uploads\/2025\/02\/800-0-1732743297xylli-manjani-668-300x197.jpg 300w, https:\/\/www.hashtag.al\/wp-content\/uploads\/2025\/02\/800-0-1732743297xylli-manjani-668-768x505.jpg 768w\" sizes=\"auto, (max-width: 800px) 100vw, 800px\" \/><br \/>\nNga Ylli Manjani<\/strong><\/span><\/p>\n<p><span style=\"color: #000000;\">Ngat\u00ebrrimi i drejt\u00ebsis\u00eb penale me marr\u00ebdh\u00ebniet juridiko-civile t\u00eb pron\u00ebs p\u00ebrb\u00ebn nj\u00eb nd\u00ebrhyrje t\u00eb rrezikshme n\u00eb t\u00eb drejt\u00ebn kushtetuese e pron\u00ebs dhe sigurin\u00eb ligjore p\u00ebr t\u00eb.<\/span><\/p>\n<p><span style=\"color: #000000;\">Drejt\u00ebsia penale si pjes\u00eb e t\u00eb drejt\u00ebs publike, duhet t\u00eb synoj\u00eb garancin\u00eb e pron\u00ebs jo pasigurin\u00eb e saj.<\/span><\/p>\n<p><span style=\"color: #000000;\">Dmth drejt\u00ebsia penale siguron q\u00eb ti marr\u00eb pla\u00e7k\u00ebn e vjedhur hajdutit, mashtruesit, grabit\u00ebsit, pastruesit t\u00eb parave q\u00eb jan\u00eb krijuar me krim apo t\u00eb korruptuarit. Po kaq. Dhe k\u00ebt\u00eb e b\u00ebn n\u00eb nj\u00eb pro\u00e7es strikt t\u00eb provuari n\u00eb nj\u00eb sall\u00eb gjyqi.<\/span><\/p>\n<p><span style=\"color: #000000;\">Pra drejt\u00ebsia penale merr pasurin\u00eb q\u00eb vjen nga nj\u00eb vep\u00ebr penale, vep\u00ebr kjo q\u00eb ka patur p\u00ebr q\u00ebllim krijimin e pasuris\u00eb dhe JO \u00c7DO VEP\u00cbR PENALE.<\/span><\/p>\n<p><span style=\"color: #000000;\">N\u00eb fakt, k\u00ebt\u00eb llogjik\u00eb e kemi kompromentuar kur, p\u00ebr internacionaliz\u00ebm idiot, kemi vendosur t\u00eb vetshpallemi shoq\u00ebri mafioze dhe kemi miratuar ligjin antimafia. Ky ligj pas ndryshimeve q\u00eb p\u00ebsoi me rastin e reform\u00ebs, lejon drejt\u00ebsin\u00eb penale t\u00eb marr\u00eb pasurit\u00eb private edhe mbi baz\u00eb indiciesh!!!<\/span><\/p>\n<p><span style=\"color: #000000;\">Kujdes indiciesh, as dyshimesh t\u00eb arsyeshme dmth. Prova jo e jo. As vendime d\u00ebnimi penal nuk k\u00ebrkohet p\u00ebr t\u00eb t\u00eb marr\u00eb pron\u00ebn dhe me nofk\u00ebn publike &#8220;mafioz!!!<\/span><\/p>\n<p><span style=\"color: #000000;\">E kemi b\u00ebr\u00eb k\u00ebr\u00eb kompromis abuziv me lirin\u00eb e pron\u00ebs, ashtu si\u00e7 kemi b\u00ebr\u00eb kompromisin p\u00ebr t\u00eb larguar gjykat\u00ebs e prokuror\u00eb nga sistemi pas nj\u00eb vettingu gjithashtu abuziv, n\u00eb kuptimin pa pro\u00e7es gjyqsor t\u00eb rregullt.<\/span><\/p>\n<p><span style=\"color: #000000;\">Tani projekt kodi i ri penal propozon q\u00eb t\u00eb gjith\u00eb ata q\u00eb kan\u00eb nj\u00eb pron\u00eb n\u00eb Shqip\u00ebri, t\u00eb pranojn\u00eb t\u00eb jetojn\u00eb n\u00eb pjes\u00ebn e mbetur t\u00eb jet\u00ebs n\u00ebn presionin e nj\u00eb vettingu abuziv ligjor e popullor.<\/span><\/p>\n<p><span style=\"color: #000000;\">&#8220;Pasurim i paligjsh\u00ebm&#8221;, \u00ebsht\u00eb neni q\u00eb propozohet.<\/span><\/p>\n<p><span style=\"color: #000000;\">Dhe n\u00ebse \u00ebsht\u00eb &#8220;i ligjsh\u00ebm&#8221; apo jo k\u00ebt\u00eb nuk e paravler\u00ebson nj\u00eb pro\u00e7es gjyqsor, por nj\u00eb polic, inspektor, apo prokuror inat\u00e7or ose protagonist. Nuk po p\u00ebrfshij k\u00ebtu inatet p\u00ebr politik\u00eb&#8230;<\/span><\/p>\n<p><span style=\"color: #000000;\">Shkurt, propozohet q\u00eb \u00e7dokush q\u00eb ka nj\u00eb pasuri duhet t\u00eb ket\u00eb edhe barr\u00ebn t\u00eb provoj\u00eb se kjo pasuri \u00ebsht\u00eb e ligjshme, sa her\u00eb policit\/prokurorit\/inspektorit dhe m\u00eb von\u00eb af\u00ebrmendsh gjykat\u00ebsit, i duket joproprocional pasurimi jot.<\/span><\/p>\n<p><span style=\"color: #000000;\">A mund t\u00eb na thot\u00eb dikush, fjala vjen ata q\u00eb jan\u00eb n\u00eb asistenc\u00eb sociale apo n\u00eb pension sa proporcionale \u00ebsht\u00eb t\u00eb ken\u00eb vila 2 a m\u00eb shum\u00eb kate, madje t\u00eb legalizuara?! Dhe jan\u00eb gati gjysma e popullsis\u00eb q\u00eb jeton k\u00ebtu, n\u00eb k\u00ebt\u00eb gj\u00ebndje&#8230;<\/span><\/p>\n<p><span style=\"color: #000000;\">Padyshim \u00ebsht\u00eb vepra penale m\u00eb sexy p\u00ebr populiz\u00ebm. Ajo ushqen bindsh\u00ebm inatin popullor shqiptar sipas legjend\u00ebs &#8220;merrja lop\u00ebn atij tjetrit&#8221;. Ndaj \u00e7elja e debatit mbi k\u00ebt\u00eb tem\u00eb \u00eb vendos n\u00eb rrisk t\u00eb madh publik.<\/span><\/p>\n<p><span style=\"color: #000000;\">Por, pun\u00eb e madhe! Debati mbetet.<\/span><\/p>\n<p><span style=\"color: #000000;\">A ka t\u00eb drejt\u00eb drejt\u00ebsia penale t\u00eb injoroj\u00eb kotratat e shitblerjes, testamentet, sip\u00ebrmarrjet p\u00ebr shkak se dikujt pa interes juridiko civil k\u00ebto kontrata nuk i duken bind\u00ebse?!<\/span><\/p>\n<p><span style=\"color: #000000;\">Cili \u00ebsht\u00eb interesi i t\u00eb drejt\u00ebs publike (penale n\u00eb k\u00ebt\u00eb rast), t\u00eb krijoj\u00eb sa m\u00eb shum\u00eb individ\u00ebt\u00eb zhveshur nga t\u00eb drejtat dhe garancit\u00eb civile? \u00c7far\u00eb shoq\u00ebrie po nd\u00ebrtojm\u00eb?<\/span><\/p>\n<p><span style=\"color: #000000;\">Po pse duhet t\u00eb blesh e mbash prona n\u00eb shqip\u00ebri n\u00eb k\u00ebto kushte, pra kur mjeti ligjor p\u00ebr fitimin e pron\u00ebsis\u00eb (neni 41 i Kushtetut\u00ebs) u injoroka nga nj\u00eb polic\/prokuror\/inspektor\/af\u00ebrmendsh gjykat\u00ebs?!<\/span><\/p>\n<p><span style=\"color: #000000;\">Apo skan\u00eb dal\u00eb nga vettingu, t\u00eb karikuar gjith mllef tani&#8230; !?<\/span><br \/>\n<span style=\"color: #000000;\">***<\/span><br \/>\n<span style=\"color: #000000;\">Disa thon\u00eb se k\u00ebt\u00eb nen e paska edhe Italia.<\/span><\/p>\n<p><span style=\"color: #000000;\">Tani, nuk preferoj t\u00eb debatoj me asnj\u00eb q\u00eb v\u00eb n\u00eb baz\u00eb t\u00eb arsyetinit llogjik\u00ebn e majmunit.<\/span><\/p>\n<p><span style=\"color: #000000;\">S\u00eb dyti, ligji itslian menaxhon 60 milion\u00eb Italian\u00eb ku \u00e7\u00ebshtjet e pron\u00ebs e t\u00eb pasurimit jan\u00eb sqaruar shekuj m\u00eb par\u00eb.<\/span><\/p>\n<p><span style=\"color: #000000;\">S\u00eb treti, n\u00eb Itali vepron mafia Italiane, e cila ka rregulla paralele me shtetin.<\/span><\/p>\n<p><span style=\"color: #000000;\">S\u00eb kat\u00ebrti, nuk pa nj\u00eb p\u00ebrdorim t\u00eb gjer\u00eb dhe abuziv t\u00eb k\u00ebtyre ligjeve sui generis sepse magistratura Italiane \u00ebsht\u00eb af\u00ebrmendsh e pandikuar.<\/span><br \/>\n<span style=\"color: #000000;\">***<\/span><br \/>\n<span style=\"color: #000000;\">Mbetem i bindur se juridiksioni i drejt\u00ebsis\u00eb penale mbi \u00e7\u00ebshtjet e pasuris\u00eb dhe pron\u00ebs, duhet t\u00eb kthehet n\u00eb origjin\u00eb. Pra t\u00eb merret me pla\u00e7k\u00ebn e vjedhur dhe jo me \u00e7do pasuri.<\/span><\/p>\n<p><span style=\"color: #000000;\">Edhe ligjin antimafia duhet ta intefrojm\u00eb brenda pro\u00e7esit penal, dhe jo pro\u00e7es m\u00eb vete. Mafizoi t\u00eb gjykohet si mafioz, dhe jo shoq\u00ebria t\u00eb prezumohet mafioze dhe, t\u00eb ngarkohet me barr\u00eb prove.!!!<\/span><\/p>\n<p><span style=\"color: #000000;\">Ligjshm\u00ebrin\u00eb e pasuris\u00eb nuk e \u00e7mon juridiksioni penal. P\u00ebrndyshe i shfuqizojm\u00eb t\u00eb gjith\u00eb ligjet e tjera e mbajm\u00eb vet\u00ebm kodin penal.<\/span><\/p>\n<p><span style=\"color: #000000;\">E mbani mend filmin?<\/span><br \/>\n<span style=\"color: #000000;\">&#8220;Ky \u00ebsht\u00eb si Kurani mor qafir&#8221;!<\/span><\/p>\n","protected":false,"gt_translate_keys":[{"key":"rendered","format":"html"}]},"excerpt":{"rendered":"<p>Nga Ylli Manjani Ngat\u00ebrrimi i drejt\u00ebsis\u00eb penale me marr\u00ebdh\u00ebniet juridiko-civile t\u00eb pron\u00ebs p\u00ebrb\u00ebn nj\u00eb nd\u00ebrhyrje t\u00eb rrezikshme n\u00eb t\u00eb drejt\u00ebn kushtetuese e pron\u00ebs dhe sigurin\u00eb ligjore p\u00ebr t\u00eb. Drejt\u00ebsia penale si pjes\u00eb e t\u00eb drejt\u00ebs publike, duhet t\u00eb synoj\u00eb garancin\u00eb e pron\u00ebs jo pasigurin\u00eb e saj. Dmth drejt\u00ebsia penale siguron q\u00eb ti marr\u00eb pla\u00e7k\u00ebn e [&hellip;]<\/p>\n","protected":false,"gt_translate_keys":[{"key":"rendered","format":"html"}]},"author":49,"featured_media":724936,"comment_status":"closed","ping_status":"open","sticky":false,"template":"","format":"standard","meta":{"footnotes":""},"categories":[22],"tags":[],"class_list":["post-754451","post","type-post","status-publish","format-standard","has-post-thumbnail","hentry","category-ballina"],"gt_translate_keys":[{"key":"link","format":"url"}],"_links":{"self":[{"href":"https:\/\/www.hashtag.al\/index.php\/wp-json\/wp\/v2\/posts\/754451","targetHints":{"allow":["GET"]}}],"collection":[{"href":"https:\/\/www.hashtag.al\/index.php\/wp-json\/wp\/v2\/posts"}],"about":[{"href":"https:\/\/www.hashtag.al\/index.php\/wp-json\/wp\/v2\/types\/post"}],"author":[{"embeddable":true,"href":"https:\/\/www.hashtag.al\/index.php\/wp-json\/wp\/v2\/users\/49"}],"replies":[{"embeddable":true,"href":"https:\/\/www.hashtag.al\/index.php\/wp-json\/wp\/v2\/comments?post=754451"}],"version-history":[{"count":99999,"href":"https:\/\/www.hashtag.al\/index.php\/wp-json\/wp\/v2\/posts\/754451\/revisions"}],"predecessor-version":[{"id":754455,"href":"https:\/\/www.hashtag.al\/index.php\/wp-json\/wp\/v2\/posts\/754451\/revisions\/754455"}],"wp:featuredmedia":[{"embeddable":true,"href":"https:\/\/www.hashtag.al\/index.php\/wp-json\/wp\/v2\/media\/724936"}],"wp:attachment":[{"href":"https:\/\/www.hashtag.al\/index.php\/wp-json\/wp\/v2\/media?parent=754451"}],"wp:term":[{"taxonomy":"category","embeddable":true,"href":"https:\/\/www.hashtag.al\/index.php\/wp-json\/wp\/v2\/categories?post=754451"},{"taxonomy":"post_tag","embeddable":true,"href":"https:\/\/www.hashtag.al\/index.php\/wp-json\/wp\/v2\/tags?post=754451"}],"curies":[{"name":"wp","href":"https:\/\/api.w.org\/{rel}","templated":true}]}}