{"id":754439,"date":"2025-08-06T10:23:23","date_gmt":"2025-08-06T08:23:23","guid":{"rendered":"https:\/\/www.hashtag.al\/?p=754439"},"modified":"2025-08-06T10:23:23","modified_gmt":"2025-08-06T08:23:23","slug":"libani-kerkon-plan-ushtarak-per-carmatosjen-e-hezbollahut-deri-ne-fund-te-vitit","status":"publish","type":"post","link":"https:\/\/www.hashtag.al\/index.php\/2025\/08\/06\/libani-kerkon-plan-ushtarak-per-carmatosjen-e-hezbollahut-deri-ne-fund-te-vitit\/","title":{"rendered":"Libani k\u00ebrkon plan ushtarak p\u00ebr \u00e7armatosjen e Hezbollahut deri n\u00eb fund t\u00eb vitit","gt_translate_keys":[{"key":"rendered","format":"text"}]},"content":{"rendered":"<p><span style=\"color: #000000;\"><img loading=\"lazy\" decoding=\"async\" class=\"aligncenter size-full wp-image-754440\" src=\"https:\/\/www.hashtag.al\/wp-content\/uploads\/2025\/08\/Screenshot-2025-08-06-081331.png\" alt=\"\" width=\"854\" height=\"429\" srcset=\"https:\/\/www.hashtag.al\/wp-content\/uploads\/2025\/08\/Screenshot-2025-08-06-081331.png 854w, https:\/\/www.hashtag.al\/wp-content\/uploads\/2025\/08\/Screenshot-2025-08-06-081331-300x151.png 300w, https:\/\/www.hashtag.al\/wp-content\/uploads\/2025\/08\/Screenshot-2025-08-06-081331-768x386.png 768w\" sizes=\"auto, (max-width: 854px) 100vw, 854px\" \/><\/span><\/p>\n<p><span style=\"color: #000000;\">Qeveria e Libanit i ka ngarkuar ushtris\u00eb detyr\u00ebn e hartimit t\u00eb nj\u00eb plani sipas t\u00eb cilit vet\u00ebm institucionet shtet\u00ebrore do t\u00eb ken\u00eb arm\u00eb deri n\u00eb fund t\u00eb vitit.<\/span><\/p>\n<p><span style=\"color: #000000;\">Nj\u00eb veprim i till\u00eb do ta \u00e7armatoste n\u00eb m\u00ebnyr\u00eb efektive\u00a0\u00a0Hezbollahun\u00a0, nj\u00eb parti politike shiite dhe grup militant n\u00eb Liban, t\u00eb mb\u00ebshtetur nga Irani.<\/span><\/p>\n<p><span style=\"color: #000000;\">Vendimi i kabinetit t\u00eb s\u00eb mart\u00ebs vjen pas presionit t\u00eb madh nga\u00a0Shtetet e Bashkuara\u00a0p\u00ebr t\u00eb \u00e7armatosur grupin.<\/span><\/p>\n<p><span style=\"color: #000000;\">Kjo vjen si pjes\u00eb e zbatimit t\u00eb nj\u00eb\u00a0arm\u00ebpushimi t\u00eb n\u00ebntorit 2024 q\u00eb synonte t&#8217;i jepte fund m\u00eb shum\u00eb se nj\u00eb viti armiq\u00ebsish midis Izraelit dhe Hezbollahut\u00a0, p\u00ebrfshir\u00eb dy muaj luft\u00eb t\u00eb p\u00ebrgjithshme.<\/span><\/p>\n<p><span style=\"color: #000000;\">Sipas arm\u00ebpushimit, autoritetet qeveritare libaneze, p\u00ebrfshir\u00eb ushtrin\u00eb dhe sh\u00ebrbimet e siguris\u00eb s\u00eb brendshme, duhet t\u00eb jen\u00eb t\u00eb vetmet forca t\u00eb armatosura\u00a0\u00a0n\u00eb\u00a0Liban\u00a0.<\/span><\/p>\n<p><span style=\"color: #000000;\">Kryeministri Nawaf Salam tha se qeveria &#8220;i ngarkoi ushtris\u00eb libaneze detyr\u00ebn e hartimit t\u00eb nj\u00eb plani zbatimi p\u00ebr t\u00eb kufizuar arm\u00ebt&#8221; p\u00ebr ushtrin\u00eb dhe forcat e tjera shtet\u00ebrore &#8220;para fundit t\u00eb k\u00ebtij viti&#8221;.<\/span><\/p>\n<p><span style=\"color: #000000;\">Plani do t&#8217;i paraqitet kabinetit deri n\u00eb fund t\u00eb gushtit p\u00ebr diskutim dhe miratim, tha Salam n\u00eb nj\u00eb konferenc\u00eb p\u00ebr shtyp pas nj\u00eb seance maraton\u00eb t\u00eb kabinetit q\u00eb zgjati gati gjasht\u00eb or\u00eb.<\/span><\/p>\n<p><span style=\"color: #000000;\"><strong>Pse Hezbollahu ka kaq shum\u00eb arm\u00eb?<\/strong><\/span><\/p>\n<p><span style=\"color: #000000;\">Hezbollahu \u00ebsht\u00eb nj\u00eb parti politike dhe grup militant me seli n\u00eb Liban q\u00eb konsiderohet organizat\u00eb terroriste nga Shtetet e Bashkuara, Gjermania, Mbret\u00ebria e Bashkuar dhe t\u00eb tjer\u00eb.<\/span><\/p>\n<p><span style=\"color: #000000;\">Grupi \u00ebsht\u00eb i vetmi fraksion q\u00eb i mbajti arm\u00ebt e tij pas luft\u00ebs civile n\u00eb Liban 1975-1990, duke e b\u00ebr\u00eb k\u00ebt\u00eb n\u00eb em\u00ebr t\u00eb &#8220;rezistenc\u00ebs&#8221; kund\u00ebr Izraelit, shkruan <a href=\"https:\/\/www.dw.com\/en\/lebanon-wants-army-plan-to-disarm-hezbollah-by-end-of-year\/a-73541699\"><span style=\"color: #0000ff;\"><strong>DW.<\/strong><\/span><\/a><\/span><\/p>\n<p><span style=\"color: #000000;\">P\u00ebr nj\u00eb koh\u00eb t\u00eb gjat\u00eb, ajo ishte forca ushtarake m\u00eb e fort\u00eb e Libanit &#8211; madje m\u00eb e fuqishme se ushtria &#8211; fal\u00eb financimit, trajnimit dhe arm\u00ebve nga\u00a0Irani\u00a0. Shihej si aktori joshtet\u00ebror m\u00eb i armatosur n\u00eb bot\u00eb.<\/span><\/p>\n<p><span style=\"color: #000000;\">Por\u00a0lufta me Izraelin e pa Hezbollahun t\u00eb dob\u00ebsuar r\u00ebnd\u00eb\u00a0, me arsenalin e tij t\u00eb goditur r\u00ebnd\u00eb dhe shum\u00eb nga udh\u00ebheq\u00ebsit e tij politik\u00eb dhe ushtarak\u00eb t\u00eb vdekur.<\/span><\/p>\n<p><span style=\"color: #000000;\"><strong>A do t\u00eb pranoj\u00eb Hezbollahu t\u00eb \u00e7armatoset?<\/strong><\/span><\/p>\n<p><span style=\"color: #000000;\">Udh\u00ebheq\u00ebsi i Hezbollahut, Naim Qassem, tha t\u00eb mart\u00ebn se grupi nuk do t\u00eb \u00e7armatoset nd\u00ebrsa vazhdojn\u00eb sulmet izraelite.<\/span><\/p>\n<p><span style=\"color: #000000;\">&#8220;\u00c7do orar i paraqitur p\u00ebr zbatim n\u00ebn &#8230; agresionin izraelit nuk mund t\u00eb miratohet&#8221;, tha ai, duke folur nd\u00ebrsa mbledhja e kabinetit ishte duke u zhvilluar.<\/span><\/p>\n<p><span style=\"color: #000000;\">&#8220;\u00c7\u00ebshtja \u00ebsht\u00eb b\u00ebr\u00eb e thjesht\u00eb: na jepni arm\u00eb, por jo siguri komb\u00ebtare. Si \u00ebsht\u00eb e mundur kjo? Ne nuk e pranojm\u00eb, sepse e konsiderojm\u00eb veten nj\u00eb komponent themelor t\u00eb Libanit&#8221;, tha Qassem.<\/span><\/p>\n<p><span style=\"color: #000000;\">Hezbollahu ende g\u00ebzon mb\u00ebshtetje t\u00eb konsiderueshme midis komunitetit mysliman shiit t\u00eb Libanit.<\/span><\/p>\n<p><span style=\"color: #000000;\">Por nj\u00eb sondazh nga Barometri Arab, i nd\u00ebrmarr\u00eb n\u00eb fillim t\u00eb vitit 2024, zbuloi se &#8220;pavar\u00ebsisht ndikimit t\u00eb r\u00ebnd\u00ebsish\u00ebm t\u00eb Hezbollahut n\u00eb Liban, relativisht pak libanez\u00eb e mb\u00ebshtesin at\u00eb&#8221;.<\/span><\/p>\n<p><span style=\"color: #000000;\"><strong>Pse Izraeli vazhdon t\u00eb sulmoj\u00eb Libanin?<\/strong><\/span><\/p>\n<p><span style=\"color: #000000;\">P\u00ebr dekada t\u00eb t\u00ebra ka pasur\u00a0\u00a0p\u00ebrplasje nd\u00ebrkufitare midis Hezbollahut dhe Izraelit\u00a0. Lufta e fundit midis t\u00eb dyjave shp\u00ebrtheu n\u00eb tetor 2023 kur Hezbollahu filloi t\u00eb q\u00ebllonte me raketa p\u00ebrtej kufirit drejt Izraelit pas masakrave t\u00eb udh\u00ebhequra nga\u00a0Hamasi\u00a0n\u00eb Izrael m\u00eb 7 tetor 2023.<\/span><\/p>\n<p><span style=\"color: #000000;\">Izraeli ka vazhduar t\u00eb kryej\u00eb sulme ndaj Libanit\u00a0pavar\u00ebsisht arm\u00ebpushimit t\u00eb n\u00ebntorit 2024. Ai thot\u00eb se k\u00ebto jan\u00eb n\u00eb depot e arm\u00ebve dhe luft\u00ebtar\u00ebt e Hezbollahut, dhe akuzon grupin se po p\u00ebrpiqet t\u00eb rind\u00ebrtoj\u00eb aft\u00ebsit\u00eb e tij ushtarake.<\/span><\/p>\n<p><span style=\"color: #000000;\">Izraeli ka k\u00ebrc\u00ebnuar t\u00eb vazhdoj\u00eb sulmet ndaj Libanit derisa grupi t\u00eb \u00e7armatoset.<\/span><\/p>\n","protected":false,"gt_translate_keys":[{"key":"rendered","format":"html"}]},"excerpt":{"rendered":"<p>Qeveria e Libanit i ka ngarkuar ushtris\u00eb detyr\u00ebn e hartimit t\u00eb nj\u00eb plani sipas t\u00eb cilit vet\u00ebm institucionet shtet\u00ebrore do t\u00eb ken\u00eb arm\u00eb deri n\u00eb fund t\u00eb vitit. Nj\u00eb veprim i till\u00eb do ta \u00e7armatoste n\u00eb m\u00ebnyr\u00eb efektive\u00a0\u00a0Hezbollahun\u00a0, nj\u00eb parti politike shiite dhe grup militant n\u00eb Liban, t\u00eb mb\u00ebshtetur nga Irani. Vendimi i kabinetit t\u00eb [&hellip;]<\/p>\n","protected":false,"gt_translate_keys":[{"key":"rendered","format":"html"}]},"author":49,"featured_media":754440,"comment_status":"closed","ping_status":"open","sticky":false,"template":"","format":"standard","meta":{"footnotes":""},"categories":[6],"tags":[],"class_list":["post-754439","post","type-post","status-publish","format-standard","has-post-thumbnail","hentry","category-nderkombetare"],"gt_translate_keys":[{"key":"link","format":"url"}],"_links":{"self":[{"href":"https:\/\/www.hashtag.al\/index.php\/wp-json\/wp\/v2\/posts\/754439","targetHints":{"allow":["GET"]}}],"collection":[{"href":"https:\/\/www.hashtag.al\/index.php\/wp-json\/wp\/v2\/posts"}],"about":[{"href":"https:\/\/www.hashtag.al\/index.php\/wp-json\/wp\/v2\/types\/post"}],"author":[{"embeddable":true,"href":"https:\/\/www.hashtag.al\/index.php\/wp-json\/wp\/v2\/users\/49"}],"replies":[{"embeddable":true,"href":"https:\/\/www.hashtag.al\/index.php\/wp-json\/wp\/v2\/comments?post=754439"}],"version-history":[{"count":99999,"href":"https:\/\/www.hashtag.al\/index.php\/wp-json\/wp\/v2\/posts\/754439\/revisions"}],"predecessor-version":[{"id":754441,"href":"https:\/\/www.hashtag.al\/index.php\/wp-json\/wp\/v2\/posts\/754439\/revisions\/754441"}],"wp:featuredmedia":[{"embeddable":true,"href":"https:\/\/www.hashtag.al\/index.php\/wp-json\/wp\/v2\/media\/754440"}],"wp:attachment":[{"href":"https:\/\/www.hashtag.al\/index.php\/wp-json\/wp\/v2\/media?parent=754439"}],"wp:term":[{"taxonomy":"category","embeddable":true,"href":"https:\/\/www.hashtag.al\/index.php\/wp-json\/wp\/v2\/categories?post=754439"},{"taxonomy":"post_tag","embeddable":true,"href":"https:\/\/www.hashtag.al\/index.php\/wp-json\/wp\/v2\/tags?post=754439"}],"curies":[{"name":"wp","href":"https:\/\/api.w.org\/{rel}","templated":true}]}}