{"id":754356,"date":"2025-08-05T15:25:21","date_gmt":"2025-08-05T13:25:21","guid":{"rendered":"https:\/\/www.hashtag.al\/?p=754356"},"modified":"2025-08-05T15:25:21","modified_gmt":"2025-08-05T13:25:21","slug":"gjenerali-me-i-larte-francez-paralajmeron-rusia-mund-te-sulmoje-brenda-pese-vitesh","status":"publish","type":"post","link":"https:\/\/www.hashtag.al\/index.php\/2025\/08\/05\/gjenerali-me-i-larte-francez-paralajmeron-rusia-mund-te-sulmoje-brenda-pese-vitesh\/","title":{"rendered":"Gjenerali m\u00eb i lart\u00eb francez paralajm\u00ebron: Rusia mund t\u00eb sulmoj\u00eb brenda pes\u00eb vitesh","gt_translate_keys":[{"key":"rendered","format":"text"}]},"content":{"rendered":"<p><span style=\"color: #000000;\"><img loading=\"lazy\" decoding=\"async\" class=\"alignnone size-medium wp-image-754357\" src=\"https:\/\/www.hashtag.al\/wp-content\/uploads\/2025\/08\/Screenshot-2025-08-05-152328-300x184.png\" alt=\"\" width=\"300\" height=\"184\" srcset=\"https:\/\/www.hashtag.al\/wp-content\/uploads\/2025\/08\/Screenshot-2025-08-05-152328-300x184.png 300w, https:\/\/www.hashtag.al\/wp-content\/uploads\/2025\/08\/Screenshot-2025-08-05-152328-1024x627.png 1024w, https:\/\/www.hashtag.al\/wp-content\/uploads\/2025\/08\/Screenshot-2025-08-05-152328-768x471.png 768w, https:\/\/www.hashtag.al\/wp-content\/uploads\/2025\/08\/Screenshot-2025-08-05-152328.png 1056w\" sizes=\"auto, (max-width: 300px) 100vw, 300px\" \/><\/span><\/p>\n<p><span style=\"color: #000000;\">Thierry Burkhard, shefi n\u00eb largim i Forcave t\u00eb Armatosura, thot\u00eb se Europa ka shum\u00eb pun\u00eb p\u00ebr t\u00eb b\u00ebr\u00eb, pasi Rusia po armatoset me nj\u00eb rit\u00ebm t\u00eb till\u00eb q\u00eb, sipas gjeneralit Thierry Burkhard, mund t\u00eb p\u00ebrb\u00ebj\u00eb nj\u00eb \u201ck\u00ebrc\u00ebnim real\u201d p\u00ebr Europ\u00ebn brenda pes\u00eb vitesh.<\/span><\/p>\n<p><span style=\"color: #000000;\">Kjo \u00ebsht\u00eb nd\u00ebr vler\u00ebsimet m\u00eb pesimiste n\u00eb mesin e koleg\u00ebve t\u00eb tij n\u00eb fush\u00ebn ushtarake dhe t\u00eb inteligjenc\u00ebs.<\/span><\/p>\n<p><span style=\"color: #000000;\">Deri n\u00eb vitin 2030, thot\u00eb ai p\u00ebr The Economist, <em>\u201cRusia do t\u00eb ket\u00eb s\u00ebrish kapacitetin p\u00ebr t\u00eb paraqitur nj\u00eb k\u00ebrc\u00ebnim ushtarak ndaj vendeve per\u00ebndimore, dhe sidomos atyre europiane.\u201d<\/em><\/span><\/p>\n<p><span style=\"color: #000000;\">Pas kat\u00ebr vitesh n\u00eb krye t\u00eb ushtris\u00eb franceze, gjenerali Burkhard do t\u00eb largohet nga detyra m\u00eb 1 shtator.<\/span><\/p>\n<p><span style=\"color: #000000;\">N\u00eb vitin 2021, p\u00ebrpara se Rusia t\u00eb pushtonte Ukrain\u00ebn, ai paralajm\u00ebroi n\u00eb t\u00eb nj\u00ebjt\u00ebn gazet\u00eb se Europa duhej t\u00eb p\u00ebrgatitej p\u00ebr nj\u00eb luft\u00eb me intensitet t\u00eb lart\u00eb.<\/span><\/p>\n<p><span style=\"color: #000000;\">Sot, ai ngre alarmin se p\u00ebrvoja luftarake e Rusis\u00eb, masa e saj e madhe dhe aft\u00ebsia p\u00ebr t\u00eb duruar e b\u00ebjn\u00eb at\u00eb jasht\u00ebzakonisht t\u00eb rrezikshme: n\u00eb nj\u00eb konflikt t\u00eb mundsh\u00ebm, populli rus do t\u00eb p\u00ebrballonte \u201cpes\u00eb minuta m\u00eb shum\u00eb se ne\u201d.<\/span><\/p>\n<p><span style=\"color: #000000;\">Megjithat\u00eb, ka edhe arsye p\u00ebr optimiz\u00ebm. Sipas gjeneralit Burkhard, ushtria amerikane nuk do t\u00eb largohet nga Europa, edhe pse mund t\u00eb reduktoj\u00eb pranin\u00eb e saj.<\/span><\/p>\n<p><span style=\"color: #000000;\">Ai p\u00ebrmend gjithashtu forcimin e lidhjeve dypal\u00ebshe, ve\u00e7an\u00ebrisht mes Britanis\u00eb, Franc\u00ebs dhe Gjermanis\u00eb, drejtuesit e t\u00eb cilave jan\u00eb takuar koh\u00ebt e fundit, si nj\u00eb vizion konkret p\u00ebr t\u00eb ardhmen e \u201cshtyll\u00ebs europiane t\u00eb NATO-s\u201d.<\/span><\/p>\n<p><span style=\"color: #000000;\">N\u00eb vitet e fundit, aleat\u00ebt e NATO-s kan\u00eb filluar t\u00eb artikulojn\u00eb plane konkrete p\u00ebr mbrojtjen rajonale: \u00e7far\u00eb forcash duhen, kush do t\u2019i ofroj\u00eb dhe ku do t\u00eb p\u00ebrballen.<\/span><\/p>\n<p><span style=\"color: #000000;\">Megjithat\u00eb, pothuajse asnj\u00eb nga aleat\u00ebt europian\u00eb nuk i p\u00ebrmbush k\u00ebto objektiva. Dhe nj\u00eb t\u00ebrheqje e mundshme e SHBA-ve vet\u00ebm do ta thellonte hendekun.<\/span><\/p>\n<p><span style=\"color: #000000;\">Disa, paralajm\u00ebron ai, mund ta p\u00ebrdorin k\u00ebt\u00eb si justifikim p\u00ebr t\u00eb th\u00ebn\u00eb se \u201cn\u00ebse nuk i kemi t\u00eb gjitha k\u00ebto [pajisje], nuk jemi n\u00eb gjendje t\u00eb veprojm\u00eb\u201d.<\/span><\/p>\n<p><span style=\"color: #000000;\">Europa, sipas tij, nuk mund ta kopjoj\u00eb qasjen \u201cindustriale dhe mekanike\u201d t\u00eb Amerik\u00ebs ndaj luft\u00ebs \u2014 e cila synon t\u00eb tejkaloj\u00eb kund\u00ebrshtarin p\u00ebr t\u00eb ulur rrezikun n\u00eb minimum.<\/span><\/p>\n<p><span style=\"color: #000000;\">Ushtrit\u00eb europiane do t\u00eb duhet t\u00eb b\u00ebjn\u00eb m\u00eb shum\u00eb me m\u00eb pak, \u201c<em>duke marr\u00eb m\u00eb shum\u00eb rreziqe, duke qen\u00eb m\u00eb t\u00eb l\u00ebvizshme\u201d. <\/em><\/span><\/p>\n<p><span style=\"color: #000000;\">N\u00eb rast se oficer\u00ebt amerikan\u00eb largohen nga selia e NATO-s, nuk \u00ebsht\u00eb e domosdoshme t\u00eb z\u00ebvend\u00ebsohen nj\u00eb p\u00ebr nj\u00eb. Europian\u00ebt mund t\u00eb \u201c<em>gjejn\u00eb m\u00ebnyra p\u00ebr t\u00eb krijuar nj\u00eb struktur\u00eb t\u00eb re komanduese me oficer\u00ebt q\u00eb u kan\u00eb mbetur\u201d.<\/em><\/span><\/p>\n<p><span style=\"color: #000000;\">Forcat e armatosura europiane duhet gjithashtu t\u00eb p\u00ebrshtaten me ndryshimet n\u00eb natyr\u00ebn e luft\u00ebs.<\/span><\/p>\n<p><span style=\"color: #000000;\">Fush\u00ebbetejat n\u00eb Ukrain\u00eb jan\u00eb m\u00eb transparente se kurr\u00eb m\u00eb par\u00eb: luft\u00ebtar\u00ebt mund t\u00eb \u201cshohin pas \u00e7do shkurre\u201d.<\/span><\/p>\n<p><span style=\"color: #000000;\">Nga kjo ai nxjerr dy m\u00ebsime. I pari ka t\u00eb b\u00ebj\u00eb me ekonomin\u00eb e vrasjes.<\/span><\/p>\n<p><span style=\"color: #000000;\">Arm\u00ebt me teknologji t\u00eb lart\u00eb mbeten t\u00eb domosdoshme, nd\u00ebrkoh\u00eb Franca n\u00eb korrik njoftoi rifillimin e prodhimit t\u00eb raketave kruz SCALP pas nj\u00eb nd\u00ebrprerjeje 15-vje\u00e7are, por municionet e lira jan\u00eb po aq t\u00eb nevojshme p\u00ebr t\u00eb lodhur armikun.<\/span><\/p>\n<p><span style=\"color: #000000;\"><em>\u201cNa duhen Ferrar\u00ebt her\u00eb pas here<\/em>,\u201d thot\u00eb ai. \u201c<em>Por nuk fitohet lufta me Ferrar\u00eb.\u201d<\/em><\/span><\/p>\n<p><span style=\"color: #000000;\">M\u00ebsimi i dyt\u00eb \u00ebsht\u00eb se taktikat dhe organizimi jan\u00eb po aq t\u00eb r\u00ebnd\u00ebsish\u00ebm sa teknologjia. N\u00eb vitin 1940, t\u00eb gjitha ushtrit\u00eb europiane kishin tanke, artileri dhe avion\u00eb, por ishte Gjermania ajo q\u00eb i integroi ato n\u00eb m\u00ebnyr\u00eb efikase.<\/span><\/p>\n<p><span style=\"color: #000000;\"><em>\u201cSot t\u00eb gjith\u00eb kan\u00eb dron\u00eb,\u201d<\/em> thot\u00eb ai. Fitorja do t\u2019i takoj\u00eb atyre ushtrive q\u00eb i nd\u00ebrthurin k\u00ebto mjete n\u00eb tok\u00eb, aj\u00ebr dhe det.<\/span><\/p>\n<p><span style=\"color: #000000;\">Pastaj vjen \u00e7\u00ebshtja e parandalimit b\u00ebrthamor.<\/span><\/p>\n<p><span style=\"color: #000000;\">Presidenti Emmanuel Macron deklaroi m\u00eb her\u00ebt k\u00ebt\u00eb vit se d\u00ebshiron t\u00eb diskutoj\u00eb me aleat\u00ebt europian\u00eb p\u00ebr \u201cmbrojtjen q\u00eb ofron forca jon\u00eb parandaluese\u201d.<\/span><\/p>\n<p><span style=\"color: #000000;\">M\u00eb 10 korrik, Franca dhe Britania, dy fuqit\u00eb b\u00ebrthamore t\u00eb Europ\u00ebs, ran\u00eb dakord t\u00eb thellojn\u00eb bashk\u00ebpunimin, duke deklaruar se \u00e7do \u201ck\u00ebrc\u00ebnim ekstrem ndaj Europ\u00ebs\u201d do t\u00eb provokonte nj\u00eb p\u00ebrgjigje t\u00eb p\u00ebrbashk\u00ebt.<\/span><\/p>\n<p><span style=\"color: #000000;\">Forcat b\u00ebrthamore t\u00eb t\u00eb dy vendeve do t\u00eb mbeten t\u00eb pavarura. Ka tashm\u00eb mekanizma p\u00ebr t\u00eb \u201cdekonfliktuar\u201d patrullimet e n\u00ebndet\u00ebseve t\u00eb tyre, thot\u00eb gjenerali Burkhard. Por perspektiva e nj\u00eb goditjeje b\u00ebrthamore t\u00eb p\u00ebrbashk\u00ebt k\u00ebrkon nj\u00eb nivel t\u00eb ri planifikimi.<\/span><\/p>\n<p><span style=\"color: #000000;\">Ndryshe nga forca britanike, ajo franceze nuk \u00ebsht\u00eb e lidhur me NATO-n. T\u00eb dy vendet po krijojn\u00eb nj\u00eb grup t\u00eb p\u00ebrbashk\u00ebt drejtues p\u00ebr \u00e7\u00ebshtjet b\u00ebrthamore.<\/span><\/p>\n<p><span style=\"color: #000000;\">Asnj\u00eb gjeneral nuk do t\u00eb tregonte publikisht se si do t\u00eb reagonin n\u00eb \u00e7do skenar t\u00eb mundsh\u00ebm; thelbi, thot\u00eb ai, \u00ebsht\u00eb \u201cq\u00eb kur ndodh nj\u00eb kriz\u00eb\u2026 t\u00eb shoh\u00ebsh cilat jan\u00eb k\u00ebrc\u00ebnimet dhe p\u00ebr \u00e7far\u00eb duhet t\u00eb jesh i p\u00ebrgatitur\u201d.<\/span><\/p>\n<p><span style=\"color: #000000;\">Gjermania dhe aleat\u00eb t\u00eb tjer\u00eb europian\u00eb po pyesin \u00e7far\u00eb do t\u00eb thot\u00eb gjith\u00eb kjo p\u00ebr ta. M\u00eb 13 korrik, z. Macron i k\u00ebrkoi gjeneralit Burkhard dhe ministrit t\u00eb mbrojtjes, S\u00e9bastien Lecornu, t\u00eb nisin nj\u00eb dialog strategjik me partner\u00ebt europian\u00eb p\u00ebr rolin e parandalimit francez.<\/span><\/p>\n<p><span style=\"color: #000000;\"><em>\u201cFranca nuk mund t\u00eb luftoj\u00eb e vetme kund\u00ebr Rusis\u00eb,\u201d<\/em> thot\u00eb gjenerali. N\u00ebse ndonj\u00ebher\u00eb ajo k\u00ebrc\u00ebnohet nga Rusia, <em>\u201cnuk do t\u00eb jet\u00eb \u00e7\u00ebshtje arm\u00ebsh konvencionale, por \u00e7\u00ebshtje e parandalimit b\u00ebrthamor\u201d.<\/em><\/span><\/p>\n<p><span style=\"color: #000000;\"><span style=\"color: #ff0000;\">VINI RE<\/span>: Ky material \u00ebsht\u00eb pron\u00ebsi intelektuale e <span style=\"color: #0000ff;\"><a style=\"color: #0000ff;\" href=\"https:\/\/www.economist.com\/europe\/2025\/07\/31\/frances-top-general-says-russia-could-attack-in-five-years?utm_content=ed-picks-image-link-1&amp;etear=nl_today_1&amp;utm_campaign=r.the-economist-today&amp;utm_medium=email.internal-newsletter.np&amp;utm_source=salesforce-marketing-cloud&amp;utm_term=8\/4\/2025&amp;utm_id=2098844\">The Economist<\/a><\/span><\/span><\/p>\n","protected":false,"gt_translate_keys":[{"key":"rendered","format":"html"}]},"excerpt":{"rendered":"<p>Thierry Burkhard, shefi n\u00eb largim i Forcave t\u00eb Armatosura, thot\u00eb se Europa ka shum\u00eb pun\u00eb p\u00ebr t\u00eb b\u00ebr\u00eb, pasi Rusia po armatoset me nj\u00eb rit\u00ebm t\u00eb till\u00eb q\u00eb, sipas gjeneralit Thierry Burkhard, mund t\u00eb p\u00ebrb\u00ebj\u00eb nj\u00eb \u201ck\u00ebrc\u00ebnim real\u201d p\u00ebr Europ\u00ebn brenda pes\u00eb vitesh. Kjo \u00ebsht\u00eb nd\u00ebr vler\u00ebsimet m\u00eb pesimiste n\u00eb mesin e koleg\u00ebve t\u00eb tij [&hellip;]<\/p>\n","protected":false,"gt_translate_keys":[{"key":"rendered","format":"html"}]},"author":32,"featured_media":754357,"comment_status":"closed","ping_status":"open","sticky":false,"template":"","format":"standard","meta":{"footnotes":""},"categories":[22],"tags":[],"class_list":["post-754356","post","type-post","status-publish","format-standard","has-post-thumbnail","hentry","category-ballina"],"gt_translate_keys":[{"key":"link","format":"url"}],"_links":{"self":[{"href":"https:\/\/www.hashtag.al\/index.php\/wp-json\/wp\/v2\/posts\/754356","targetHints":{"allow":["GET"]}}],"collection":[{"href":"https:\/\/www.hashtag.al\/index.php\/wp-json\/wp\/v2\/posts"}],"about":[{"href":"https:\/\/www.hashtag.al\/index.php\/wp-json\/wp\/v2\/types\/post"}],"author":[{"embeddable":true,"href":"https:\/\/www.hashtag.al\/index.php\/wp-json\/wp\/v2\/users\/32"}],"replies":[{"embeddable":true,"href":"https:\/\/www.hashtag.al\/index.php\/wp-json\/wp\/v2\/comments?post=754356"}],"version-history":[{"count":99999,"href":"https:\/\/www.hashtag.al\/index.php\/wp-json\/wp\/v2\/posts\/754356\/revisions"}],"predecessor-version":[{"id":754358,"href":"https:\/\/www.hashtag.al\/index.php\/wp-json\/wp\/v2\/posts\/754356\/revisions\/754358"}],"wp:featuredmedia":[{"embeddable":true,"href":"https:\/\/www.hashtag.al\/index.php\/wp-json\/wp\/v2\/media\/754357"}],"wp:attachment":[{"href":"https:\/\/www.hashtag.al\/index.php\/wp-json\/wp\/v2\/media?parent=754356"}],"wp:term":[{"taxonomy":"category","embeddable":true,"href":"https:\/\/www.hashtag.al\/index.php\/wp-json\/wp\/v2\/categories?post=754356"},{"taxonomy":"post_tag","embeddable":true,"href":"https:\/\/www.hashtag.al\/index.php\/wp-json\/wp\/v2\/tags?post=754356"}],"curies":[{"name":"wp","href":"https:\/\/api.w.org\/{rel}","templated":true}]}}