{"id":754339,"date":"2025-08-05T14:10:17","date_gmt":"2025-08-05T12:10:17","guid":{"rendered":"https:\/\/www.hashtag.al\/?p=754339"},"modified":"2025-08-05T14:10:17","modified_gmt":"2025-08-05T12:10:17","slug":"zjarr-ne-fshatin-gryksh-te-peqinit-banoret-dhe-zjarrfikesit-ne-lufte-me-flaket","status":"publish","type":"post","link":"https:\/\/www.hashtag.al\/index.php\/2025\/08\/05\/zjarr-ne-fshatin-gryksh-te-peqinit-banoret-dhe-zjarrfikesit-ne-lufte-me-flaket\/","title":{"rendered":"Zjarr n\u00eb fshatin Gryksh t\u00eb Peqinit, banor\u00ebt dhe zjarrfik\u00ebsit n\u00eb \u2018luft\u00eb\u2019 me flak\u00ebt","gt_translate_keys":[{"key":"rendered","format":"text"}]},"content":{"rendered":"<p><span style=\"color: #000000;\"><img loading=\"lazy\" decoding=\"async\" class=\"alignnone size-medium wp-image-754340\" src=\"https:\/\/www.hashtag.al\/wp-content\/uploads\/2025\/08\/Screenshot-2025-08-05-140902-300x115.png\" alt=\"\" width=\"300\" height=\"115\" srcset=\"https:\/\/www.hashtag.al\/wp-content\/uploads\/2025\/08\/Screenshot-2025-08-05-140902-300x115.png 300w, https:\/\/www.hashtag.al\/wp-content\/uploads\/2025\/08\/Screenshot-2025-08-05-140902-768x295.png 768w, https:\/\/www.hashtag.al\/wp-content\/uploads\/2025\/08\/Screenshot-2025-08-05-140902.png 1022w\" sizes=\"auto, (max-width: 300px) 100vw, 300px\" \/><\/span><\/p>\n<p><span style=\"color: #000000;\">Peqin &#8211; Nj\u00eb zjarr ka r\u00ebn\u00eb sot n\u00eb fshatin Gryksh t\u00eb Peqinit. Flak\u00ebt kan\u00eb p\u00ebrfshir\u00eb nj\u00eb sip\u00ebrfaqe t\u00eb konsiderueshme me shkurre dhe ullinj.<\/span><\/p>\n<p><span style=\"color: #000000;\">N\u00eb vendngjarje jan\u00eb banor\u00eb t\u00eb zon\u00ebs dhe forcat zjarrfik\u00ebse po punojn\u00eb intensivisht p\u00ebr fikjen e zjarrit.<\/span><\/p>\n<p><span style=\"color: #000000;\">Megjithat\u00eb, terreni i thyer dhe i v\u00ebshtir\u00eb p\u00ebr t\u2019u aksesuar, s\u00eb bashku me kushtet e that\u00ebsis\u00eb s\u00eb motit dhe er\u00ebn e fort\u00eb, po favorizojn\u00eb p\u00ebrhapjen e flak\u00ebve.<\/span><\/p>\n","protected":false,"gt_translate_keys":[{"key":"rendered","format":"html"}]},"excerpt":{"rendered":"<p>Peqin &#8211; Nj\u00eb zjarr ka r\u00ebn\u00eb sot n\u00eb fshatin Gryksh t\u00eb Peqinit. Flak\u00ebt kan\u00eb p\u00ebrfshir\u00eb nj\u00eb sip\u00ebrfaqe t\u00eb konsiderueshme me shkurre dhe ullinj. N\u00eb vendngjarje jan\u00eb banor\u00eb t\u00eb zon\u00ebs dhe forcat zjarrfik\u00ebse po punojn\u00eb intensivisht p\u00ebr fikjen e zjarrit. Megjithat\u00eb, terreni i thyer dhe i v\u00ebshtir\u00eb p\u00ebr t\u2019u aksesuar, s\u00eb bashku me kushtet e that\u00ebsis\u00eb [&hellip;]<\/p>\n","protected":false,"gt_translate_keys":[{"key":"rendered","format":"html"}]},"author":32,"featured_media":754340,"comment_status":"closed","ping_status":"open","sticky":false,"template":"","format":"standard","meta":{"footnotes":""},"categories":[65],"tags":[],"class_list":["post-754339","post","type-post","status-publish","format-standard","has-post-thumbnail","hentry","category-lajme"],"gt_translate_keys":[{"key":"link","format":"url"}],"_links":{"self":[{"href":"https:\/\/www.hashtag.al\/index.php\/wp-json\/wp\/v2\/posts\/754339","targetHints":{"allow":["GET"]}}],"collection":[{"href":"https:\/\/www.hashtag.al\/index.php\/wp-json\/wp\/v2\/posts"}],"about":[{"href":"https:\/\/www.hashtag.al\/index.php\/wp-json\/wp\/v2\/types\/post"}],"author":[{"embeddable":true,"href":"https:\/\/www.hashtag.al\/index.php\/wp-json\/wp\/v2\/users\/32"}],"replies":[{"embeddable":true,"href":"https:\/\/www.hashtag.al\/index.php\/wp-json\/wp\/v2\/comments?post=754339"}],"version-history":[{"count":99999,"href":"https:\/\/www.hashtag.al\/index.php\/wp-json\/wp\/v2\/posts\/754339\/revisions"}],"predecessor-version":[{"id":754341,"href":"https:\/\/www.hashtag.al\/index.php\/wp-json\/wp\/v2\/posts\/754339\/revisions\/754341"}],"wp:featuredmedia":[{"embeddable":true,"href":"https:\/\/www.hashtag.al\/index.php\/wp-json\/wp\/v2\/media\/754340"}],"wp:attachment":[{"href":"https:\/\/www.hashtag.al\/index.php\/wp-json\/wp\/v2\/media?parent=754339"}],"wp:term":[{"taxonomy":"category","embeddable":true,"href":"https:\/\/www.hashtag.al\/index.php\/wp-json\/wp\/v2\/categories?post=754339"},{"taxonomy":"post_tag","embeddable":true,"href":"https:\/\/www.hashtag.al\/index.php\/wp-json\/wp\/v2\/tags?post=754339"}],"curies":[{"name":"wp","href":"https:\/\/api.w.org\/{rel}","templated":true}]}}