{"id":754336,"date":"2025-08-05T13:53:32","date_gmt":"2025-08-05T11:53:32","guid":{"rendered":"https:\/\/www.hashtag.al\/?p=754336"},"modified":"2025-08-05T13:53:32","modified_gmt":"2025-08-05T11:53:32","slug":"berisha-letra-e-hasanit-misioneve-provon-se-shteti-dhe-partia-jane-nje","status":"publish","type":"post","link":"https:\/\/www.hashtag.al\/index.php\/2025\/08\/05\/berisha-letra-e-hasanit-misioneve-provon-se-shteti-dhe-partia-jane-nje\/","title":{"rendered":"Berisha: Letra e Hasanit misioneve provon se shteti dhe partia jan\u00eb nj\u00eb","gt_translate_keys":[{"key":"rendered","format":"text"}]},"content":{"rendered":"<p><span style=\"color: #000000;\"><img loading=\"lazy\" decoding=\"async\" class=\"alignnone size-medium wp-image-754337\" src=\"https:\/\/www.hashtag.al\/wp-content\/uploads\/2025\/08\/Screenshot-2025-08-05-134214-300x178.png\" alt=\"\" width=\"300\" height=\"178\" srcset=\"https:\/\/www.hashtag.al\/wp-content\/uploads\/2025\/08\/Screenshot-2025-08-05-134214-300x178.png 300w, https:\/\/www.hashtag.al\/wp-content\/uploads\/2025\/08\/Screenshot-2025-08-05-134214.png 678w\" sizes=\"auto, (max-width: 300px) 100vw, 300px\" \/><\/span><\/p>\n<p><span style=\"color: #000000;\">Kreu i Partis\u00eb Demokratike, Sali Berisha, ka reaguar me tone t\u00eb ashpra ndaj ministrit t\u00eb Jasht\u00ebm Igli Hasani, pasi ky i fundit u d\u00ebrgoi nj\u00eb let\u00ebr misioneve nd\u00ebrkomb\u00ebtare v\u00ebzhguese vet\u00ebm nj\u00eb or\u00eb pas publikimit t\u00eb raportit p\u00ebr zgjedhjet e 11 majit.<\/span><\/p>\n<p><span style=\"color: #000000;\">Berisha e cil\u00ebsoi k\u00ebt\u00eb veprim si d\u00ebshmi t\u00eb bashkimit t\u00eb shtetit me partin\u00eb n\u00eb pushtet, duke akuzuar Hasanin si \u201cavokat t\u00eb fars\u00ebs elektorale\u201d dhe \u201cushtar t\u00eb Edi Ram\u00ebs\u201d.<\/span><\/p>\n<p><span style=\"color: #000000;\"><em>&#8220;Letra e ministrit dhe reagimi i tij fakton edhe nj\u00ebher\u00eb se shqiptar\u00ebt u p\u00ebrball\u00ebn me nj\u00eb fars\u00eb elektorale&#8221;<\/em>, deklaroi Berisha.<\/span><\/p>\n<p><span style=\"color: #000000;\">Ai theksoi se nj\u00eb reagim i till\u00eb ndaj raportit t\u00eb misioneve nd\u00ebrkomb\u00ebtare do t\u00eb duhej t\u00eb vinte nga opozita dhe jo nga Ministria e Jashtme, e cila sipas tij nuk duhet t\u00eb b\u00ebhet pal\u00eb politike.<\/span><\/p>\n<p><span style=\"color: #000000;\"><em>&#8220;Nj\u00eb let\u00ebr atyre misioneve mund t\u2019u d\u00ebrgonte opozita, por kurr\u00eb dhe n\u00eb asnj\u00eb radh\u00eb ministri i Jasht\u00ebm nuk b\u00ebhej dot pal\u00eb me PS-n\u00eb ve\u00e7se duke d\u00ebshmuar at\u00eb q\u00eb kan\u00eb shkruar v\u00ebzhguesit: se n\u00eb Shqip\u00ebri partia dhe shteti jan\u00eb nj\u00eb&#8221;<\/em>, u shpreh lideri i opozit\u00ebs.<\/span><\/p>\n<p><span style=\"color: #000000;\">Berisha e p\u00ebrmendi ministrin Hasani n\u00eb t\u00eb nj\u00ebjt\u00ebn linj\u00eb me kreun e SPAK, Altin Dumani, duke i akuzuar t\u00eb dy si mbrojt\u00ebs t\u00eb nj\u00eb &#8220;krimi t\u00eb sh\u00ebmtuar zgjedhor&#8221;.<\/span><\/p>\n<p><span style=\"color: #000000;\"><strong>Pjes\u00eb nga fjala e kreut t\u00eb PD Sali Berisha:<\/strong><\/span><\/p>\n<p>&nbsp;<\/p>\n<p><span style=\"color: #000000;\"><em>Narko-ministri i Jasht\u00ebm reagoi dje n\u00eb m\u00ebnyr\u00ebn m\u00eb t\u00eb pap\u00ebrgjegjshme, duke faktuar pakund\u00ebrshtuesh\u00ebm se ai, nj\u00eblloj si Altin Troplini, \u00ebsht\u00eb nj\u00eb ushtar i Edi Ram\u00ebs, \u00ebsht\u00eb nj\u00eb avokat i fars\u00ebs elektorale t\u00eb 11 majit 2025.<\/em><\/span><\/p>\n<p><span style=\"color: #000000;\"><em>P\u00ebr \u00e7do qytetar shqiptar, un\u00eb shtroj pyetjen: nj\u00eb let\u00ebr misioneve v\u00ebzhguese nd\u00ebrkomb\u00ebtare vet\u00ebm nj\u00eb or\u00eb pas publikimit t\u00eb raportit t\u00eb tyre, a mund t\u2019i d\u00ebrgonte ministri i Jasht\u00ebm i vendit?<\/em><\/span><\/p>\n<p><span style=\"color: #000000;\"><em>Nj\u00eb let\u00ebr atyre misioneve mund t\u2019u d\u00ebrgonte opozita, por kurr\u00eb dhe n\u00eb asnj\u00eb radh\u00eb ministri i Jasht\u00ebm nuk b\u00ebhej dot pal\u00eb me PS-n\u00eb ve\u00e7se duke d\u00ebshmuar at\u00eb q\u00eb kan\u00eb shkruar misionet e v\u00ebzhgimit se n\u00eb Shqip\u00ebri partia dhe shteti ishin nj\u00eb dhe p\u00ebr rrjedhoj\u00eb nuk mund t\u00eb ket\u00eb zgjedhje por ve\u00e7se fars\u00eb.<\/em><\/span><\/p>\n<p><span style=\"color: #000000;\"><em>Pra, letra e ministrit dhe reagimi i tij mbrapa, fakton edhe nj\u00ebher\u00eb se shqiptar\u00ebt u p\u00ebrball\u00ebn me nj\u00eb fars\u00eb elektorale.<\/em><\/span><\/p>\n<p><span style=\"color: #000000;\"><em>Ministri vet\u00eb, \u00ebsht\u00eb bashk\u00eb me Dumanin, nj\u00eb avokat i k\u00ebtij krimi t\u00eb sh\u00ebmtuar.<\/em><\/span><\/p>\n","protected":false,"gt_translate_keys":[{"key":"rendered","format":"html"}]},"excerpt":{"rendered":"<p>Kreu i Partis\u00eb Demokratike, Sali Berisha, ka reaguar me tone t\u00eb ashpra ndaj ministrit t\u00eb Jasht\u00ebm Igli Hasani, pasi ky i fundit u d\u00ebrgoi nj\u00eb let\u00ebr misioneve nd\u00ebrkomb\u00ebtare v\u00ebzhguese vet\u00ebm nj\u00eb or\u00eb pas publikimit t\u00eb raportit p\u00ebr zgjedhjet e 11 majit. Berisha e cil\u00ebsoi k\u00ebt\u00eb veprim si d\u00ebshmi t\u00eb bashkimit t\u00eb shtetit me partin\u00eb n\u00eb [&hellip;]<\/p>\n","protected":false,"gt_translate_keys":[{"key":"rendered","format":"html"}]},"author":32,"featured_media":754337,"comment_status":"closed","ping_status":"open","sticky":false,"template":"","format":"standard","meta":{"footnotes":""},"categories":[65],"tags":[],"class_list":["post-754336","post","type-post","status-publish","format-standard","has-post-thumbnail","hentry","category-lajme"],"gt_translate_keys":[{"key":"link","format":"url"}],"_links":{"self":[{"href":"https:\/\/www.hashtag.al\/index.php\/wp-json\/wp\/v2\/posts\/754336","targetHints":{"allow":["GET"]}}],"collection":[{"href":"https:\/\/www.hashtag.al\/index.php\/wp-json\/wp\/v2\/posts"}],"about":[{"href":"https:\/\/www.hashtag.al\/index.php\/wp-json\/wp\/v2\/types\/post"}],"author":[{"embeddable":true,"href":"https:\/\/www.hashtag.al\/index.php\/wp-json\/wp\/v2\/users\/32"}],"replies":[{"embeddable":true,"href":"https:\/\/www.hashtag.al\/index.php\/wp-json\/wp\/v2\/comments?post=754336"}],"version-history":[{"count":99999,"href":"https:\/\/www.hashtag.al\/index.php\/wp-json\/wp\/v2\/posts\/754336\/revisions"}],"predecessor-version":[{"id":754338,"href":"https:\/\/www.hashtag.al\/index.php\/wp-json\/wp\/v2\/posts\/754336\/revisions\/754338"}],"wp:featuredmedia":[{"embeddable":true,"href":"https:\/\/www.hashtag.al\/index.php\/wp-json\/wp\/v2\/media\/754337"}],"wp:attachment":[{"href":"https:\/\/www.hashtag.al\/index.php\/wp-json\/wp\/v2\/media?parent=754336"}],"wp:term":[{"taxonomy":"category","embeddable":true,"href":"https:\/\/www.hashtag.al\/index.php\/wp-json\/wp\/v2\/categories?post=754336"},{"taxonomy":"post_tag","embeddable":true,"href":"https:\/\/www.hashtag.al\/index.php\/wp-json\/wp\/v2\/tags?post=754336"}],"curies":[{"name":"wp","href":"https:\/\/api.w.org\/{rel}","templated":true}]}}