{"id":754112,"date":"2025-08-03T15:36:11","date_gmt":"2025-08-03T13:36:11","guid":{"rendered":"https:\/\/www.hashtag.al\/?p=754112"},"modified":"2025-08-03T15:56:27","modified_gmt":"2025-08-03T13:56:27","slug":"netanyahu-dhe-be-ja-reagojne-pas-publikimit-te-videove-te-pengjeve-nga-hamasi","status":"publish","type":"post","link":"https:\/\/www.hashtag.al\/index.php\/2025\/08\/03\/netanyahu-dhe-be-ja-reagojne-pas-publikimit-te-videove-te-pengjeve-nga-hamasi\/","title":{"rendered":"Netanyahu dhe BE-ja reagojn\u00eb pas publikimit t\u00eb videove t\u00eb pengjeve nga Hamasi","gt_translate_keys":[{"key":"rendered","format":"text"}]},"content":{"rendered":"<p data-start=\"78\" data-end=\"325\"><span style=\"color: #000000;\"><img loading=\"lazy\" decoding=\"async\" class=\"aligncenter size-full wp-image-754114\" src=\"https:\/\/www.hashtag.al\/wp-content\/uploads\/2025\/08\/Screenshot-2025-08-03-153203.png\" alt=\"\" width=\"520\" height=\"290\" srcset=\"https:\/\/www.hashtag.al\/wp-content\/uploads\/2025\/08\/Screenshot-2025-08-03-153203.png 520w, https:\/\/www.hashtag.al\/wp-content\/uploads\/2025\/08\/Screenshot-2025-08-03-153203-300x167.png 300w\" sizes=\"auto, (max-width: 520px) 100vw, 520px\" \/><\/span><\/p>\n<p data-start=\"78\" data-end=\"325\"><span style=\"color: #000000;\">Nd\u00ebrsa luftimet n\u00eb Gaza vijojn\u00eb, grupi militant Hamas ka publikuar nj\u00eb tjet\u00ebr video ku shfaqen dy nga pengjet izraelite q\u00eb mban ende n\u00eb rob\u00ebri. Sipas zyr\u00ebs s\u00eb kryeministrit izraelit, Benjamin Netanyahu \u00ebsht\u00eb ndjer\u00eb \u201ci tronditur thell\u00eb\u201d nga pamjet.<\/span><\/p>\n<p data-start=\"327\" data-end=\"552\"><span style=\"color: #000000;\">N\u00eb deklarat\u00ebn zyrtare thuhet se Netanyahu ka folur me familjet e dy pengjeve t\u00eb identifikuar n\u00eb video, Rom Braslavski dhe Evyatar Davi, duke i siguruar se \u201cp\u00ebrpjekjet p\u00ebr lirimin e t\u00eb gjith\u00eb pengjeve vazhdojn\u00eb pa nd\u00ebrprerje.\u201d<\/span><\/p>\n<p data-start=\"554\" data-end=\"726\"><span style=\"color: #000000;\">N\u00eb dit\u00ebt e fundit, Hamas dhe aleati i tij, Xhihadi Islamik, kan\u00eb publikuar disa video ku shfaqen pengjet n\u00eb tunele t\u00eb n\u00ebndheshme, t\u00eb kapur q\u00eb prej sulmit t\u00eb 7 tetorit 2023.<\/span><\/p>\n<p data-start=\"728\" data-end=\"950\" data-is-last-node=\"\" data-is-only-node=\"\"><span style=\"color: #000000;\">Publikimi i k\u00ebtyre pamjeve ka nxitur reagime t\u00eb forta n\u00eb Izrael. Dhjet\u00ebra mij\u00ebra protestues jan\u00eb mbledhur n\u00eb Tel Aviv duke i k\u00ebrkuar qeveris\u00eb t\u00eb arrij\u00eb nj\u00eb marr\u00ebveshje p\u00ebr arm\u00ebpushim dhe lirimin e menj\u00ebhersh\u00ebm t\u00eb pengjeve<\/span><\/p>\n<p><span style=\"color: #000000;\">N\u00eb klipet e shp\u00ebrndara nga grupet islamiste palestineze, 21-vje\u00e7ari Braslavski, me shtet\u00ebsi t\u00eb dyfisht\u00eb gjermano-izraelite, dhe 24-vje\u00e7ari David duken t\u00eb dob\u00ebt dhe t\u00eb kequshqyer. N\u00eb nj\u00ebr\u00ebn nga videot, pengu izraelit Evyatar David i thot\u00eb kamer\u00ebs se &#8220;po e hap varrin e tij&#8221;.<\/span><\/p>\n<p><span style=\"color: #000000;\"><em>&#8220;Ajo q\u00eb po b\u00ebj tani \u00ebsht\u00eb t\u00eb hap varrin tim. \u00c7do dit\u00eb trupi im b\u00ebhet gjithnj\u00eb e m\u00eb i dob\u00ebt. Po ec drejt e te varri im. Atje \u00ebsht\u00eb varri ku do t\u00eb varrosem. Koha po mbaron p\u00ebr t&#8217;u liruar dhe p\u00ebr t\u00eb qen\u00eb n\u00eb gjendje t\u00eb fle n\u00eb shtratin tim me familjen time&#8221;,<\/em> d\u00ebgjohet t\u00eb thot\u00eb David n\u00eb videon e publikuar nga Hamasi, nd\u00ebrsa 24-vje\u00e7ari shp\u00ebrthen n\u00eb fund t\u00eb deklarat\u00ebs.<\/span><\/p>\n<div style=\"width: 832px;\" class=\"wp-video\"><video class=\"wp-video-shortcode\" id=\"video-754112-1\" width=\"832\" height=\"464\" preload=\"metadata\" controls=\"controls\"><source type=\"video\/mp4\" src=\"https:\/\/www.hashtag.al\/wp-content\/uploads\/2025\/08\/WhatsApp-Video-2025-08-03-at-14.04.34_2e6f1bb8.mp4?_=1\" \/><a href=\"https:\/\/www.hashtag.al\/wp-content\/uploads\/2025\/08\/WhatsApp-Video-2025-08-03-at-14.04.34_2e6f1bb8.mp4\">https:\/\/www.hashtag.al\/wp-content\/uploads\/2025\/08\/WhatsApp-Video-2025-08-03-at-14.04.34_2e6f1bb8.mp4<\/a><\/video><\/div>\n<p><span style=\"color: #000000;\"><em>&#8220;Vendosja e q\u00ebllimshme e urise s\u00eb djalit ton\u00eb si pjes\u00eb e nj\u00eb fushate propagandistike \u00ebsht\u00eb nj\u00eb nga aktet m\u00eb t\u00eb tmerrshme q\u00eb bota ka par\u00eb. Ai po vdes urie thjesht p\u00ebr t&#8217;i sh\u00ebrbyer propagand\u00ebs s\u00eb Hamasit&#8221;<\/em>, thuhej n\u00eb nj\u00eb deklarat\u00eb t\u00eb l\u00ebshuar nga familja e Davidit, nd\u00ebrsa protestat p\u00ebrfshin\u00eb Izraelin p\u00ebr shkak t\u00eb vones\u00ebs s\u00eb reagimit t\u00eb qeveris\u00eb Netanyahu ndaj nj\u00eb marr\u00ebveshjeje p\u00ebr pengjet.<\/span><\/p>\n<p><span style=\"color: #000000;\"><strong>Franca dhe BE-ja d\u00ebnojn\u00eb videot<\/strong><\/span><\/p>\n<p><span style=\"color: #000000;\">Videot e publikuara nga Hamasi kan\u00eb t\u00ebrhequr kritika globale p\u00ebr trajtimin e pengjeve, si dhe p\u00ebr situat\u00ebn e vazhdueshme t\u00eb uris\u00eb n\u00eb Rripin e Gaz\u00ebs. Shefja e politik\u00ebs s\u00eb jashtme t\u00eb BE-s\u00eb, Kaja Kallas, tha se imazhet &#8220;jan\u00eb t\u00eb tmerrshme dhe ekspozojn\u00eb barbarin\u00eb e Hamasit&#8221;, duke b\u00ebr\u00eb thirrje p\u00ebr lirimin e &#8220;t\u00eb gjith\u00eb pengjeve&#8230; menj\u00ebher\u00eb dhe pa kushte&#8221;.<\/span><\/p>\n<p><span style=\"color: #000000;\">N\u00eb t\u00eb nj\u00ebjtin postim n\u00eb X, Kallas tha se <em>&#8220;Hamasi duhet t\u00eb \u00e7armatoset dhe t&#8217;i jap\u00eb fund sundimit t\u00eb tij n\u00eb Gaza&#8221;.<\/em><\/span><\/p>\n<p><span style=\"color: #000000;\">Franca\u00a0, e cila u kritikua ashp\u00ebr p\u00ebr veprimin e saj p\u00ebr t\u00eb njohur Palestin\u00ebn, gjithashtu i ka d\u00ebnuar videot.<\/span><\/p>\n<p><span style=\"color: #000000;\"><em>&#8220;Imazhe t\u00eb neveritshme dhe t\u00eb padurueshme t\u00eb pengjeve izraelite t\u00eb mbajtura p\u00ebr 666 dit\u00eb n\u00eb Gaza nga Hamasi. Ata duhet t\u00eb lirohen, pa kushte&#8221;,<\/em> shkroi t\u00eb diel\u00ebn ministri i jasht\u00ebm francez Jean-Noel Barrot, duke shtuar se &#8220;Hamasi duhet t\u00eb \u00e7armatoset dhe t\u00eb p\u00ebrjashtohet nga sundimi i Gaz\u00ebs&#8221;.<a href=\"https:\/\/www.hindustantimes.com\/world-news\/gaza-war-israel-pm-netanyahu-in-profound-shock-after-hamas-video-shows-israeli-hostage-digging-own-grave-101754215021582.html#google_vignette\"><span style=\"color: #0000ff;\"><strong>\/HindustanTimes<\/strong><\/span><\/a><\/span><\/p>\n","protected":false,"gt_translate_keys":[{"key":"rendered","format":"html"}]},"excerpt":{"rendered":"<p>Nd\u00ebrsa luftimet n\u00eb Gaza vijojn\u00eb, grupi militant Hamas ka publikuar nj\u00eb tjet\u00ebr video ku shfaqen dy nga pengjet izraelite q\u00eb mban ende n\u00eb rob\u00ebri. Sipas zyr\u00ebs s\u00eb kryeministrit izraelit, Benjamin Netanyahu \u00ebsht\u00eb ndjer\u00eb \u201ci tronditur thell\u00eb\u201d nga pamjet. N\u00eb deklarat\u00ebn zyrtare thuhet se Netanyahu ka folur me familjet e dy pengjeve t\u00eb identifikuar n\u00eb video, [&hellip;]<\/p>\n","protected":false,"gt_translate_keys":[{"key":"rendered","format":"html"}]},"author":49,"featured_media":754114,"comment_status":"closed","ping_status":"open","sticky":false,"template":"","format":"standard","meta":{"footnotes":""},"categories":[6],"tags":[],"class_list":["post-754112","post","type-post","status-publish","format-standard","has-post-thumbnail","hentry","category-nderkombetare"],"gt_translate_keys":[{"key":"link","format":"url"}],"_links":{"self":[{"href":"https:\/\/www.hashtag.al\/index.php\/wp-json\/wp\/v2\/posts\/754112","targetHints":{"allow":["GET"]}}],"collection":[{"href":"https:\/\/www.hashtag.al\/index.php\/wp-json\/wp\/v2\/posts"}],"about":[{"href":"https:\/\/www.hashtag.al\/index.php\/wp-json\/wp\/v2\/types\/post"}],"author":[{"embeddable":true,"href":"https:\/\/www.hashtag.al\/index.php\/wp-json\/wp\/v2\/users\/49"}],"replies":[{"embeddable":true,"href":"https:\/\/www.hashtag.al\/index.php\/wp-json\/wp\/v2\/comments?post=754112"}],"version-history":[{"count":99999,"href":"https:\/\/www.hashtag.al\/index.php\/wp-json\/wp\/v2\/posts\/754112\/revisions"}],"predecessor-version":[{"id":754115,"href":"https:\/\/www.hashtag.al\/index.php\/wp-json\/wp\/v2\/posts\/754112\/revisions\/754115"}],"wp:featuredmedia":[{"embeddable":true,"href":"https:\/\/www.hashtag.al\/index.php\/wp-json\/wp\/v2\/media\/754114"}],"wp:attachment":[{"href":"https:\/\/www.hashtag.al\/index.php\/wp-json\/wp\/v2\/media?parent=754112"}],"wp:term":[{"taxonomy":"category","embeddable":true,"href":"https:\/\/www.hashtag.al\/index.php\/wp-json\/wp\/v2\/categories?post=754112"},{"taxonomy":"post_tag","embeddable":true,"href":"https:\/\/www.hashtag.al\/index.php\/wp-json\/wp\/v2\/tags?post=754112"}],"curies":[{"name":"wp","href":"https:\/\/api.w.org\/{rel}","templated":true}]}}