{"id":754107,"date":"2025-08-03T15:27:48","date_gmt":"2025-08-03T13:27:48","guid":{"rendered":"https:\/\/www.hashtag.al\/?p=754107"},"modified":"2025-08-03T15:27:48","modified_gmt":"2025-08-03T13:27:48","slug":"rusi-shperthen-vullkani-krasheninnikov-pas-600-vitesh-re-hiri-deri-ne-6-mije-metra-lartesi","status":"publish","type":"post","link":"https:\/\/www.hashtag.al\/index.php\/2025\/08\/03\/rusi-shperthen-vullkani-krasheninnikov-pas-600-vitesh-re-hiri-deri-ne-6-mije-metra-lartesi\/","title":{"rendered":"Rusi, shp\u00ebrthen vullkani Krasheninnikov pas 600 vitesh, re hiri deri n\u00eb 6 mij\u00eb metra lart\u00ebsi","gt_translate_keys":[{"key":"rendered","format":"text"}]},"content":{"rendered":"<p data-start=\"99\" data-end=\"335\"><span style=\"color: #000000;\"><img loading=\"lazy\" decoding=\"async\" class=\"aligncenter size-full wp-image-754108\" src=\"https:\/\/www.hashtag.al\/wp-content\/uploads\/2025\/08\/Screenshot-2025-08-03-143549.png\" alt=\"\" width=\"598\" height=\"341\" srcset=\"https:\/\/www.hashtag.al\/wp-content\/uploads\/2025\/08\/Screenshot-2025-08-03-143549.png 598w, https:\/\/www.hashtag.al\/wp-content\/uploads\/2025\/08\/Screenshot-2025-08-03-143549-300x171.png 300w\" sizes=\"auto, (max-width: 598px) 100vw, 598px\" \/><\/span><\/p>\n<p data-start=\"99\" data-end=\"335\"><span style=\"color: #000000;\">Nj\u00eb shp\u00ebrthim i rrall\u00eb vullkanik ndodhi gjat\u00eb nat\u00ebs n\u00eb Gadishullin Kamchatka t\u00eb Rusis\u00eb, ku vullkani Krasheninnikov u aktivizua p\u00ebr her\u00eb t\u00eb par\u00eb pas 600 vitesh. Lajmi u raportua nga agjencia shtet\u00ebrore RIA.<\/span><\/p>\n<p data-start=\"337\" data-end=\"518\"><span style=\"color: #000000;\"><em>\u201cKy \u00ebsht\u00eb shp\u00ebrthimi i par\u00eb historikisht i konfirmuar i Krasheninnikovit n\u00eb 600 vjet\u201d<\/em>, deklaroi Olga Girina, drejtore e Ekipit t\u00eb Reagimit ndaj Shp\u00ebrthimeve Vullkanike n\u00eb Kamchatka.<\/span><\/p>\n<p data-start=\"520\" data-end=\"796\" data-is-last-node=\"\" data-is-only-node=\"\"><span style=\"color: #000000;\">Sipas saj, ky aktivitet mund t\u00eb jet\u00eb i lidhur me t\u00ebrmetin e fort\u00eb q\u00eb goditi rajonin Lindor t\u00eb Rusis\u00eb jav\u00ebn e kaluar dhe shkaktoi paralajm\u00ebrime p\u00ebr cunami deri n\u00eb Polinezin\u00eb Franceze dhe Kili. Vet\u00ebm pak pas t\u00ebrmetit, shp\u00ebrtheu edhe vullkani Klyuchevskoy, m\u00eb aktiv n\u00eb Kamchatka.<\/span><\/p>\n<p data-start=\"89\" data-end=\"305\"><span style=\"color: #000000;\">Dega e Kamchatk\u00ebs e Ministris\u00eb ruse p\u00ebr Sh\u00ebrbimet e Emergjenc\u00ebs njoftoi se pas shp\u00ebrthimit t\u00eb vullkanit Krasheninnikov, \u00ebsht\u00eb formuar nj\u00eb re e madhe hiri q\u00eb ka arritur nj\u00eb lart\u00ebsi prej 6,000 metrash (rreth 3.7 milje).<\/span><\/p>\n<p data-start=\"307\" data-end=\"521\"><span style=\"color: #000000;\">Vullkani vet\u00eb ndodhet n\u00eb nj\u00eb lart\u00ebsi prej 1,856 metrash dhe sipas autoriteteve, reja e hirit \u00ebsht\u00eb zhvendosur drejt lindjes, n\u00eb drejtim t\u00eb Oqeanit Paq\u00ebsor. Fatmir\u00ebsisht, nuk ka zona t\u00eb banuara p\u00ebrgjat\u00eb k\u00ebsaj rruge.<\/span><\/p>\n<p style=\"text-align: left;\" data-start=\"523\" data-end=\"685\" data-is-last-node=\"\" data-is-only-node=\"\"><span style=\"color: #000000;\">P\u00ebr shkak t\u00eb k\u00ebtij aktiviteti, autoritetet ruse kan\u00eb vendosur nj\u00eb\u00a0kod portokalli p\u00ebr aviacionin, duke sinjalizuar rrezik t\u00eb shtuar p\u00ebr trafikun ajror n\u00eb zon\u00eb.<a href=\"https:\/\/edition.cnn.com\/2025\/08\/03\/europe\/tsunami-russia-earthquake-volcano-intl-hnk\"><span style=\"color: #0000ff;\"><strong>\/CNN<\/strong><\/span><\/a><\/span><\/p>\n","protected":false,"gt_translate_keys":[{"key":"rendered","format":"html"}]},"excerpt":{"rendered":"<p>Nj\u00eb shp\u00ebrthim i rrall\u00eb vullkanik ndodhi gjat\u00eb nat\u00ebs n\u00eb Gadishullin Kamchatka t\u00eb Rusis\u00eb, ku vullkani Krasheninnikov u aktivizua p\u00ebr her\u00eb t\u00eb par\u00eb pas 600 vitesh. Lajmi u raportua nga agjencia shtet\u00ebrore RIA. \u201cKy \u00ebsht\u00eb shp\u00ebrthimi i par\u00eb historikisht i konfirmuar i Krasheninnikovit n\u00eb 600 vjet\u201d, deklaroi Olga Girina, drejtore e Ekipit t\u00eb Reagimit ndaj Shp\u00ebrthimeve [&hellip;]<\/p>\n","protected":false,"gt_translate_keys":[{"key":"rendered","format":"html"}]},"author":49,"featured_media":754108,"comment_status":"closed","ping_status":"open","sticky":false,"template":"","format":"standard","meta":{"footnotes":""},"categories":[6],"tags":[],"class_list":["post-754107","post","type-post","status-publish","format-standard","has-post-thumbnail","hentry","category-nderkombetare"],"gt_translate_keys":[{"key":"link","format":"url"}],"_links":{"self":[{"href":"https:\/\/www.hashtag.al\/index.php\/wp-json\/wp\/v2\/posts\/754107","targetHints":{"allow":["GET"]}}],"collection":[{"href":"https:\/\/www.hashtag.al\/index.php\/wp-json\/wp\/v2\/posts"}],"about":[{"href":"https:\/\/www.hashtag.al\/index.php\/wp-json\/wp\/v2\/types\/post"}],"author":[{"embeddable":true,"href":"https:\/\/www.hashtag.al\/index.php\/wp-json\/wp\/v2\/users\/49"}],"replies":[{"embeddable":true,"href":"https:\/\/www.hashtag.al\/index.php\/wp-json\/wp\/v2\/comments?post=754107"}],"version-history":[{"count":99999,"href":"https:\/\/www.hashtag.al\/index.php\/wp-json\/wp\/v2\/posts\/754107\/revisions"}],"predecessor-version":[{"id":754109,"href":"https:\/\/www.hashtag.al\/index.php\/wp-json\/wp\/v2\/posts\/754107\/revisions\/754109"}],"wp:featuredmedia":[{"embeddable":true,"href":"https:\/\/www.hashtag.al\/index.php\/wp-json\/wp\/v2\/media\/754108"}],"wp:attachment":[{"href":"https:\/\/www.hashtag.al\/index.php\/wp-json\/wp\/v2\/media?parent=754107"}],"wp:term":[{"taxonomy":"category","embeddable":true,"href":"https:\/\/www.hashtag.al\/index.php\/wp-json\/wp\/v2\/categories?post=754107"},{"taxonomy":"post_tag","embeddable":true,"href":"https:\/\/www.hashtag.al\/index.php\/wp-json\/wp\/v2\/tags?post=754107"}],"curies":[{"name":"wp","href":"https:\/\/api.w.org\/{rel}","templated":true}]}}