{"id":753948,"date":"2025-08-01T22:55:10","date_gmt":"2025-08-01T20:55:10","guid":{"rendered":"https:\/\/www.hashtag.al\/?p=753948"},"modified":"2025-08-01T22:55:10","modified_gmt":"2025-08-01T20:55:10","slug":"trump-shkarkon-kreun-e-statistikave-te-punes-te-emeruar-nga-administrata-biden","status":"publish","type":"post","link":"https:\/\/www.hashtag.al\/index.php\/2025\/08\/01\/trump-shkarkon-kreun-e-statistikave-te-punes-te-emeruar-nga-administrata-biden\/","title":{"rendered":"Trump shkarkon kreun e Statistikave t\u00eb Pun\u00ebs, t\u00eb em\u00ebruar nga administrata Biden","gt_translate_keys":[{"key":"rendered","format":"text"}]},"content":{"rendered":"<p data-start=\"0\" data-end=\"126\"><span style=\"color: #000000;\"><img loading=\"lazy\" decoding=\"async\" class=\"size-medium wp-image-749121 aligncenter\" src=\"https:\/\/www.hashtag.al\/wp-content\/uploads\/2025\/06\/trump-1-300x185.png\" alt=\"\" width=\"300\" height=\"185\" srcset=\"https:\/\/www.hashtag.al\/wp-content\/uploads\/2025\/06\/trump-1-300x185.png 300w, https:\/\/www.hashtag.al\/wp-content\/uploads\/2025\/06\/trump-1-768x473.png 768w, https:\/\/www.hashtag.al\/wp-content\/uploads\/2025\/06\/trump-1.png 936w\" sizes=\"auto, (max-width: 300px) 100vw, 300px\" \/><br \/>\nPresidenti amerikan Donald Trump ka urdh\u00ebruar shkarkimin e komisones s\u00eb Byros\u00eb s\u00eb Statistikave t\u00eb Pun\u00ebs (BLS), Erika McEntarfer, pas publikimit t\u00eb t\u00eb dh\u00ebnave p\u00ebr rritjen e vendeve t\u00eb pun\u00ebs q\u00eb rezultuan m\u00eb t\u00eb dob\u00ebta se pritjet dhe me rishikime t\u00eb konsiderueshme n\u00eb ulje p\u00ebr muajt e m\u00ebparsh\u00ebm, p\u00ebrcjell <span style=\"color: #0000ff;\"><a style=\"color: #0000ff;\" href=\"https:\/\/www.reuters.com\/legal\/litigation\/trump-orders-firing-bls-commissioner-after-dismal-employment-report-2025-08-01\/\">Reuters.<\/a><\/span><\/span><\/p>\n<p data-start=\"448\" data-end=\"673\"><span style=\"color: #000000;\">McEntarfer ishte em\u00ebruar nga ish-presidenti Joe Biden n\u00eb vitin 2023 dhe u konfirmua nga Senati amerikan nj\u00eb vit m\u00eb pas. Trump e akuzoi at\u00eb p\u00ebr manipulim t\u00eb t\u00eb dh\u00ebnave, ndon\u00ebse nuk ka prova p\u00ebr t\u00eb mb\u00ebshtetur pretendimet e tij.<\/span><\/p>\n<p data-start=\"675\" data-end=\"907\"><span style=\"color: #000000;\">N\u00eb nj\u00eb postim n\u00eb Truth Social, Trump deklaroi: &#8220;Na duhen t\u00eb dh\u00ebna t\u00eb sakta p\u00ebr pun\u00ebsimin. Kam urdh\u00ebruar ekipin tim q\u00eb t\u00eb shkarkoj\u00eb menj\u00ebher\u00eb k\u00ebt\u00eb t\u00eb em\u00ebruar politike t\u00eb Biden. Ajo do t\u00eb z\u00ebvend\u00ebsohet me dik\u00eb shum\u00eb m\u00eb t\u00eb kualifikuar.&#8221;<\/span><\/p>\n<p data-start=\"909\" data-end=\"1367\"><span style=\"color: #000000;\">Shkarkimi i saj vjen n\u00eb nj\u00eb moment kur administrata Trump ka nd\u00ebrmarr\u00eb shkurtimet masive t\u00eb stafit federal, duke ngjallur shqet\u00ebsime p\u00ebr cil\u00ebsin\u00eb e t\u00eb dh\u00ebnave ekonomike amerikane \u2013 prej koh\u00ebsh t\u00eb konsideruara standardi i art\u00eb. Nd\u00ebrkoh\u00eb, Sekretari i Tregtis\u00eb, Howard Lutnick, ka shp\u00ebrb\u00ebr\u00eb dy komitete ekspert\u00ebsh dhe ka sugjeruar p\u00ebrjashtimin e shpenzimeve qeveritare nga llogaritja e PBB-s\u00eb, me pretendimin se \u201cqeverit\u00eb e kan\u00eb manipuluar historikisht PBB-n\u00eb.\u201d<\/span><\/p>\n<p data-start=\"1369\" data-end=\"1493\"><span style=\"color: #000000;\">Byroja e Statistikave t\u00eb Pun\u00ebs ka reduktuar tashm\u00eb mbledhjen e t\u00eb dh\u00ebnave p\u00ebr \u00e7mimet e konsumatorit dhe \u00e7mimet e prodhuesit.<\/span><\/p>\n","protected":false,"gt_translate_keys":[{"key":"rendered","format":"html"}]},"excerpt":{"rendered":"<p>Presidenti amerikan Donald Trump ka urdh\u00ebruar shkarkimin e komisones s\u00eb Byros\u00eb s\u00eb Statistikave t\u00eb Pun\u00ebs (BLS), Erika McEntarfer, pas publikimit t\u00eb t\u00eb dh\u00ebnave p\u00ebr rritjen e vendeve t\u00eb pun\u00ebs q\u00eb rezultuan m\u00eb t\u00eb dob\u00ebta se pritjet dhe me rishikime t\u00eb konsiderueshme n\u00eb ulje p\u00ebr muajt e m\u00ebparsh\u00ebm, p\u00ebrcjell Reuters. McEntarfer ishte em\u00ebruar nga ish-presidenti Joe [&hellip;]<\/p>\n","protected":false,"gt_translate_keys":[{"key":"rendered","format":"html"}]},"author":32,"featured_media":749121,"comment_status":"closed","ping_status":"open","sticky":false,"template":"","format":"standard","meta":{"footnotes":""},"categories":[6],"tags":[],"class_list":["post-753948","post","type-post","status-publish","format-standard","has-post-thumbnail","hentry","category-nderkombetare"],"gt_translate_keys":[{"key":"link","format":"url"}],"_links":{"self":[{"href":"https:\/\/www.hashtag.al\/index.php\/wp-json\/wp\/v2\/posts\/753948","targetHints":{"allow":["GET"]}}],"collection":[{"href":"https:\/\/www.hashtag.al\/index.php\/wp-json\/wp\/v2\/posts"}],"about":[{"href":"https:\/\/www.hashtag.al\/index.php\/wp-json\/wp\/v2\/types\/post"}],"author":[{"embeddable":true,"href":"https:\/\/www.hashtag.al\/index.php\/wp-json\/wp\/v2\/users\/32"}],"replies":[{"embeddable":true,"href":"https:\/\/www.hashtag.al\/index.php\/wp-json\/wp\/v2\/comments?post=753948"}],"version-history":[{"count":99999,"href":"https:\/\/www.hashtag.al\/index.php\/wp-json\/wp\/v2\/posts\/753948\/revisions"}],"predecessor-version":[{"id":753949,"href":"https:\/\/www.hashtag.al\/index.php\/wp-json\/wp\/v2\/posts\/753948\/revisions\/753949"}],"wp:featuredmedia":[{"embeddable":true,"href":"https:\/\/www.hashtag.al\/index.php\/wp-json\/wp\/v2\/media\/749121"}],"wp:attachment":[{"href":"https:\/\/www.hashtag.al\/index.php\/wp-json\/wp\/v2\/media?parent=753948"}],"wp:term":[{"taxonomy":"category","embeddable":true,"href":"https:\/\/www.hashtag.al\/index.php\/wp-json\/wp\/v2\/categories?post=753948"},{"taxonomy":"post_tag","embeddable":true,"href":"https:\/\/www.hashtag.al\/index.php\/wp-json\/wp\/v2\/tags?post=753948"}],"curies":[{"name":"wp","href":"https:\/\/api.w.org\/{rel}","templated":true}]}}