{"id":753928,"date":"2025-08-01T18:45:51","date_gmt":"2025-08-01T16:45:51","guid":{"rendered":"https:\/\/www.hashtag.al\/?p=753928"},"modified":"2025-08-01T18:45:51","modified_gmt":"2025-08-01T16:45:51","slug":"alimehmeti-kerkon-riformatim-te-pd-se-dhe-gare-te-hapur-per-drejtimin-e-saj","status":"publish","type":"post","link":"https:\/\/www.hashtag.al\/index.php\/2025\/08\/01\/alimehmeti-kerkon-riformatim-te-pd-se-dhe-gare-te-hapur-per-drejtimin-e-saj\/","title":{"rendered":"Alimehmeti k\u00ebrkon riformatim t\u00eb PD-s\u00eb dhe gar\u00eb t\u00eb hapur p\u00ebr drejtimin e saj","gt_translate_keys":[{"key":"rendered","format":"text"}]},"content":{"rendered":"<p data-start=\"86\" data-end=\"530\"><span style=\"color: #000000;\"><img decoding=\"async\" class=\"aligncenter\" src=\"https:\/\/www.hashtag.al\/wp-content\/uploads\/2025\/05\/Ilir-Alimehmeti-750x450-1.jpg\" \/><\/span><\/p>\n<p data-start=\"86\" data-end=\"530\"><span style=\"color: #000000;\">Ilir Alimehmeti ka k\u00ebrkuar q\u00eb procesi i analiz\u00ebs pas zgjedhjeve t\u00eb 11 majit n\u00eb Partin\u00eb Demokratike t\u00eb shoq\u00ebrohet me nj\u00eb riformatim t\u00eb plot\u00eb t\u00eb forumeve dhe pozicioneve drejtuese brenda partis\u00eb. N\u00eb nj\u00eb intervist\u00eb p\u00ebr RTSH, ai theksoi se, ndon\u00ebse mandati i lidershipit aktual p\u00ebrfundon n\u00eb vitin 2026, ndryshimet nuk duhet t\u00eb shihen si tabu dhe mund t\u00eb afrohen n\u00eb koh\u00eb p\u00ebr t\u00eb garantuar nj\u00eb organizim m\u00eb t\u00eb mir\u00eb p\u00ebr zgjedhjet vendore t\u00eb vitit 2027.<\/span><\/p>\n<p data-start=\"532\" data-end=\"807\"><span style=\"color: #000000;\">\u201cSa m\u00eb shpejt t\u00eb filloj\u00eb puna p\u00ebr riformatimin, aq m\u00eb mir\u00eb p\u00ebr ne. Gara e ardhshme jan\u00eb zgjedhjet lokale t\u00eb 2027-\u00ebs dhe ne duhet t\u00eb p\u00ebrgatitemi. Riformatimi dhe qarkullimi i ideve jan\u00eb thelb\u00ebsore. Duhet t\u00eb heqim dor\u00eb nga heshtja, ajo nuk na \u00e7on p\u00ebrpara,\u201d u shpreh Alimehmeti.<\/span><\/p>\n<p data-start=\"809\" data-end=\"1104\"><span style=\"color: #000000;\">Ai tha se gara p\u00ebr kreun e PD-s\u00eb duhet t\u00eb jet\u00eb e hapur p\u00ebr k\u00ebdo q\u00eb ka ambicie dhe d\u00ebshir\u00eb p\u00ebr t\u00eb kontribuar, pavar\u00ebsisht q\u00ebndrimit t\u00eb Sali Berish\u00ebs. \u201cNuk mund t\u00eb presim vet\u00ebm nga Berisha. N\u00ebse dikush ka ambicie drejtuese, nuk ka pse t\u00eb pres\u00eb \u2013 \u00e7do dit\u00eb q\u00eb kalon \u00ebsht\u00eb nj\u00eb dit\u00eb e humbur,\u201d tha ai.<\/span><\/p>\n<p data-start=\"1106\" data-end=\"1318\"><span style=\"color: #000000;\">Duke reflektuar mbi procesin e Rithemelimit, Alimehmeti pranoi se ky nuk p\u00ebrmbushi pritshm\u00ebrit\u00eb e plota dhe k\u00ebrkoi nj\u00eb hapje m\u00eb t\u00eb gjer\u00eb t\u00eb partis\u00eb p\u00ebr t\u2019u dh\u00ebn\u00eb hap\u00ebsir\u00eb individ\u00ebve me energji dhe kontribut real.<\/span><\/p>\n<p data-start=\"1320\" data-end=\"1550\" data-is-last-node=\"\" data-is-only-node=\"\"><span style=\"color: #000000;\">N\u00eb fund, ai u b\u00ebri thirrje drejtuesve t\u00eb PD-s\u00eb q\u00eb t\u00eb rikthejn\u00eb meritokracin\u00eb si parim themelor p\u00ebr vler\u00ebsimin e demokrat\u00ebve, duke p\u00ebrmendur edhe rastin e Ervin Salianjit, t\u00eb cilin e cil\u00ebsoi si \u201cburg politik\u201d p\u00ebr kontributin e tij.<\/span><\/p>\n","protected":false,"gt_translate_keys":[{"key":"rendered","format":"html"}]},"excerpt":{"rendered":"<p>Ilir Alimehmeti ka k\u00ebrkuar q\u00eb procesi i analiz\u00ebs pas zgjedhjeve t\u00eb 11 majit n\u00eb Partin\u00eb Demokratike t\u00eb shoq\u00ebrohet me nj\u00eb riformatim t\u00eb plot\u00eb t\u00eb forumeve dhe pozicioneve drejtuese brenda partis\u00eb. N\u00eb nj\u00eb intervist\u00eb p\u00ebr RTSH, ai theksoi se, ndon\u00ebse mandati i lidershipit aktual p\u00ebrfundon n\u00eb vitin 2026, ndryshimet nuk duhet t\u00eb shihen si tabu dhe [&hellip;]<\/p>\n","protected":false,"gt_translate_keys":[{"key":"rendered","format":"html"}]},"author":32,"featured_media":743992,"comment_status":"closed","ping_status":"open","sticky":false,"template":"","format":"standard","meta":{"footnotes":""},"categories":[65],"tags":[],"class_list":["post-753928","post","type-post","status-publish","format-standard","has-post-thumbnail","hentry","category-lajme"],"gt_translate_keys":[{"key":"link","format":"url"}],"_links":{"self":[{"href":"https:\/\/www.hashtag.al\/index.php\/wp-json\/wp\/v2\/posts\/753928","targetHints":{"allow":["GET"]}}],"collection":[{"href":"https:\/\/www.hashtag.al\/index.php\/wp-json\/wp\/v2\/posts"}],"about":[{"href":"https:\/\/www.hashtag.al\/index.php\/wp-json\/wp\/v2\/types\/post"}],"author":[{"embeddable":true,"href":"https:\/\/www.hashtag.al\/index.php\/wp-json\/wp\/v2\/users\/32"}],"replies":[{"embeddable":true,"href":"https:\/\/www.hashtag.al\/index.php\/wp-json\/wp\/v2\/comments?post=753928"}],"version-history":[{"count":99999,"href":"https:\/\/www.hashtag.al\/index.php\/wp-json\/wp\/v2\/posts\/753928\/revisions"}],"predecessor-version":[{"id":753929,"href":"https:\/\/www.hashtag.al\/index.php\/wp-json\/wp\/v2\/posts\/753928\/revisions\/753929"}],"wp:featuredmedia":[{"embeddable":true,"href":"https:\/\/www.hashtag.al\/index.php\/wp-json\/wp\/v2\/media\/743992"}],"wp:attachment":[{"href":"https:\/\/www.hashtag.al\/index.php\/wp-json\/wp\/v2\/media?parent=753928"}],"wp:term":[{"taxonomy":"category","embeddable":true,"href":"https:\/\/www.hashtag.al\/index.php\/wp-json\/wp\/v2\/categories?post=753928"},{"taxonomy":"post_tag","embeddable":true,"href":"https:\/\/www.hashtag.al\/index.php\/wp-json\/wp\/v2\/tags?post=753928"}],"curies":[{"name":"wp","href":"https:\/\/api.w.org\/{rel}","templated":true}]}}